{"id":891956,"date":"2026-03-24T02:21:04","date_gmt":"2026-03-24T02:21:04","guid":{"rendered":"https:\/\/www.europesays.com\/de\/891956\/"},"modified":"2026-03-24T02:21:04","modified_gmt":"2026-03-24T02:21:04","slug":"raedersatz-bei-autohandel-gestohlen-nw-de","status":"publish","type":"post","link":"https:\/\/www.europesays.com\/de\/891956\/","title":{"rendered":"R\u00e4dersatz bei Autohandel gestohlen | nw.de"},"content":{"rendered":"<p id=\"absatz1\" class=\"em_text\">Bielefeld (ots) &#8211; <br \/>MK \/ Bielefeld &#8211; Windelsbleiche &#8211; An der Windelsbleicher Stra\u00dfe haben Unbekannte in der Nacht zu Freitag, 20.03.2026, den kompletten Radsatz eines 5er BMW XDrive gestohlen.<\/p>\n<p id=\"absatz2\" class=\"em_text\">Zwischen Donnerstag, 19.03.2026, kurz vor Mitternacht und Freitag, gegen 11:00 Uhr, erschienen Diebe auf dem Verkaufsgel\u00e4nde eines Autoh\u00e4ndlers in N\u00e4he der Einm\u00fcndung der Friedhofstra\u00dfe. Sie demontierten die schwarzen Alpina Felgen des 5er BMW-Kombi. Dabei stellten sie den Pkw auf Pflastersteine und schoben einen Autoreifen unter den BMW. Ein Verantwortlicher des Autohandels erw\u00e4hnte bei der Anzeigenerstattung, dass die Steine und der Autoreifen nicht zu dem Betrieb geh\u00f6ren w\u00fcrden.<\/p>\n<p id=\"absatz4\" class=\"em_text\">Die Polizei bittet um Hinweise an:<\/p>\n<p id=\"absatz5\" class=\"em_text\">Polizeipr\u00e4sidium Bielefeld \/ Kriminalkommissariat 13 \/ 0521\/545-0<\/p>\n<p id=\"absatz6\" class=\"em_text\">Quelle: <a href=\"https:\/\/www.presseportal.de\/blaulicht\/pm\/12522\/6241369\" rel=\"nofollow noopener\" target=\"_blank\">https:\/\/www.presseportal.de\/blaulicht\/pm\/12522\/6241369<\/a><\/p>\n","protected":false},"excerpt":{"rendered":"Bielefeld (ots) &#8211; MK \/ Bielefeld &#8211; Windelsbleiche &#8211; An der Windelsbleicher Stra\u00dfe haben Unbekannte in der Nacht&hellip;\n","protected":false},"author":2,"featured_media":215667,"comment_status":"","ping_status":"","sticky":false,"template":"","format":"standard","meta":{"footnotes":"","_share_on_mastodon":"0"},"categories":[1841],"tags":[44880,1605,374,3364,29,30,177,1209,176,121,196085,196084,20035,67981],"class_list":["post-891956","post","type-post","status-publish","format-standard","has-post-thumbnail","category-bielefeld","tag-autohandel","tag-bielefeld","tag-bmw","tag-de","tag-deutschland","tag-germany","tag-kriminalitt","tag-nordrhein-westfalen","tag-nrw","tag-polizei","tag-rdersatz","tag-radsatz","tag-serie_polizeibericht","tag-windelsbleiche"],"share_on_mastodon":{"url":"","error":""},"_links":{"self":[{"href":"https:\/\/www.europesays.com\/de\/wp-json\/wp\/v2\/posts\/891956","targetHints":{"allow":["GET"]}}],"collection":[{"href":"https:\/\/www.europesays.com\/de\/wp-json\/wp\/v2\/posts"}],"about":[{"href":"https:\/\/www.europesays.com\/de\/wp-json\/wp\/v2\/types\/post"}],"author":[{"embeddable":true,"href":"https:\/\/www.europesays.com\/de\/wp-json\/wp\/v2\/users\/2"}],"replies":[{"embeddable":true,"href":"https:\/\/www.europesays.com\/de\/wp-json\/wp\/v2\/comments?post=891956"}],"version-history":[{"count":0,"href":"https:\/\/www.europesays.com\/de\/wp-json\/wp\/v2\/posts\/891956\/revisions"}],"wp:featuredmedia":[{"embeddable":true,"href":"https:\/\/www.europesays.com\/de\/wp-json\/wp\/v2\/media\/215667"}],"wp:attachment":[{"href":"https:\/\/www.europesays.com\/de\/wp-json\/wp\/v2\/media?parent=891956"}],"wp:term":[{"taxonomy":"category","embeddable":true,"href":"https:\/\/www.europesays.com\/de\/wp-json\/wp\/v2\/categories?post=891956"},{"taxonomy":"post_tag","embeddable":true,"href":"https:\/\/www.europesays.com\/de\/wp-json\/wp\/v2\/tags?post=891956"}],"curies":[{"name":"wp","href":"https:\/\/api.w.org\/{rel}","templated":true}]}}