{"id":892132,"date":"2026-03-24T03:58:20","date_gmt":"2026-03-24T03:58:20","guid":{"rendered":"https:\/\/www.europesays.com\/de\/892132\/"},"modified":"2026-03-24T03:58:20","modified_gmt":"2026-03-24T03:58:20","slug":"bei-pleite-in-ulm-bonn-zerlegt-sich-selbst-auf-der-bank-sportmix","status":"publish","type":"post","link":"https:\/\/www.europesays.com\/de\/892132\/","title":{"rendered":"Bei Pleite in Ulm : Bonn zerlegt sich selbst auf der Bank | Sportmix"},"content":{"rendered":"<p><a class=\"skip-content skip-content--link\" href=\"#in-content-skip-link-target-v-0-0\">TTS-Player \u00fcberspringen\u21b5<\/a><a id=\"in-content-skip-link-target-v-0-0\" class=\"skip-content--target-link-hidden skip-content skip-content--target-link\" href=\"#in-content-skip-link-target-v-0-0\">Artikel weiterlesen<\/a><\/p>\n<p><b>Verfolger-Duell am Montag in der <\/b><a href=\"https:\/\/sportbild.bild.de\/sportmix\/basketball\/basketball\/home-44119656.sport.html\" class=\"text-link\" rel=\"nofollow noopener\" target=\"_blank\"><b>BBL<\/b><\/a><b>: Der Sechste Ulm hat Bonn (3.) zu Gast. Und die G\u00e4ste verlieren die Punkte und die zeitweise Nerven. <\/b><\/p>\n<p>Das Hinspiel hatte Bonn mit 81:79 gewonnen. Doch die G\u00e4ste verlieren nicht nur das hei\u00dfe Duell, sondern mit der 77:84-Niederlage auch den direkten Vergleich.<\/p>\n<p><img decoding=\"async\" width=\"992\" height=\"558\" alt=\"Die Bonner Alijah Comithier (mit Stirnband) und Tylan Birts im direkten Duell\" src=\"https:\/\/www.europesays.com\/de\/wp-content\/uploads\/2026\/03\/e9e8220870f0935c3bc15a507111ed3c,200e001d.jpeg\"   class=\"landscape\" loading=\"lazy\"\/><\/p>\n<p class=\"fig__caption__text\">Die Bonner Alijah Comithier (mit Stirnband) und Tylan Birts im direkten Duell <\/p>\n<p>Foto: Dyn<\/p>\n<p>Dabei bringen sie mit ihrer harten Defense die Ulmer lange zur Verzweiflung. Die Bonner packen lange konsequent zu &#8211; sogar auf der eigenen Bank! Kurz vor Ende des zweiten Viertels: Der verletzte Tylan Birts, der ein paar Meter neben der Bank sitzt, hat genug gesehen, st\u00fcrmt im Timeout auf Teamkollege Alijah Comithier zu, textet ihn zu. Der z\u00f6gert kurz, dann hat er genug geh\u00f6rt und packt Birts an den Armen. Dr\u00e4ngt und schubst ihn zur\u00fcck zu den Ersatzspielern. Die Teamkollegen schauen \u00fcberrascht zu, greifen aber nicht ein. Birts p\u00f6belt weiter, muss von anderen Teamkollegen festgehalten werden. Gibt dann irgendwann Ruhe.<\/p>\n<p>Bei Pleite im Ulm: Bonn zerlegt sich selbst auf der Bank<\/p>\n<p>Bonns Sportdirektor Savo Milovic in der Halbzeit am Dyn-Mikro: \u201eTy ist der gro\u00dfe Papa von allen. Und manchmal sagt er Sachen, die man nicht h\u00f6ren m\u00f6chte. Er hat ihm gesagt: Man kann nicht \u00fcber den Court gehen, sondern muss sprinten.\u201c Das wollte Comithier aber nicht h\u00f6ren, packte sich Birts und parkte ihn wieder bei den anderen Ersatzspielern &#8230;<\/p>\n<p><a class=\"article-image__anchor\" href=\"https:\/\/www.dyn.sport\/sport_basketball\" target=\"_blank\" rel=\"noopener nofollow\"><img decoding=\"async\" width=\"992\" height=\"84\" alt=\"\" src=\"https:\/\/www.europesays.com\/de\/wp-content\/uploads\/2026\/03\/2489bbbe5516505166b883e20652ab37,5c60ec71.png\"   class=\"dynamic\" loading=\"lazy\"\/><\/a><\/p>\n<p>Foto: BILD<\/p>\n<p>Zum Spiel: St\u00e4ndige F\u00fchrungswechsel in der ersten H\u00e4lfte. Mitte des dritten Viertels (25.) gelingt es den Ulmern, sich mit sechs Punkten ein wenig abzusetzen (50:44). Doch zehn schnelle Bonner Punkte von Jeff Garrett und Joel Aminu drehen das Spiel noch vorm Ende des dritten Viertels f\u00fcr die G\u00e4ste (61:58). Und f\u00fcnf Minuten vorm Ende f\u00fchrt Bonn nach einem Kessens Korbleger erstmals mit acht (70:62). Das k\u00f6nnte reichen. Tut es aber nicht. Weil Ulm zw\u00f6lf (!) Punkte in Folge macht, 74:72 (38.). Da helfen auch zwei Bonner Timeouts nicht. Am Ende rettet sich Ulm mit 82:77 ins Ziel, weil sie von der Freiwurflinie die Nerven behalten und Bonn sich in der Endphase zu viele Ballverluste leistet. Und gewinnt damit auch den direkten Vergleich.<\/p>\n<p>Ulms Topscorer Justin Simon nach dem Spiel bei Dyn: \u201eEs sah nicht immer gut aus, aber wir haben einen Weg gefunden. Nur der Sieg z\u00e4hlt, vor allem mit dem Blick auf die Tabelle.\u201c Bonns Jeff Garrett ein wenig angefressen: \u201eWir haben ein wenig den Fu\u00df vom Gas genommen. Und trotzdem glaube ich, dass wir das bessere Team sind.\u201c <\/p>\n<p>Beste Spieler: Justin Simon (Ulm\/ 16 Punkte), Jeff Garrett (Bonn\/ 23 Punkte). <\/p>\n","protected":false},"excerpt":{"rendered":"TTS-Player \u00fcberspringen\u21b5Artikel weiterlesen Verfolger-Duell am Montag in der BBL: Der Sechste Ulm hat Bonn (3.) zu Gast. Und&hellip;\n","protected":false},"author":2,"featured_media":892133,"comment_status":"","ping_status":"","sticky":false,"template":"","format":"standard","meta":{"footnotes":"","_share_on_mastodon":"0"},"categories":[1842],"tags":[16204,2493,2472,1741,9954,3364,29,5841,30,5845,9662,1209,40888,1470,819,45],"class_list":["post-892132","post","type-post","status-publish","format-standard","has-post-thumbnail","category-bonn","tag-telekom-baskets-bonn","tag-basketball","tag-bbl","tag-bonn","tag-dbb","tag-de","tag-deutschland","tag-dyn-basketball","tag-germany","tag-knaack-oliver","tag-no-sport-app","tag-nordrhein-westfalen","tag-ratiopharm-ulm","tag-sport-leuchtturm-muenchen","tag-sport-leuchtturm-essen","tag-texttospeech"],"share_on_mastodon":{"url":"https:\/\/pubeurope.com\/@de\/116282150544939849","error":""},"_links":{"self":[{"href":"https:\/\/www.europesays.com\/de\/wp-json\/wp\/v2\/posts\/892132","targetHints":{"allow":["GET"]}}],"collection":[{"href":"https:\/\/www.europesays.com\/de\/wp-json\/wp\/v2\/posts"}],"about":[{"href":"https:\/\/www.europesays.com\/de\/wp-json\/wp\/v2\/types\/post"}],"author":[{"embeddable":true,"href":"https:\/\/www.europesays.com\/de\/wp-json\/wp\/v2\/users\/2"}],"replies":[{"embeddable":true,"href":"https:\/\/www.europesays.com\/de\/wp-json\/wp\/v2\/comments?post=892132"}],"version-history":[{"count":0,"href":"https:\/\/www.europesays.com\/de\/wp-json\/wp\/v2\/posts\/892132\/revisions"}],"wp:featuredmedia":[{"embeddable":true,"href":"https:\/\/www.europesays.com\/de\/wp-json\/wp\/v2\/media\/892133"}],"wp:attachment":[{"href":"https:\/\/www.europesays.com\/de\/wp-json\/wp\/v2\/media?parent=892132"}],"wp:term":[{"taxonomy":"category","embeddable":true,"href":"https:\/\/www.europesays.com\/de\/wp-json\/wp\/v2\/categories?post=892132"},{"taxonomy":"post_tag","embeddable":true,"href":"https:\/\/www.europesays.com\/de\/wp-json\/wp\/v2\/tags?post=892132"}],"curies":[{"name":"wp","href":"https:\/\/api.w.org\/{rel}","templated":true}]}}