{"id":892316,"date":"2026-03-24T05:46:15","date_gmt":"2026-03-24T05:46:15","guid":{"rendered":"https:\/\/www.europesays.com\/de\/892316\/"},"modified":"2026-03-24T05:46:15","modified_gmt":"2026-03-24T05:46:15","slug":"unfall-zwischen-koeln-muelheim-und-leverkusen-behinderungen-auf-a-3","status":"publish","type":"post","link":"https:\/\/www.europesays.com\/de\/892316\/","title":{"rendered":"Unfall zwischen K\u00f6ln-M\u00fclheim und Leverkusen &#8211; Behinderungen auf A 3"},"content":{"rendered":"<p class=\"small date article__date\">Ver\u00f6ffentlicht:\u00a0Dienstag, 24.03.2026 06:20<\/p>\n<p>Auf der A 3 zwischen K\u00f6ln-M\u00fclheim und dem Kreuz Leverkusen hat es am fr\u00fchen Dienstagmorgen einen Unfall gegeben, der die Einsatzkr\u00e4fte auch im Berufsverkehr noch besch\u00e4ftigt. Und die Pendler Richtung Oberhausen stehen im kilometerlangen Stau.  <\/p>\n<p><img decoding=\"async\" alt=\"\" src=\"https:\/\/www.europesays.com\/de\/wp-content\/uploads\/2026\/03\/themenbild-stau-05---quelle-adac-nordrhein---johannes-giewald.jpg&#038;crop=0x184x4928x3080&#038;resize=1279x7.jpeg\" data-size=\"1279x799\"\/>\u00a9 ADAC Nordrhein, Johannes Giewald<\/p>\n<p>Bei dem Zusammensto\u00df zweier Autos waren Betriebsstoffe ausgelaufen, die aktuell noch von der Stra\u00dfe geholt werden m\u00fcssen. Deshalb ist in dem Bereich derzeit noch eine Spur dicht, es k\u00f6nnten kurzzeitig aber nochmals weitere Spuren gesperrt werden, um alles restlos zu s\u00e4ubern, sagte uns die Autobahnpolizei. Zwei Autos waren gegen 4 Uhr in Fahrtrichtung Oberhausen zusammengesto\u00dfen, zwei Menschen wurden dabei leicht verletzt.\u00a0<\/p>\n","protected":false},"excerpt":{"rendered":"Ver\u00f6ffentlicht:\u00a0Dienstag, 24.03.2026 06:20 Auf der A 3 zwischen K\u00f6ln-M\u00fclheim und dem Kreuz Leverkusen hat es am fr\u00fchen Dienstagmorgen&hellip;\n","protected":false},"author":2,"featured_media":892317,"comment_status":"","ping_status":"","sticky":false,"template":"","format":"standard","meta":{"footnotes":"","_share_on_mastodon":"0"},"categories":[1828],"tags":[196138,7036,26029,29,30,1420,1209,5716],"class_list":["post-892316","post","type-post","status-publish","format-standard","has-post-thumbnail","category-koeln","tag-kln-mlheim","tag-kreuz-leverkusen","tag-a3","tag-deutschland","tag-germany","tag-koeln","tag-nordrhein-westfalen","tag-stau"],"share_on_mastodon":{"url":"https:\/\/pubeurope.com\/@de\/116282575290002040","error":""},"_links":{"self":[{"href":"https:\/\/www.europesays.com\/de\/wp-json\/wp\/v2\/posts\/892316","targetHints":{"allow":["GET"]}}],"collection":[{"href":"https:\/\/www.europesays.com\/de\/wp-json\/wp\/v2\/posts"}],"about":[{"href":"https:\/\/www.europesays.com\/de\/wp-json\/wp\/v2\/types\/post"}],"author":[{"embeddable":true,"href":"https:\/\/www.europesays.com\/de\/wp-json\/wp\/v2\/users\/2"}],"replies":[{"embeddable":true,"href":"https:\/\/www.europesays.com\/de\/wp-json\/wp\/v2\/comments?post=892316"}],"version-history":[{"count":0,"href":"https:\/\/www.europesays.com\/de\/wp-json\/wp\/v2\/posts\/892316\/revisions"}],"wp:featuredmedia":[{"embeddable":true,"href":"https:\/\/www.europesays.com\/de\/wp-json\/wp\/v2\/media\/892317"}],"wp:attachment":[{"href":"https:\/\/www.europesays.com\/de\/wp-json\/wp\/v2\/media?parent=892316"}],"wp:term":[{"taxonomy":"category","embeddable":true,"href":"https:\/\/www.europesays.com\/de\/wp-json\/wp\/v2\/categories?post=892316"},{"taxonomy":"post_tag","embeddable":true,"href":"https:\/\/www.europesays.com\/de\/wp-json\/wp\/v2\/tags?post=892316"}],"curies":[{"name":"wp","href":"https:\/\/api.w.org\/{rel}","templated":true}]}}