{"id":892369,"date":"2026-03-24T06:18:14","date_gmt":"2026-03-24T06:18:14","guid":{"rendered":"https:\/\/www.europesays.com\/de\/892369\/"},"modified":"2026-03-24T06:18:14","modified_gmt":"2026-03-24T06:18:14","slug":"borussia-moenchengladbach-haris-tabakovic-kaempft-um-seinen-wm-traum-sport","status":"publish","type":"post","link":"https:\/\/www.europesays.com\/de\/892369\/","title":{"rendered":"Borussia M\u00f6nchengladbach: Haris Tabakovic k\u00e4mpft um seinen WM-Traum | Sport"},"content":{"rendered":"<p><a class=\"skip-content skip-content--link\" href=\"#in-content-skip-link-target-v-0-0\">TTS-Player \u00fcberspringen\u21b5<\/a><a id=\"in-content-skip-link-target-v-0-0\" class=\"skip-content--target-link-hidden skip-content skip-content--target-link\" href=\"#in-content-skip-link-target-v-0-0\">Artikel weiterlesen<\/a><\/p>\n<p><b>F\u00fcr Gladbachs Top-Torj\u00e4ger Haris Tabakovic (31) steht am Donnerstag (20.45 Uhr) ein ganz besonderer Termin an: Im Halbfinale der WM-Play-offs muss der St\u00fcrmer mit Bosnien-Herzegowina in Cardiff gegen Wales ran. Der Sieger spielt dann n\u00e4chsten Dienstag gegen den Gewinner der Partie Italien gegen Nordirland um das WM-Ticket. Tabakovic k\u00e4mpft um seinen WM-Traum!<\/b><\/p>\n<p>Tabakovic, f\u00fcr den es mit 31 Jahren wohl die letzte M\u00f6glichkeit ist, bei dem bedeutendsten Fu\u00dfball-Turnier \u00fcberhaupt dabei zu sein,\u00a0 zu BILD: \u201eDie WM-Teilnahme ist ein gro\u00dfer Traum f\u00fcr mich, ich denke f\u00fcr uns alle. Ich glaube, es gibt bei uns auch einige im fortgeschrittenen Alter, die vielleicht nie wieder die Chance haben werden, an einer WM teilnehmen zu k\u00f6nnen. Deshalb m\u00f6chte ich einfach mein Maximum dazugeben, dass wir dieses Ziel schaffen.\u201c Im bosnischen Nationalteam bildet Tabakovic gemeinsam mit dem routinierten Topstar Edin Dzeko (40, st\u00fcrmt mittlerweile f\u00fcr Schalke in der 2. Liga) den Doppel-Sturm. Wie sch\u00e4tzt Tabakovic Bosniens Chancen auf das Weiterkommen in Wales ein? Der <a href=\"https:\/\/www.bild.de\/sport\/fussball\/borussia-moenchengladbach\/startseite-borussia-moenchengladbach-31074418.bild.html\" class=\"text-link\" rel=\"nofollow noopener\" target=\"_blank\">Gladbach<\/a>-St\u00fcrmer (schon elf Saisontore in der <a href=\"https:\/\/www.bild.de\/sport\/fussball\/bundesliga\/bundesliga-startseite-52368768.bild.html\" class=\"text-link\" rel=\"nofollow noopener\" target=\"_blank\">Bundesliga<\/a> f\u00fcr die Fohlen): \u201eIch freue mich sehr auf diese Spiele, es geht um alles. Ich denke, wir tun gut daran, wenn wir gar nicht gro\u00df dar\u00fcber nachdenken, was uns im zweiten Spiel erwartet. Es geht klar darum, dieses erste, schwere Spiel in Wales zu gewinnen! Es wird definitiv ein sehr physisches Spiel. Und auf das m\u00fcssen wir vorbereitet sein.\u201c<\/p>\n<p>Das Finale w\u00e4re ein Heimspiel in Bosnien<\/p>\n<p>Sollte sich Bosnien in Wales durchsetzen, w\u00fcrde es wohl zu einem Duell mit Italien (klarer Favorit gegen Nordirland) kommen \u2013 die nach zwei verpassten Weltmeisterschaften unbedingt die Qualifikation schaffen wollen. Tabakovic setzt dann aber auf den \u201e12. Mann\u201c: \u201eBeim zweiten Spiel zu Hause in Bosnien, da ist dann alles m\u00f6glich. Mit unseren Fans im R\u00fccken, in unserem Stadion, sehe ich definitiv unsere Chancen.\u201c Damit sein WM-Traum wahr wird, muss aber am Donnerstag erst einmal ein Sieg in Wales her\u00a0\u2026<\/p>\n","protected":false},"excerpt":{"rendered":"TTS-Player \u00fcberspringen\u21b5Artikel weiterlesen F\u00fcr Gladbachs Top-Torj\u00e4ger Haris Tabakovic (31) steht am Donnerstag (20.45 Uhr) ein ganz besonderer Termin&hellip;\n","protected":false},"author":2,"featured_media":892370,"comment_status":"","ping_status":"","sticky":false,"template":"","format":"standard","meta":{"footnotes":"","_share_on_mastodon":"0"},"categories":[1849],"tags":[815,3364,29,538,548,663,3934,38029,30,13,355,4455,14,196150,15,1209,12,819,114292,45],"class_list":["post-892369","post","type-post","status-publish","format-standard","has-post-thumbnail","category-moenchengladbach","tag-borussia-moenchengladbach","tag-de","tag-deutschland","tag-erste-bundesliga","tag-eu","tag-europa","tag-europe","tag-fussball-wm-2026","tag-germany","tag-headlines","tag-italien","tag-moenchengladbach","tag-nachrichten","tag-nationalmannschaft-wales","tag-news","tag-nordrhein-westfalen","tag-schlagzeilen","tag-sport-leuchtturm-essen","tag-tabakovic-haris","tag-texttospeech"],"share_on_mastodon":{"url":"https:\/\/pubeurope.com\/@de\/116282701062365164","error":""},"_links":{"self":[{"href":"https:\/\/www.europesays.com\/de\/wp-json\/wp\/v2\/posts\/892369","targetHints":{"allow":["GET"]}}],"collection":[{"href":"https:\/\/www.europesays.com\/de\/wp-json\/wp\/v2\/posts"}],"about":[{"href":"https:\/\/www.europesays.com\/de\/wp-json\/wp\/v2\/types\/post"}],"author":[{"embeddable":true,"href":"https:\/\/www.europesays.com\/de\/wp-json\/wp\/v2\/users\/2"}],"replies":[{"embeddable":true,"href":"https:\/\/www.europesays.com\/de\/wp-json\/wp\/v2\/comments?post=892369"}],"version-history":[{"count":0,"href":"https:\/\/www.europesays.com\/de\/wp-json\/wp\/v2\/posts\/892369\/revisions"}],"wp:featuredmedia":[{"embeddable":true,"href":"https:\/\/www.europesays.com\/de\/wp-json\/wp\/v2\/media\/892370"}],"wp:attachment":[{"href":"https:\/\/www.europesays.com\/de\/wp-json\/wp\/v2\/media?parent=892369"}],"wp:term":[{"taxonomy":"category","embeddable":true,"href":"https:\/\/www.europesays.com\/de\/wp-json\/wp\/v2\/categories?post=892369"},{"taxonomy":"post_tag","embeddable":true,"href":"https:\/\/www.europesays.com\/de\/wp-json\/wp\/v2\/tags?post=892369"}],"curies":[{"name":"wp","href":"https:\/\/api.w.org\/{rel}","templated":true}]}}