{"id":89237,"date":"2025-05-06T15:07:11","date_gmt":"2025-05-06T15:07:11","guid":{"rendered":"https:\/\/www.europesays.com\/de\/89237\/"},"modified":"2025-05-06T15:07:11","modified_gmt":"2025-05-06T15:07:11","slug":"kinderparadies-startet-in-die-saison-ludwigshafen","status":"publish","type":"post","link":"https:\/\/www.europesays.com\/de\/89237\/","title":{"rendered":"Kinderparadies startet in die Saison &#8211; Ludwigshafen"},"content":{"rendered":"<p><b\/>Das Kinderparadies im Friedenspark startet in die Saison und \u00f6ffnet am Mittwoch, 13. Mai, wieder regul\u00e4r seine T\u00fcr zu den Spielfl\u00e4chen. Wie die Ludwigshafener Kongress- und Marketing-Gesellschaft mitteilt, ist das Kinderparadies dann mittwochs bis freitags von 10 bis 19 Uhr sowie an Samstagen, Sonntagen und Feiertagen von 11 bis 19 Uhr ge\u00f6ffnet. Montags und dienstags bleibt es  geschlossen. Die Wasserspielfl\u00e4che sei  noch au\u00dfer Betrieb, Grillplatz- oder Raum-Anmietungen seien  aktuell nicht m\u00f6glich, hei\u00dft es weiter.<\/p>\n","protected":false},"excerpt":{"rendered":"Das Kinderparadies im Friedenspark startet in die Saison und \u00f6ffnet am Mittwoch, 13. Mai, wieder regul\u00e4r seine T\u00fcr&hellip;\n","protected":false},"author":2,"featured_media":89238,"comment_status":"","ping_status":"","sticky":false,"template":"","format":"standard","meta":{"footnotes":"","_share_on_mastodon":"0"},"categories":[1845],"tags":[1634,3364,29,548,663,3934,30,13,36959,4060,25476,2096,14,15,12],"class_list":["post-89237","post","type-post","status-publish","format-standard","has-post-thumbnail","category-mannheim","tag-baden-wuerttemberg","tag-de","tag-deutschland","tag-eu","tag-europa","tag-europe","tag-germany","tag-headlines","tag-kinderparadies","tag-lokal","tag-ludwigshafen","tag-mannheim","tag-nachrichten","tag-news","tag-schlagzeilen"],"share_on_mastodon":{"url":"https:\/\/pubeurope.com\/@de\/114461517026937422","error":""},"_links":{"self":[{"href":"https:\/\/www.europesays.com\/de\/wp-json\/wp\/v2\/posts\/89237","targetHints":{"allow":["GET"]}}],"collection":[{"href":"https:\/\/www.europesays.com\/de\/wp-json\/wp\/v2\/posts"}],"about":[{"href":"https:\/\/www.europesays.com\/de\/wp-json\/wp\/v2\/types\/post"}],"author":[{"embeddable":true,"href":"https:\/\/www.europesays.com\/de\/wp-json\/wp\/v2\/users\/2"}],"replies":[{"embeddable":true,"href":"https:\/\/www.europesays.com\/de\/wp-json\/wp\/v2\/comments?post=89237"}],"version-history":[{"count":0,"href":"https:\/\/www.europesays.com\/de\/wp-json\/wp\/v2\/posts\/89237\/revisions"}],"wp:featuredmedia":[{"embeddable":true,"href":"https:\/\/www.europesays.com\/de\/wp-json\/wp\/v2\/media\/89238"}],"wp:attachment":[{"href":"https:\/\/www.europesays.com\/de\/wp-json\/wp\/v2\/media?parent=89237"}],"wp:term":[{"taxonomy":"category","embeddable":true,"href":"https:\/\/www.europesays.com\/de\/wp-json\/wp\/v2\/categories?post=89237"},{"taxonomy":"post_tag","embeddable":true,"href":"https:\/\/www.europesays.com\/de\/wp-json\/wp\/v2\/tags?post=89237"}],"curies":[{"name":"wp","href":"https:\/\/api.w.org\/{rel}","templated":true}]}}