{"id":892430,"date":"2026-03-24T06:56:16","date_gmt":"2026-03-24T06:56:16","guid":{"rendered":"https:\/\/www.europesays.com\/de\/892430\/"},"modified":"2026-03-24T06:56:16","modified_gmt":"2026-03-24T06:56:16","slug":"wetterumschwung-mit-sturm-regen-und-fallenden-temperaturen","status":"publish","type":"post","link":"https:\/\/www.europesays.com\/de\/892430\/","title":{"rendered":"Wetterumschwung mit Sturm, Regen und fallenden Temperaturen"},"content":{"rendered":"<p>DWD warnt <\/p>\n<p>B\u00f6en, Regen, K\u00e4lte \u2013 Dresden erwartet Wetterumschwung<\/p>\n<p>24.03.2026 &#8211; 07:19 UhrLesedauer: 1 Min.<\/p>\n<p><a href=\"#focus-0\" class=\"transition-colors duration-200 block text-current relative\" data-sctrack=\"FocusGalleryImage.Reference\"><img fetchpriority=\"high\" data-testid=\"Opener.Image\" style=\"--lqipURL:url('https:\/\/images.t-online.de\/2026\/03\/O-ihrPqV5pxL\/0x75:800x450\/fit-in\/150x0\/filters:blur(25)\/dunkle-wolken-ziehen-am-mittag-bei-wind-ueber-die-frauenkirche-hinweg-archivbild-in-sachsen-steht-zur-wochenmitte-ein-wetterumschwung-bevor.jpg')\"   loading=\"eager\" src=\"https:\/\/www.europesays.com\/de\/wp-content\/uploads\/2026\/03\/dunkle-wolken-ziehen-am-mittag-bei-wind-ueber-die-frauenkirche-hinweg-archivbild-in-sachsen-steht-zu.jpeg\" alt=\"Dunkle Wolken ziehen am Mittag bei Wind \u00fcber die Frauenkirche hinweg (Archivbild): In Sachsen steht zur Wochenmitte ein Wetterumschwung bevor.\" title=\"Dunkle Wolken ziehen am Mittag bei Wind \u00fcber die Frauenkirche hinweg (Archivbild): In Sachsen steht zur Wochenmitte ein Wetterumschwung bevor.\" width=\"800\" height=\"450\" class=\"bg-[url:var(--lqipURL)] bg-cover bg-center flex h-full w-full max-w-full\" decoding=\"async\"\/><img style=\"--width:32;--height:32\" loading=\"lazy\" src=\"https:\/\/dresden.t-online.de\/s\/paper\/_next\/static\/media\/zoom-in.f7dae02f.svg\" alt=\"Vergr\u00f6\u00dfern des Bildes\" title=\"Vergr\u00f6\u00dfern des Bildes\" class=\"block h-[calc(var(--height)_\/_16_*_1rem)] w-[calc(var(--width)_\/_16_*_1rem)] max-w-none absolute bottom-8 right-8 rounded-4 bg-snow p-8\" decoding=\"async\"\/><\/a><\/p>\n<p>Dunkle Wolken ziehen am Mittag bei Wind \u00fcber die Frauenkirche hinweg (Archivbild): In Sachsen steht zur Wochenmitte ein Wetterumschwung bevor. (Quelle: Robert Michael\/dpa)<\/p>\n<p class=\"font-bold text-18 leading-17 user-text-lg:text-22 user-text-xl:text-24\">Sachsen und Dresden starten mit mildem Wetter in die Woche \u2013 doch das t\u00e4uscht. Ab Mittwoch zieht ein kr\u00e4ftiger Wetterumschwung auf.<\/p>\n<p class=\"text-18 leading-17 user-text-lg:text-22 user-text-xl:text-24\">Der Dienstag pr\u00e4sentiert sich in Dresden und Sachsen beim Wetter noch heiter und mild \u2013 doch das ist tr\u00fcgerisch. Ab der Nacht zum Mittwoch k\u00fcndigt der Deutsche Wetterdienst (DWD) einen sp\u00fcrbaren Wetterumschwung an.<\/p>\n<p class=\"text-18 leading-17 user-text-lg:text-22 user-text-xl:text-24\">Zun\u00e4chst genie\u00dft Dresden angenehme Temperaturen von 15 bis 18 Grad, im Erzgebirge zwischen zehn und 15 Grad. Aber bereits in der Nacht zum Mittwoch frischt der Wind deutlich auf.<\/p>\n<p class=\"text-18 leading-17 user-text-lg:text-22 user-text-xl:text-24\">Die Temperaturen fallen auf sechs bis zehn Grad, im Erzgebirge auf zwei bis f\u00fcnf Grad. Auf dem Fichtelberg sind laut DWD erste Sturmb\u00f6en m\u00f6glich.<\/p>\n<p class=\"text-18 leading-17 user-text-lg:text-22 user-text-xl:text-24\">Am Mittwochmittag setzt dann Regen ein, begleitet von kr\u00e4ftigem Wind. Gebietsweise sind Windb\u00f6en zu erwarten \u2013 in den Bergen und Kammlagen auch Sturm- oder schwere Sturmb\u00f6en. Im Laufe des Nachmittags l\u00e4sst der Wind allm\u00e4hlich nach. Die Temperaturen erreichen dann zw\u00f6lf bis 15 Grad, im Bergland sechs bis elf Grad.<\/p>\n","protected":false},"excerpt":{"rendered":"DWD warnt B\u00f6en, Regen, K\u00e4lte \u2013 Dresden erwartet Wetterumschwung 24.03.2026 &#8211; 07:19 UhrLesedauer: 1 Min. Dunkle Wolken ziehen&hellip;\n","protected":false},"author":2,"featured_media":892431,"comment_status":"","ping_status":"","sticky":false,"template":"","format":"standard","meta":{"footnotes":"","_share_on_mastodon":"0"},"categories":[1835],"tags":[722,3176,19636,3364,950,29,2386,4906,19404,30,25802,859,4887],"class_list":["post-892430","post","type-post","status-publish","format-standard","has-post-thumbnail","category-dresden","tag-722","tag-3176","tag-boee","tag-de","tag-deutscher-wetterdienst","tag-deutschland","tag-dresden","tag-dwd","tag-erzgebirge","tag-germany","tag-kaelte","tag-sachsen","tag-wetterumschwung"],"share_on_mastodon":{"url":"https:\/\/pubeurope.com\/@de\/116282850593684466","error":""},"_links":{"self":[{"href":"https:\/\/www.europesays.com\/de\/wp-json\/wp\/v2\/posts\/892430","targetHints":{"allow":["GET"]}}],"collection":[{"href":"https:\/\/www.europesays.com\/de\/wp-json\/wp\/v2\/posts"}],"about":[{"href":"https:\/\/www.europesays.com\/de\/wp-json\/wp\/v2\/types\/post"}],"author":[{"embeddable":true,"href":"https:\/\/www.europesays.com\/de\/wp-json\/wp\/v2\/users\/2"}],"replies":[{"embeddable":true,"href":"https:\/\/www.europesays.com\/de\/wp-json\/wp\/v2\/comments?post=892430"}],"version-history":[{"count":0,"href":"https:\/\/www.europesays.com\/de\/wp-json\/wp\/v2\/posts\/892430\/revisions"}],"wp:featuredmedia":[{"embeddable":true,"href":"https:\/\/www.europesays.com\/de\/wp-json\/wp\/v2\/media\/892431"}],"wp:attachment":[{"href":"https:\/\/www.europesays.com\/de\/wp-json\/wp\/v2\/media?parent=892430"}],"wp:term":[{"taxonomy":"category","embeddable":true,"href":"https:\/\/www.europesays.com\/de\/wp-json\/wp\/v2\/categories?post=892430"},{"taxonomy":"post_tag","embeddable":true,"href":"https:\/\/www.europesays.com\/de\/wp-json\/wp\/v2\/tags?post=892430"}],"curies":[{"name":"wp","href":"https:\/\/api.w.org\/{rel}","templated":true}]}}