{"id":89250,"date":"2025-05-06T15:14:08","date_gmt":"2025-05-06T15:14:08","guid":{"rendered":"https:\/\/www.europesays.com\/de\/89250\/"},"modified":"2025-05-06T15:14:08","modified_gmt":"2025-05-06T15:14:08","slug":"wuelfrath-chorgemeinschaft-feiert-125-jahre","status":"publish","type":"post","link":"https:\/\/www.europesays.com\/de\/89250\/","title":{"rendered":"W\u00fclfrath: Chorgemeinschaft feiert 125 Jahre"},"content":{"rendered":"<p class=\"text_ohne_einzug richtext text-em-55 !leading-serif mx-6 desktop:mx-0\"> F\u00fcr Traditionalisten wie Lothar Darkow ist es nicht immer einfach, mit dem Wandel der Zeit zu gehen. Vor allem dann nicht, wenn man stolze 87 Jahre alt ist und seit \u00fcber 60 Jahren Mitglied. Den Gro\u00dfteil seines Lebens hat Darkow in der Chorgemeinschaft verbracht. Er war Mitglied, als es noch ein reiner M\u00e4nnerchor (MGV Deutsche M\u00e4nner) war, fuhr 1971 mit seinen Sangesbr\u00fcdern als erste Delegation in die englische Partnerstadt Ware und feierte grandiose Silvesterb\u00e4lle, an die sich W\u00fclfrather bis heute voller Nostalgie erinnern. Lothar Darkow war dabei, als sich die Frauen 1974 ihren Platz im Verein suchten und unterm Dach des MGV einen Frauenchor etablierten. Auch seine Frau, Liselotte Darkow, sang mit, in jenem Verein, den \u00fcber 70 Jahre zuvor ihr eigener Gro\u00dfvater, Paul Kirchhoff, als Musikdirektor und Chorleiter im Jahr 1900 gegr\u00fcndet hatte.<\/p>\n","protected":false},"excerpt":{"rendered":"F\u00fcr Traditionalisten wie Lothar Darkow ist es nicht immer einfach, mit dem Wandel der Zeit zu gehen. Vor&hellip;\n","protected":false},"author":2,"featured_media":89251,"comment_status":"","ping_status":"","sticky":false,"template":"","format":"standard","meta":{"footnotes":"","_share_on_mastodon":"0"},"categories":[1840],"tags":[19701,25723,36966,25718,36968,36967,36969,36965,36960,3364,29,36963,25727,30,2989,6331,29513,5402,36964,36961,11073,13634,1209,36962,27167,4418,20050],"class_list":["post-89250","post","type-post","status-publish","format-standard","has-post-thumbnail","category-wuppertal","tag-chor","tag-chorgemeinschaft","tag-chorgeschichte","tag-chorleiter","tag-chorlieder","tag-chorliedern","tag-chormitglieder","tag-chorsnack","tag-darkow","tag-de","tag-deutschland","tag-frauenchor","tag-gemeinschaft","tag-germany","tag-geschichte","tag-lieder","tag-lothar","tag-maenner","tag-maennerchor","tag-mgv","tag-mitglied","tag-mitgliedschaft","tag-nordrhein-westfalen","tag-voices","tag-wuelfrath","tag-wuppertal","tag-young"],"share_on_mastodon":{"url":"https:\/\/pubeurope.com\/@de\/114461544652528962","error":""},"_links":{"self":[{"href":"https:\/\/www.europesays.com\/de\/wp-json\/wp\/v2\/posts\/89250","targetHints":{"allow":["GET"]}}],"collection":[{"href":"https:\/\/www.europesays.com\/de\/wp-json\/wp\/v2\/posts"}],"about":[{"href":"https:\/\/www.europesays.com\/de\/wp-json\/wp\/v2\/types\/post"}],"author":[{"embeddable":true,"href":"https:\/\/www.europesays.com\/de\/wp-json\/wp\/v2\/users\/2"}],"replies":[{"embeddable":true,"href":"https:\/\/www.europesays.com\/de\/wp-json\/wp\/v2\/comments?post=89250"}],"version-history":[{"count":0,"href":"https:\/\/www.europesays.com\/de\/wp-json\/wp\/v2\/posts\/89250\/revisions"}],"wp:featuredmedia":[{"embeddable":true,"href":"https:\/\/www.europesays.com\/de\/wp-json\/wp\/v2\/media\/89251"}],"wp:attachment":[{"href":"https:\/\/www.europesays.com\/de\/wp-json\/wp\/v2\/media?parent=89250"}],"wp:term":[{"taxonomy":"category","embeddable":true,"href":"https:\/\/www.europesays.com\/de\/wp-json\/wp\/v2\/categories?post=89250"},{"taxonomy":"post_tag","embeddable":true,"href":"https:\/\/www.europesays.com\/de\/wp-json\/wp\/v2\/tags?post=89250"}],"curies":[{"name":"wp","href":"https:\/\/api.w.org\/{rel}","templated":true}]}}