{"id":892831,"date":"2026-03-24T10:43:18","date_gmt":"2026-03-24T10:43:18","guid":{"rendered":"https:\/\/www.europesays.com\/de\/892831\/"},"modified":"2026-03-24T10:43:18","modified_gmt":"2026-03-24T10:43:18","slug":"frankreich-erwartet-zidanes-verpflichtung-als-nationalcoach","status":"publish","type":"post","link":"https:\/\/www.europesays.com\/de\/892831\/","title":{"rendered":"Frankreich erwartet Zidanes Verpflichtung als Nationalcoach"},"content":{"rendered":"<p>        <img decoding=\"async\" src=\"https:\/\/www.europesays.com\/de\/wp-content\/uploads\/2026\/03\/63670011591925620_BLD_Online.jpg\" data-fullscreen-src=\"https:\/\/www.noen.at\/image\/3840x0-jpg\/6278211\/63670011591925620_BLD_Online.jpg\" bad-src=\"https:\/\/www.europesays.com\/de\/wp-content\/uploads\/2026\/03\/63670011591925620_BLD_Online.jpg\" data-teaser-member=\"image\" alt=\"Zidane soll &quot;Les Bleus&quot; \u00fcbernehmen\"\/><\/p>\n<p>\n                Zidane soll &#8222;Les Bleus&#8220; \u00fcbernehmen            <\/p>\n<p>\n                Foto:<br \/>\n                APA\/Reuters\/dpa                            <\/p>\n<p>\n        <strong>D<\/strong>ie Verpflichtung von Zinedine Zidane als neuer franz\u00f6sischer Nationaltrainer nach der Weltmeisterschaft im Sommer soll Medienberichten zufolge beschlossene Sache sein. &#8222;Ja, ich kenne seinen Namen&#8220;, sagte Verbandsboss Philippe Diallo der Zeitung &#8222;Le Figaro&#8220; auf die Frage nach dem Nachfolger von Erfolgscoach Didier Deschamps. Dass es Zidane sein wird, ist in Frankreich ein offenes Geheimnis.    <\/p>\n<p>Der Abschied von Deschamps, mit dem Zidane zusammen 1998 den WM-Titel geholt hatte, steht bereits seit Anfang 2025 fest. Der fr\u00fchere Mittelfeldspieler hatte 2012 das Amt angetreten und die Equipe Tricolore 2018 zum WM-Titel und vier Jahre sp\u00e4ter ins WM-Finale gef\u00fchrt. Dazu erreichte Deschamps mit Frankreich 2016 das EM-Finale und gewann 2021 die Nations League.<\/p>\n","protected":false},"excerpt":{"rendered":"Zidane soll &#8222;Les Bleus&#8220; \u00fcbernehmen Foto: APA\/Reuters\/dpa Die Verpflichtung von Zinedine Zidane als neuer franz\u00f6sischer Nationaltrainer nach der&hellip;\n","protected":false},"author":2,"featured_media":892832,"comment_status":"","ping_status":"","sticky":false,"template":"","format":"standard","meta":{"footnotes":"","_share_on_mastodon":"0"},"categories":[3974],"tags":[2064,331,332,548,663,3934,3980,156,347,13,14,15,12],"class_list":["post-892831","post","type-post","status-publish","format-standard","has-post-thumbnail","category-frankreich","tag-_apafeed","tag-aktuelle-nachrichten","tag-aktuelle-news","tag-eu","tag-europa","tag-europe","tag-france","tag-frankreich","tag-fussball","tag-headlines","tag-nachrichten","tag-news","tag-schlagzeilen"],"share_on_mastodon":{"url":"https:\/\/pubeurope.com\/@de\/116283743084691100","error":""},"_links":{"self":[{"href":"https:\/\/www.europesays.com\/de\/wp-json\/wp\/v2\/posts\/892831","targetHints":{"allow":["GET"]}}],"collection":[{"href":"https:\/\/www.europesays.com\/de\/wp-json\/wp\/v2\/posts"}],"about":[{"href":"https:\/\/www.europesays.com\/de\/wp-json\/wp\/v2\/types\/post"}],"author":[{"embeddable":true,"href":"https:\/\/www.europesays.com\/de\/wp-json\/wp\/v2\/users\/2"}],"replies":[{"embeddable":true,"href":"https:\/\/www.europesays.com\/de\/wp-json\/wp\/v2\/comments?post=892831"}],"version-history":[{"count":0,"href":"https:\/\/www.europesays.com\/de\/wp-json\/wp\/v2\/posts\/892831\/revisions"}],"wp:featuredmedia":[{"embeddable":true,"href":"https:\/\/www.europesays.com\/de\/wp-json\/wp\/v2\/media\/892832"}],"wp:attachment":[{"href":"https:\/\/www.europesays.com\/de\/wp-json\/wp\/v2\/media?parent=892831"}],"wp:term":[{"taxonomy":"category","embeddable":true,"href":"https:\/\/www.europesays.com\/de\/wp-json\/wp\/v2\/categories?post=892831"},{"taxonomy":"post_tag","embeddable":true,"href":"https:\/\/www.europesays.com\/de\/wp-json\/wp\/v2\/tags?post=892831"}],"curies":[{"name":"wp","href":"https:\/\/api.w.org\/{rel}","templated":true}]}}