{"id":893288,"date":"2026-03-24T14:59:19","date_gmt":"2026-03-24T14:59:19","guid":{"rendered":"https:\/\/www.europesays.com\/de\/893288\/"},"modified":"2026-03-24T14:59:19","modified_gmt":"2026-03-24T14:59:19","slug":"nuernberger-flughafen-bietet-mehr-fluege-ab-dem-sommer","status":"publish","type":"post","link":"https:\/\/www.europesays.com\/de\/893288\/","title":{"rendered":"N\u00fcrnberger Flughafen bietet mehr Fl\u00fcge ab dem Sommer"},"content":{"rendered":"<p>Diese Airline baut aus <\/p>\n<p>Angebot am N\u00fcrnberger Flughafen w\u00e4chst weiter<\/p>\n<ul class=\"grid grid-flow-col gap-4\" aria-label=\"Autorenbilder\">\n<li class=\"leading-0\"><img data-tb-author-image=\"\"  loading=\"lazy\" src=\"https:\/\/www.europesays.com\/de\/wp-content\/uploads\/2025\/11\/1764485653_271_image.jpg\" alt=\"\" title=\"\" width=\"40\" height=\"40\" class=\"\" decoding=\"async\"\/><\/li>\n<\/ul>\n<p>Aktualisiert am 24.03.2026 &#8211; 15:54 UhrLesedauer: 2 Min.<\/p>\n<p><a href=\"#focus-0\" class=\"transition-colors duration-200 block text-current relative\" data-sctrack=\"FocusGalleryImage.Reference\"><img fetchpriority=\"high\" data-testid=\"Opener.Image\" style=\"--lqipURL:url('https:\/\/images.t-online.de\/2022\/07\/aMOQZVr39XQ4\/0x189:2016x1134\/fit-in\/150x0\/filters:blur(25)\/albrecht-duerer-airport-symbolbild-welche-auswirkungen-hat-der-angekuendigte-streik-auf-den-nuernberger-flughafen.jpg')\"   loading=\"eager\" src=\"https:\/\/www.europesays.com\/de\/wp-content\/uploads\/2026\/03\/albrecht-duerer-airport-symbolbild-welche-auswirkungen-hat-der-angekuendigte-streik-auf-den-nuernber.jpeg\" alt=\"Albrecht-D\u00fcrer-Airport (Symbolbild): Welche Auswirkungen hat der angek\u00fcndigte Streik auf den N\u00fcrnberger Flughafen?\" title=\"Albrecht-D\u00fcrer-Airport (Symbolbild): Welche Auswirkungen hat der angek\u00fcndigte Streik auf den N\u00fcrnberger Flughafen?\" width=\"2016\" height=\"1134\" class=\"bg-[url:var(--lqipURL)] bg-cover bg-center flex h-full w-full max-w-full\" decoding=\"async\"\/><img style=\"--width:32;--height:32\" loading=\"lazy\" src=\"https:\/\/nuernberg.t-online.de\/s\/paper\/_next\/static\/media\/zoom-in.f7dae02f.svg\" alt=\"Vergr\u00f6\u00dfern des Bildes\" title=\"Vergr\u00f6\u00dfern des Bildes\" class=\"block h-[calc(var(--height)_\/_16_*_1rem)] w-[calc(var(--width)_\/_16_*_1rem)] max-w-none absolute bottom-8 right-8 rounded-4 bg-snow p-8\" decoding=\"async\"\/><\/a><\/p>\n<p>Albrecht-D\u00fcrer-Airport (Symbolbild): F\u00fcr die Airline Corendon stellt der Flughafen eine wichtige Basis dar. (Quelle: Meike Kreil)<\/p>\n<p class=\"font-bold text-18 leading-17 user-text-lg:text-22 user-text-xl:text-24\">Ein weiterer Flieger soll k\u00fcnftig in N\u00fcrnberg stationiert werden. F\u00fcr Passagiere bedeutet das mehr Auswahl \u2013 und Direktverbindungen. Was der Zuwachs noch alles mit sich bringt.<\/p>\n<p class=\"text-18 leading-17 user-text-lg:text-22 user-text-xl:text-24\">Corendon w\u00e4chst in N\u00fcrnberg. Die t\u00fcrkische Ferienfluggesellschaft hat sich auf Sonnenziele wie die T\u00fcrkei, Griechenland, Spanien und \u00c4gypten spezialisiert. Mit einer zweiten stationierten Maschine soll das Ferienflugprogramm am N\u00fcrnberger Flughafen deutlich wachsen. Das teilt eine Sprecherin der Fluggesellschaft der N\u00fcrnberger Lokalredaktion von t-online auf Nachfrage mit.<\/p>\n<p class=\"text-18 leading-17 user-text-lg:text-22 user-text-xl:text-24\">Demnach soll die weitere Boeing 737-800 ab diesem Freitag im Einsatz sein. F\u00fcr Reisende aus N\u00fcrnberg und der Region bedeutet das: mehr Fl\u00fcge und Direktverbindungen und eine gr\u00f6\u00dfere Auswahl bei den klassischen Urlaubszielen. Zun\u00e4chst war von einem Einsatz ab Mai die Rede, nun soll offenbar schon das Ostergesch\u00e4ft mitgenommen werden.<\/p>\n<p class=\"text-18 leading-17 user-text-lg:text-22 user-text-xl:text-24\">Mit der zus\u00e4tzlichen Maschine erh\u00f6ht die Airline die Kapazit\u00e4ten auf den Strecken nach Hurghada, Heraklion, Rhodos und Korfu. Auch die spanischen Ziele Gran Canaria, Fuerteventura und Palma de Mallorca sollen k\u00fcnftig \u00fcber die gesamte Sommersaison hinweg angeflogen werden. Wichtigstes Ziel f\u00fcr Corendon ist und bleibt aber Antalya. Auf \u00c4gypten wird nun ganzj\u00e4hrig gesetzt.<\/p>\n<p class=\"text-18 leading-17 user-text-lg:text-22 user-text-xl:text-24\">Seit der Er\u00f6ffnung der Basis im Jahr 2019 hat die Airline nach eigenen Angaben bereits mehr als zwei Millionen Passagiere von und nach N\u00fcrnberg bef\u00f6rdert. Der <a class=\"transition-colors duration-200 cursor-pointer text-inherit no-underline text-salemsfur md:hover:text-magenta md:hover:border-magenta md:focus:text-magenta border-current border-b border-solid break-words\" data-tracking=\"{&quot;action&quot;:&quot;click&quot;,&quot;category&quot;:&quot;intextLink&quot;,&quot;label&quot;:&quot;https:\/\/www.t-online.de\/themen\/flughafen-nuernberg\/&quot;}\" href=\"https:\/\/www.t-online.de\/themen\/flughafen-nuernberg\/\" data-sctrack=\"BodyAnchor\" rel=\"nofollow noopener\" target=\"_blank\">Flughafen N\u00fcrnberg<\/a> ist f\u00fcr Corendon eine von vier Basen in Deutschland.<\/p>\n<p class=\"text-18 leading-17 user-text-lg:text-22 user-text-xl:text-24\">Damit sei der Flughafen N\u00fcrnberg ein sehr wichtiger Partner, hei\u00dft es aus der Pressestelle. Welches Wachstum sich die Airline davon konkret erwartet \u2013 darauf antwortet sie nicht. Und was kostet das Ganze? Bei einem Pressegespr\u00e4ch im November sprach der Corendon-Verantwortliche Paul Schwaiger von einer &#8222;geh\u00f6rigen Investition&#8220; von \u00fcber 100 Millionen Euro.<\/p>\n","protected":false},"excerpt":{"rendered":"Diese Airline baut aus Angebot am N\u00fcrnberger Flughafen w\u00e4chst weiter Aktualisiert am 24.03.2026 &#8211; 15:54 UhrLesedauer: 2 Min.&hellip;\n","protected":false},"author":2,"featured_media":893289,"comment_status":"","ping_status":"","sticky":false,"template":"","format":"standard","meta":{"footnotes":"","_share_on_mastodon":"0"},"categories":[1837],"tags":[124622,578,3091,772,3088,24780,116018,3364,29,47803,2109,6483,30,1565,44754,122619,3783,4026,226,143],"class_list":["post-893288","post","type-post","status-publish","format-standard","has-post-thumbnail","category-nuernberg","tag-124622","tag-aegypten","tag-airline","tag-bayern","tag-boeing","tag-boeing-737","tag-corendon-airlines","tag-de","tag-deutschland","tag-direktverbindung","tag-flughafen","tag-flughafen-nuernberg","tag-germany","tag-griechenland","tag-heraklion","tag-hurghada","tag-nuernberg","tag-spanien","tag-t-online","tag-tuerkei"],"share_on_mastodon":{"url":"https:\/\/pubeurope.com\/@de\/116284749847934536","error":""},"_links":{"self":[{"href":"https:\/\/www.europesays.com\/de\/wp-json\/wp\/v2\/posts\/893288","targetHints":{"allow":["GET"]}}],"collection":[{"href":"https:\/\/www.europesays.com\/de\/wp-json\/wp\/v2\/posts"}],"about":[{"href":"https:\/\/www.europesays.com\/de\/wp-json\/wp\/v2\/types\/post"}],"author":[{"embeddable":true,"href":"https:\/\/www.europesays.com\/de\/wp-json\/wp\/v2\/users\/2"}],"replies":[{"embeddable":true,"href":"https:\/\/www.europesays.com\/de\/wp-json\/wp\/v2\/comments?post=893288"}],"version-history":[{"count":0,"href":"https:\/\/www.europesays.com\/de\/wp-json\/wp\/v2\/posts\/893288\/revisions"}],"wp:featuredmedia":[{"embeddable":true,"href":"https:\/\/www.europesays.com\/de\/wp-json\/wp\/v2\/media\/893289"}],"wp:attachment":[{"href":"https:\/\/www.europesays.com\/de\/wp-json\/wp\/v2\/media?parent=893288"}],"wp:term":[{"taxonomy":"category","embeddable":true,"href":"https:\/\/www.europesays.com\/de\/wp-json\/wp\/v2\/categories?post=893288"},{"taxonomy":"post_tag","embeddable":true,"href":"https:\/\/www.europesays.com\/de\/wp-json\/wp\/v2\/tags?post=893288"}],"curies":[{"name":"wp","href":"https:\/\/api.w.org\/{rel}","templated":true}]}}