{"id":893333,"date":"2026-03-24T15:22:14","date_gmt":"2026-03-24T15:22:14","guid":{"rendered":"https:\/\/www.europesays.com\/de\/893333\/"},"modified":"2026-03-24T15:22:14","modified_gmt":"2026-03-24T15:22:14","slug":"per-linienflug-hamburg-schiebt-straftaeter-nach-afghanistan-ab","status":"publish","type":"post","link":"https:\/\/www.europesays.com\/de\/893333\/","title":{"rendered":"Per Linienflug: Hamburg schiebt Straft\u00e4ter nach Afghanistan ab"},"content":{"rendered":"<p class=\"is-first-paragraph\" data-external=\"Article.FirstParagraph\">Zwei verurteilte afghanische Straft\u00e4ter sind in den vergangenen Tagen aus Hamburg abgeschoben worden. Die R\u00fcckf\u00fchrungen erfolgten jeweils aus Haft und per Linienflug nach Kabul \u00fcber Istanbul, wie die Innenbeh\u00f6rde mitteilte. <\/p>\n<p>Ein 30-j\u00e4hriger Afghane war demnach unter anderem verurteilt worden wegen wiederholter K\u00f6rperverletzung und t\u00e4tlichen Angriffs auf Vollstreckungsbeamte. Er wurde laut Innenbeh\u00f6rde am vergangenen Freitag abgeschoben. Der zweite Mann, ein 32-J\u00e4hriger, war den Angaben zufolge verurteilt wegen wiederholter K\u00f6rperverletzung, Diebstahls mit Waffen und Bedrohung. Er wurde am Montag abgeschoben. <\/p>\n<p>Laut Innenbeh\u00f6rde wurden im Juli 2025 zwei verurteilte Straft\u00e4ter aus Hamburg per Charter abgeschoben. Davor erfolgte die letzte regul\u00e4re R\u00fcckf\u00fchrung aus Hamburg nach Afghanistan 2021. Abschiebungen dorthin sind umstritten, weil in dem Land seit August 2021 wieder die islamistischen Taliban an der Macht sind.<\/p>\n<p>\u201eDie Sicherheit der Bev\u00f6lkerung steht \u00fcber dem Bleibeinteresse desjenigen, der diese Sicherheit gef\u00e4hrdet. Deshalb muss, wer hier wiederholt schwere Straftaten begeht, das Land auch verlassen &#8211; unabh\u00e4ngig davon, woher er kommt\u201c, sagte Innensenator Andy Grote (SPD). AfD-Fraktionschef Dirk Nockemann sagte: \u201eDie nun erfolgten Abschiebungen nach Afghanistan sind ein l\u00e4ngst \u00fcberf\u00e4lliges Signal \u2013 sie m\u00fcssen der Auftakt einer notwendigen Abschiebeoffensive sein.\u201c Es d\u00fcrfe nicht l\u00e4nger gelten, dass Ideologie \u00fcber Sicherheit gestellt wird \u2013 sonst verliert der Staat endg\u00fcltig seine Glaubw\u00fcrdigkeit.\u201c<\/p>\n<p>Die Bundesregierung hatte vor rund einem Monat mitgeteilt, dass sie trotz der Eskalation der milit\u00e4rischen Konfrontation zwischen Afghanistan und Pakistan derzeit keinen Grund sieht, die Abschiebepraxis nach Kabul zu \u00e4ndern.<\/p>\n","protected":false},"excerpt":{"rendered":"Zwei verurteilte afghanische Straft\u00e4ter sind in den vergangenen Tagen aus Hamburg abgeschoben worden. Die R\u00fcckf\u00fchrungen erfolgten jeweils aus&hellip;\n","protected":false},"author":2,"featured_media":893334,"comment_status":"","ping_status":"","sticky":false,"template":"","format":"standard","meta":{"footnotes":"","_share_on_mastodon":"0"},"categories":[1826],"tags":[53233,7451,34321,29,30,27552,692,8923,47967,45],"class_list":["post-893333","post","type-post","status-publish","format-standard","has-post-thumbnail","category-hamburg","tag-abschiebungen-ks","tag-afghanistan","tag-andy-spd","tag-deutschland","tag-germany","tag-grote","tag-hamburg","tag-lauterbach-joern","tag-migrationspolitik-ks","tag-texttospeech"],"share_on_mastodon":{"url":"https:\/\/pubeurope.com\/@de\/116284840005394265","error":""},"_links":{"self":[{"href":"https:\/\/www.europesays.com\/de\/wp-json\/wp\/v2\/posts\/893333","targetHints":{"allow":["GET"]}}],"collection":[{"href":"https:\/\/www.europesays.com\/de\/wp-json\/wp\/v2\/posts"}],"about":[{"href":"https:\/\/www.europesays.com\/de\/wp-json\/wp\/v2\/types\/post"}],"author":[{"embeddable":true,"href":"https:\/\/www.europesays.com\/de\/wp-json\/wp\/v2\/users\/2"}],"replies":[{"embeddable":true,"href":"https:\/\/www.europesays.com\/de\/wp-json\/wp\/v2\/comments?post=893333"}],"version-history":[{"count":0,"href":"https:\/\/www.europesays.com\/de\/wp-json\/wp\/v2\/posts\/893333\/revisions"}],"wp:featuredmedia":[{"embeddable":true,"href":"https:\/\/www.europesays.com\/de\/wp-json\/wp\/v2\/media\/893334"}],"wp:attachment":[{"href":"https:\/\/www.europesays.com\/de\/wp-json\/wp\/v2\/media?parent=893333"}],"wp:term":[{"taxonomy":"category","embeddable":true,"href":"https:\/\/www.europesays.com\/de\/wp-json\/wp\/v2\/categories?post=893333"},{"taxonomy":"post_tag","embeddable":true,"href":"https:\/\/www.europesays.com\/de\/wp-json\/wp\/v2\/tags?post=893333"}],"curies":[{"name":"wp","href":"https:\/\/api.w.org\/{rel}","templated":true}]}}