{"id":893363,"date":"2026-03-24T15:38:30","date_gmt":"2026-03-24T15:38:30","guid":{"rendered":"https:\/\/www.europesays.com\/de\/893363\/"},"modified":"2026-03-24T15:38:30","modified_gmt":"2026-03-24T15:38:30","slug":"hannah-montana-premiere-in-hollywood-miley-mit-peruecke-unter-den-fans-unterhaltung","status":"publish","type":"post","link":"https:\/\/www.europesays.com\/de\/893363\/","title":{"rendered":"\u201eHannah Montana\u201c-Premiere in Hollywood: Miley mit Per\u00fccke unter den Fans | Unterhaltung"},"content":{"rendered":"<p><a class=\"skip-content skip-content--link\" href=\"#in-content-skip-link-target-v-0-0\">TTS-Player \u00fcberspringen\u21b5<\/a><a id=\"in-content-skip-link-target-v-0-0\" class=\"skip-content--target-link-hidden skip-content skip-content--target-link\" href=\"#in-content-skip-link-target-v-0-0\">Artikel weiterlesen<\/a><\/p>\n<p>Los Angeles (USA) \u2013\u00a0<b>Blonde Per\u00fccke, Glitzer, kreischende Fans \u2013 und pl\u00f6tzlich ist sie wieder da: die Zeit, als Millionen Teenager nach der Schule den Fernseher einschalteten. Zum 20. Jubil\u00e4um l\u00e4sst Superstar Miley Cyrus (33) \u201eHannah Montana\u201c wieder aufleben! Doch hinter dem Disney-Special steckt viel mehr: Nach einem schmerzhaften Zerw\u00fcrfnis mit ihrem Vater, Country-Legende Billy Ray (64), wird die Doku zur Vers\u00f6hnungs-Show.<\/b><\/p>\n<p>BILD ist bei der Weltpremiere in <a href=\"https:\/\/www.bild.de\/themen\/orte\/hollywood\/nachrichten-news-fotos-videos-16965502.bild.html\" class=\"text-link\" rel=\"nofollow noopener\" target=\"_blank\">Hollywood<\/a>: Als auf der Leinwand die ersten T\u00f6ne von \u201eThe Best of Both Worlds\u201c erklingen, f\u00fchlt sich pl\u00f6tzlich alles an wie in den 2000ern. Miley mit blonden Haaren auf der B\u00fchne. Nach der Premiere feierte sie im Theater des edlen Hollywood Roosevelt Hotels, tauchte dort in einem l\u00e4ssigen Jeans-Outfit auf und mischte sich sogar mit Hannah-Per\u00fccke unter die Fans.<\/p>\n<p><img decoding=\"async\" width=\"992\" height=\"614\" alt=\"Bei der Premiere in Los Angeles kam die S\u00e4ngerin mit Mama Tish (58), die das Special als Produzentin verantwortet. Miley: \u201eIch bin extrem gesegnet, so viel Liebe in meiner Familie zu haben.\u201c\" src=\"https:\/\/www.europesays.com\/de\/wp-content\/uploads\/2026\/03\/3a178bfa6e4ebd5c537dcd409e2c1bb9,97ecff27.jpeg\"   class=\"dynamic\" loading=\"lazy\"\/><\/p>\n<p class=\"fig__caption__text\">Bei der Premiere in Los Angeles kam die S\u00e4ngerin mit Mama Tish (58), die das Special als Produzentin verantwortet. Miley: \u201eIch bin extrem gesegnet, so viel Liebe in meiner Familie zu haben\u201c<\/p>\n<p>Foto: REUTERS<\/p>\n<p>Miley Cyrus: Das Zerw\u00fcrfnis mit ihrem Papa<\/p>\n<p>Die Serie machte Miley 2006 \u00fcber Nacht zum Kinderstar. Poster an Schlafzimmerw\u00e4nden, ausverkaufte Konzerte, Fanartikel ohne Ende \u2013 \u201eHannah Montana\u201c war ein Ph\u00e4nomen. Doch danach lief l\u00e4ngst nicht alles so harmonisch weiter. Nach der Scheidung ihres Vaters von Mama Tish (58) im Jahr 2022 zerbrach das Familiengef\u00fcge. Als Billy Ray 2023 seine neue Liebe, Musikerin Firerose (37), heiratete, brach der Kontakt ab. Die Ehe hielt nicht einmal ein Jahr. <\/p>\n<p>Mehr zum Thema<\/p>\n<p>Und heute? Im Fr\u00fchjahr 2025 sagte Miley der \u201eNew York Times\u201c, sie sei inzwischen \u201eerwachsener\u201c im Umgang mit der Trennung ihrer Eltern nach fast 30 Jahren Ehe geworden: \u201eJe \u00e4lter ich werde, desto mehr respektiere ich meine Eltern als Individuen.\u201c Ein leiser Neuanfang: Im darauffolgenden Juni <a href=\"https:\/\/www.bild.de\/unterhaltung\/stars-und-leute\/miley-cyrus-und-papa-billy-ray-getrennt-zum-selben-event-6857acf9b81d71087ecffc22\" class=\"text-link\" rel=\"nofollow noopener\" target=\"_blank\">tauchte Billy Ray bei einem Promo-Event ihres Albums in London<\/a> auf.<\/p>\n<p><img decoding=\"async\" width=\"992\" height=\"610\" alt=\"Von 2006 bis 2011 handelte \u201eHannah Montana\u201c um das Teenagerm\u00e4dchen Miley Stewart, das ein Doppelleben als Pops\u00e4ngerin f\u00fchrt. Mileys wahrer Vater Billy Ray spielte auch in der Serie den Papa\" src=\"https:\/\/www.europesays.com\/de\/wp-content\/uploads\/2026\/03\/67633b502923ee1719c593796cdda904,eae26cde.jpeg\"   class=\"dynamic\" loading=\"lazy\"\/><\/p>\n<p class=\"fig__caption__text\">Kultserie von 2006 bis 2011: \u201eHannah Montana\u201c handelte vom Teenagerm\u00e4dchen Miley Stewart, das ein Doppelleben als Pops\u00e4ngerin f\u00fchrt. Mileys wahrer Vater Billy Ray spielte auch in der Serie den Papa<\/p>\n<p>Foto: picture alliance\/Everett Collection<\/p>\n<p>\u201eHannah Montana\u201c vereint die Familie<\/p>\n<p>Jetzt passiert vor der Kamera das, worauf viele Fans gehofft haben: Miley und ihr Vater treffen sich im fr\u00fcheren Strandhaus wieder. Im Special (ab heute auf <a href=\"https:\/\/www.bild.de\/themen\/organisationen\/streamingdienst-disney-plus-alle-news-ofKSCx2uss5AEToGvr57\" class=\"text-link\" rel=\"nofollow noopener\" target=\"_blank\">Disney+<\/a>) sagt sie: \u201eIch bin wirklich gl\u00fccklich, dass er hier ist, weil ich wei\u00df, wie wichtig unsere Beziehung f\u00fcr alle Zuschauer war.\u201c Billy Ray: \u201eWir k\u00f6nnten jetzt neue Folgen aufnehmen und es w\u00fcrde sich ganz normal anf\u00fchlen.\u201c Er res\u00fcmiert: \u201eEs war eines der sch\u00f6nsten Dinge meines Lebens, diese Show mit dir zu machen.\u201c<\/p>\n<p><img decoding=\"async\" width=\"992\" height=\"1217\" alt=\"Nach 20 Jahren sagte Miley Cyrus bei der Premiere: \u201eHeute geht es nicht um den Blick in die Vergangenheit, sondern darum, was es uns heute noch bedeutet.\u201c\" src=\"https:\/\/www.europesays.com\/de\/wp-content\/uploads\/2026\/03\/9341b3460436d9999d7856a130e2427a,dde13d6a.jpeg\"   class=\"dynamic\" loading=\"lazy\"\/><\/p>\n<p class=\"fig__caption__text\">Nach 20 Jahren sagte Miley Cyrus bei der Premiere: \u201eHeute geht es nicht um den Blick in die Vergangenheit, sondern darum, was es uns heute noch bedeutet\u201c<\/p>\n<p>Foto: Nico N\u00f6lken<\/p>\n<p>Miley Cyrus wollte mit bravem Image brechen<\/p>\n<p>Mit dem Jubil\u00e4um schlie\u00dft Miley auch Frieden mit ihrem j\u00fcngeren Ich. Nach dem Serienende 2011 wollte sie radikal mit dem Kinderstar-Image brechen. Sie tauschte die Per\u00fccke gegen einen Pixie-Cut, provozierte, rauchte viel Gras. 2016 schrieb sie bei Instagram: \u201eAuch wenn HM in klitzekleine St\u00fccke gehackt und in meinem Garten begraben ist, wird sie immer einen ganz besonderen Platz in meinem Herzen haben!\u201c<\/p>\n<p><img decoding=\"async\" width=\"992\" height=\"558\" alt=\"Nach \u201eHannah Montana\u201c wollte Miley Cyrus das Kinderstar-Image loswerden. 2013 wurde sie mit \u201eWrecking Ball\u201c zur Skandal-S\u00e4ngerin\" src=\"https:\/\/www.europesays.com\/de\/wp-content\/uploads\/2026\/03\/b8e4b60e44fb73791662193bcfd01bf8,10ab9b88.jpeg\"   class=\"landscape\" loading=\"lazy\"\/><\/p>\n<p class=\"fig__caption__text\">Nach \u201eHannah Montana\u201c wollte Miley Cyrus das Kinderstar-Image loswerden. 2013 wurde sie mit \u201eWrecking Ball\u201c zur Skandal-S\u00e4ngerin<\/p>\n<p>Foto: picture alliance\/Photoshot<\/p>\n<p>Inzwischen klingt sie reifer. Gegen\u00fcber \u201eVariety\u201c sagte sie: \u201eFr\u00fcher habe ich Hannah als etwas von mir Getrenntes gesehen.\u201c Heute verschwimmen die Grenzen. Statt Per\u00fccke tr\u00e4gt sie gef\u00e4rbtes Haar. \u201eDieses Special ist meine R\u00fcckeroberung davon, Hannah und Miley miteinander zu verschmelzen.\u201c<\/p>\n<p>Die \u201eHannah Montana\u201c-Premiere in Hollywood<img decoding=\"async\" width=\"992\" height=\"1178\" alt=\"Miley Cyrus sagte bei der Premiere: \u201eIch bin so stolz, dass ich daf\u00fcr gesorgt habe, dass sich Menschen weniger einsam f\u00fchlen.\u201c\" src=\"https:\/\/www.europesays.com\/de\/wp-content\/uploads\/2026\/03\/3e9309789c6b64a017f24b1cb6b640ae,39aa0ba7.jpeg\"   class=\"dynamic\" loading=\"lazy\"\/><\/p>\n<p class=\"fig__caption__text\">Miley Cyrus sagte bei der Premiere: \u201eIch bin so stolz, dass ich daf\u00fcr gesorgt habe, dass sich Menschen weniger einsam f\u00fchlen\u201c<\/p>\n<p>Foto: Nico N\u00f6lken<\/p>\n<p><img decoding=\"async\" width=\"992\" height=\"610\" alt=\"H\u00e4tten Sie ihn erkannt? Auch Kinderstar Jason Earles (48) feierte das Revival\" src=\"https:\/\/www.europesays.com\/de\/wp-content\/uploads\/2026\/03\/f509518be91ec33fe1ab50c96e561fb7,b1169278.jpeg\"   class=\"dynamic\" loading=\"lazy\"\/><\/p>\n<p class=\"fig__caption__text\">H\u00e4tten Sie ihn erkannt? Auch Kinderstar Jason Earles (48) feierte das Revival<\/p>\n<p>Foto: Variety via Getty Images<\/p>\n<p><img decoding=\"async\" width=\"992\" height=\"794\" alt=\"Jason Earles spielte in der Kultserie Jackson Stewart, den \u00e4lteren Bruder von Miley\" src=\"https:\/\/www.europesays.com\/de\/wp-content\/uploads\/2026\/03\/e0c5c93fedc879fac0f0d7e1c032ba44,7a60964c.jpeg\"   class=\"dynamic\" loading=\"lazy\"\/><\/p>\n<p class=\"fig__caption__text\">Jason Earles spielte in der Kultserie Jackson Stewart, den \u00e4lteren Bruder von Miley <\/p>\n<p>Foto: Disney General Entertainment Content via Getty Images<\/p>\n<p><img decoding=\"async\" width=\"992\" height=\"1242\" alt=\"Der Kleiderschrank von \u201eHannah Montana\u201c ist f\u00fcr Fans legend\u00e4r. BILD-Reporter Nico N\u00f6lken (26) durfte sich ihn bei der Premiere von innen ansehen\" src=\"https:\/\/www.europesays.com\/de\/wp-content\/uploads\/2026\/03\/40d3db39ec830f1ad2f294058c772a92,41326996.jpeg\"   class=\"dynamic\" loading=\"lazy\"\/><\/p>\n<p class=\"fig__caption__text\">Der Kleiderschrank von \u201eHannah Montana\u201c ist f\u00fcr Fans legend\u00e4r. BILD-Reporter Nico N\u00f6lken (26) durfte sich ihn bei der Premiere ansehen<\/p>\n<p>Foto: Disney+<\/p>\n<p><img decoding=\"async\" width=\"992\" height=\"642\" alt=\"Miley Cyrus zeigte sich mit ihrem Verlobten, Musiker Maxx Morando (27), und schw\u00e4rmte: \u201eMein Leben ist so wundersch\u00f6n.\u201c\" src=\"https:\/\/www.europesays.com\/de\/wp-content\/uploads\/2026\/03\/32140f78a9b089360005dca266d256ca,a01776e8.jpeg\"   class=\"dynamic\" loading=\"lazy\"\/><\/p>\n<p class=\"fig__caption__text\">Miley Cyrus zeigte sich mit ihrem Verlobten, Musiker Maxx Morando (27), und schw\u00e4rmte: \u201eMein Leben ist so wundersch\u00f6n\u201c<\/p>\n<p>Foto: Chris Pizzello\/Invision\/AP\/dpa<\/p>\n<p><img decoding=\"async\" width=\"992\" height=\"618\" alt=\"Zum 20. Jubil\u00e4um hat Miley Cyrus auch den neuen \u201eHannah Montana\u201c-Song \u201eYounger You\u201c ver\u00f6ffentlicht, in dem sie singt: \u201eVergiss nicht, Mama und Papa anzurufen.\u201c\" src=\"https:\/\/www.europesays.com\/de\/wp-content\/uploads\/2026\/03\/aa44232db652c54065f4c4c5d9014671,e0d8535d.jpeg\"   class=\"dynamic\" loading=\"lazy\"\/><\/p>\n<p class=\"fig__caption__text\">Nach der Premiere im Theater lud Miley Cyrus ihre G\u00e4ste ins edle Hollywood Roosevelt Hotel und tauchte dort in einem l\u00e4ssigen Jeans-Outfit auf<\/p>\n<p>Foto: Nico N\u00f6lken<\/p>\n","protected":false},"excerpt":{"rendered":"TTS-Player \u00fcberspringen\u21b5Artikel weiterlesen Los Angeles (USA) \u2013\u00a0Blonde Per\u00fccke, Glitzer, kreischende Fans \u2013 und pl\u00f6tzlich ist sie wieder da:&hellip;\n","protected":false},"author":2,"featured_media":893364,"comment_status":"","ping_status":"","sticky":false,"template":"","format":"standard","meta":{"footnotes":"","_share_on_mastodon":"0"},"categories":[155],"tags":[24673,29,28393,214,30,193234,683,7893,1911,138370,45,72310,10865,215,4191],"class_list":["post-893363","post","type-post","status-publish","format-standard","has-post-thumbnail","category-unterhaltung","tag-cyrus-miley","tag-deutschland","tag-disney-plus","tag-entertainment","tag-germany","tag-hannah-montana","tag-hollywood","tag-los-angeles","tag-saengerin","tag-team-first","tag-texttospeech","tag-the-walt-disney-company","tag-trennung","tag-unterhaltung","tag-vater"],"share_on_mastodon":{"url":"https:\/\/pubeurope.com\/@de\/116284903742169151","error":""},"_links":{"self":[{"href":"https:\/\/www.europesays.com\/de\/wp-json\/wp\/v2\/posts\/893363","targetHints":{"allow":["GET"]}}],"collection":[{"href":"https:\/\/www.europesays.com\/de\/wp-json\/wp\/v2\/posts"}],"about":[{"href":"https:\/\/www.europesays.com\/de\/wp-json\/wp\/v2\/types\/post"}],"author":[{"embeddable":true,"href":"https:\/\/www.europesays.com\/de\/wp-json\/wp\/v2\/users\/2"}],"replies":[{"embeddable":true,"href":"https:\/\/www.europesays.com\/de\/wp-json\/wp\/v2\/comments?post=893363"}],"version-history":[{"count":0,"href":"https:\/\/www.europesays.com\/de\/wp-json\/wp\/v2\/posts\/893363\/revisions"}],"wp:featuredmedia":[{"embeddable":true,"href":"https:\/\/www.europesays.com\/de\/wp-json\/wp\/v2\/media\/893364"}],"wp:attachment":[{"href":"https:\/\/www.europesays.com\/de\/wp-json\/wp\/v2\/media?parent=893363"}],"wp:term":[{"taxonomy":"category","embeddable":true,"href":"https:\/\/www.europesays.com\/de\/wp-json\/wp\/v2\/categories?post=893363"},{"taxonomy":"post_tag","embeddable":true,"href":"https:\/\/www.europesays.com\/de\/wp-json\/wp\/v2\/tags?post=893363"}],"curies":[{"name":"wp","href":"https:\/\/api.w.org\/{rel}","templated":true}]}}