{"id":893463,"date":"2026-03-24T16:33:15","date_gmt":"2026-03-24T16:33:15","guid":{"rendered":"https:\/\/www.europesays.com\/de\/893463\/"},"modified":"2026-03-24T16:33:15","modified_gmt":"2026-03-24T16:33:15","slug":"ibis-und-ibis-budget-renoviert-tageskarte","status":"publish","type":"post","link":"https:\/\/www.europesays.com\/de\/893463\/","title":{"rendered":"ibis und ibis budget renoviert: Tageskarte"},"content":{"rendered":"<p>Die Hotelbetriebsgesellschaft <strong data-index-in-node=\"30\" data-path-to-node=\"0\">Essendi<\/strong> er\u00f6ffnet nach einer umfassenden Renovierungsphase am 30. April\u00a0das <strong data-index-in-node=\"110\" data-path-to-node=\"0\">ibis Leipzig City<\/strong> am Standort Leipzig wieder. Die Wiederer\u00f6ffnung des zweiten Hauses am selben Standort, das <strong data-index-in-node=\"255\" data-path-to-node=\"0\">ibis budget Leipzig City<\/strong>, folgt in der zweiten Jahresh\u00e4lfte 2026. Beide Hotels geh\u00f6ren zum Markenportfolio von\u00a0<strong data-index-in-node=\"367\" data-path-to-node=\"0\">Accor<\/strong> und wurden in den vergangenen Monaten baulich sowie gestalterisch vollst\u00e4ndig \u00fcberarbeitet.<\/p>\n<p>Modernisierung der Zimmerkapazit\u00e4ten<\/p>\n<p>Die Sanierungsma\u00dfnahmen umfassten s\u00e4mtliche <strong data-index-in-node=\"69\" data-path-to-node=\"2\">G\u00e4stezimmer<\/strong> sowie die \u00f6ffentlichen Bereiche beider H\u00e4user. Ziel der Arbeiten war eine Anpassung der Ausstattung an aktuelle Standards. Das ibis Leipzig City verf\u00fcgt nach der Wiederer\u00f6ffnung \u00fcber <strong data-index-in-node=\"298\" data-path-to-node=\"2\">125 Zimmer<\/strong>. F\u00fcr das ibis budget Leipzig City sind insgesamt <strong data-index-in-node=\"407\" data-path-to-node=\"2\">168 Zimmer<\/strong> vorgesehen.<\/p>\n<p>Beide Hotels bieten den G\u00e4sten ein Fr\u00fchst\u00fccksangebot sowie eine <strong data-index-in-node=\"64\" data-path-to-node=\"3\">Self-Service-Bar<\/strong>. F\u00fcr Reisende mit Fahrzeugen steht eine \u00f6ffentliche Tiefgarage zur Verf\u00fcgung, f\u00fcr die laut Betreiber ein verg\u00fcnstigter Tarif vereinbart wurde. Die zentrale Lage der H\u00e4user soll sowohl Gesch\u00e4ftsreisende als auch Touristen ansprechen.<\/p>\n<p>Umsetzung globaler Designkonzepte<\/p>\n<p>Beim Umbau des ibis budget Leipzig City wurde das globale Gestaltungskonzept mit der Bezeichnung <strong data-index-in-node=\"97\" data-path-to-node=\"5\">Reboost<\/strong> angewandt. Dieses zeichnet sich nach Angaben des Betreibers durch klare Linien und urbane Akzente aus. Zur Ausstattung der Zimmer geh\u00f6rt unter anderem das markeneigene Bettenkonzept <strong data-index-in-node=\"287\" data-path-to-node=\"5\">Sweet Bed by ibis budget<\/strong>. Die Raumlayouts wurden auf eine praktische Nutzung f\u00fcr unterschiedliche Aufenthaltsdauern optimiert.<\/p>\n<p>Stefan Henseling, General Manager beider H\u00e4user, \u00e4u\u00dfert sich zur strategischen Bedeutung des Standorts: \u201eLeipzig ist sowohl f\u00fcr Businessg\u00e4ste als auch St\u00e4dtereisende eine attraktive Destination und wir wollen mit unserem Angebot dazu beitragen, dass unsere G\u00e4ste sie in allen Facetten erleben k\u00f6nnen.\u201c Der Fokus liege dabei auf einem modernen Erscheinungsbild und einem <strong data-index-in-node=\"370\" data-path-to-node=\"6\">fairen Preis-Leistungs-Verh\u00e4ltnis<\/strong>.<\/p>\n<p>\u00a0<\/p>\n","protected":false},"excerpt":{"rendered":"Die Hotelbetriebsgesellschaft Essendi er\u00f6ffnet nach einer umfassenden Renovierungsphase am 30. April\u00a0das ibis Leipzig City am Standort Leipzig wieder.&hellip;\n","protected":false},"author":2,"featured_media":893464,"comment_status":"","ping_status":"","sticky":false,"template":"","format":"standard","meta":{"footnotes":"","_share_on_mastodon":"0"},"categories":[1832],"tags":[26525,3364,29,196423,196421,30,196420,196422,196419,196418,71,859],"class_list":["post-893463","post","type-post","status-publish","format-standard","has-post-thumbnail","category-leipzig","tag-accor","tag-de","tag-deutschland","tag-economy-hotellerie","tag-essendi","tag-germany","tag-hotel-leipzig-wiedereroeffnung","tag-hotelrenovierung-leipzig","tag-ibis-budget-leipzig-city","tag-ibis-leipzig-city","tag-leipzig","tag-sachsen"],"share_on_mastodon":{"url":"https:\/\/pubeurope.com\/@de\/116285119453168614","error":""},"_links":{"self":[{"href":"https:\/\/www.europesays.com\/de\/wp-json\/wp\/v2\/posts\/893463","targetHints":{"allow":["GET"]}}],"collection":[{"href":"https:\/\/www.europesays.com\/de\/wp-json\/wp\/v2\/posts"}],"about":[{"href":"https:\/\/www.europesays.com\/de\/wp-json\/wp\/v2\/types\/post"}],"author":[{"embeddable":true,"href":"https:\/\/www.europesays.com\/de\/wp-json\/wp\/v2\/users\/2"}],"replies":[{"embeddable":true,"href":"https:\/\/www.europesays.com\/de\/wp-json\/wp\/v2\/comments?post=893463"}],"version-history":[{"count":0,"href":"https:\/\/www.europesays.com\/de\/wp-json\/wp\/v2\/posts\/893463\/revisions"}],"wp:featuredmedia":[{"embeddable":true,"href":"https:\/\/www.europesays.com\/de\/wp-json\/wp\/v2\/media\/893464"}],"wp:attachment":[{"href":"https:\/\/www.europesays.com\/de\/wp-json\/wp\/v2\/media?parent=893463"}],"wp:term":[{"taxonomy":"category","embeddable":true,"href":"https:\/\/www.europesays.com\/de\/wp-json\/wp\/v2\/categories?post=893463"},{"taxonomy":"post_tag","embeddable":true,"href":"https:\/\/www.europesays.com\/de\/wp-json\/wp\/v2\/tags?post=893463"}],"curies":[{"name":"wp","href":"https:\/\/api.w.org\/{rel}","templated":true}]}}