{"id":893643,"date":"2026-03-24T18:12:13","date_gmt":"2026-03-24T18:12:13","guid":{"rendered":"https:\/\/www.europesays.com\/de\/893643\/"},"modified":"2026-03-24T18:12:13","modified_gmt":"2026-03-24T18:12:13","slug":"premier-league-darts-muss-van-veen-auch-in-berlin-passen-sportmix","status":"publish","type":"post","link":"https:\/\/www.europesays.com\/de\/893643\/","title":{"rendered":"Premier League Darts: Muss van Veen auch in Berlin passen? | Sportmix"},"content":{"rendered":"<p><a class=\"skip-content skip-content--link\" href=\"#in-content-skip-link-target-v-0-0\">TTS-Player \u00fcberspringen\u21b5<\/a><a id=\"in-content-skip-link-target-v-0-0\" class=\"skip-content--target-link-hidden skip-content skip-content--target-link\" href=\"#in-content-skip-link-target-v-0-0\">Artikel weiterlesen<\/a><\/p>\n<p><b>M\u00fcssen die <\/b><a href=\"https:\/\/sportbild.bild.de\/sportmix\/darts\/darts\/home-78492234.sport.html?t_ref=https%253A%252F%252Fwww.google.com%252F\" class=\"text-link\" rel=\"nofollow noopener\" target=\"_blank\"><b>Darts<\/b><\/a><b>-Fans in Berlin auf einen absoluten Topstar verzichten?<\/b><\/p>\n<p>Am Donnerstag gastiert die Premier League in der Hauptstadt. In der Uber Arena k\u00e4mpfen die besten acht Spieler ab 19 Uhr (live bei Sport1\/DAZN) um den Tagessieg. Eigentlich acht, denn wom\u00f6glich muss der Niederl\u00e4nder Gian van Veen (23) weiter pausieren. Bereits letzte Woche fehlte der WM-Finalist am 7. Spieltag in Dublin. <\/p>\n<p>Hintergrund: van Veen musste letzte Woche ins Krankenhaus. Diagnose: Nierensteine. Ab Samstag war der 23-J\u00e4hrige wieder zu Hause. Danach berichtete er von \u201eschrecklichen Schmerzattacken\u201c. So habe er in drei N\u00e4chten insgesamt nur knapp sechs Stunden geschlafen. Mittlerweile geht es ihm wieder etwas besser, doch ein Start in Berlin ist weiter ungewiss. <\/p>\n<p>Mehr zum Thema<\/p>\n<p>So zitiert das Portal \u201esportnieuws.nl\u201c den Vize-Weltmeister: \u201eIch merke, dass ich in der letzten Woche viel Kraft und Energie verloren habe, ich bin sehr schnell ersch\u00f6pft. Letztes Wochenende war ich bei meiner Familie und habe gemerkt, dass all diese Reize immer noch sehr anstrengend sind.\u201c So habe er am Wochenende 15 Minuten geworfen, danach sei er aber v\u00f6llig fertig und ersch\u00f6pft gewesen. <\/p>\n<p>\u201eIch werde mein Bestes geben\u201c<\/p>\n<p>Bez\u00fcglich des Starts in Berlin erkl\u00e4rt van Veen: \u201eIch werde mein Bestes geben, aber letztendlich geht es nicht nur um die Premier League, so toll sie auch sein mag. Wenn man zu fr\u00fch wieder anf\u00e4ngt und deswegen l\u00e4nger ausf\u00e4llt, will man das auch nicht.\u201c <\/p>\n<p>Klar ist aber auch: Nach sieben Spieltagen rangiert van Veen in der Tabelle der Premier League nur auf Platz sechs. Ein Eventsieg gelang ihm noch nicht. Der R\u00fcckstand auf den wichtigen Platz vier und damit die Qualifikation f\u00fcr das Halbfinale betr\u00e4gt aktuell zwei Punkte. Mit dem Event in Berlin am Donnerstag ist genau die H\u00e4lfte aller Spieltage erreicht. <\/p>\n<p>Dabei w\u00fcrde van Veen vor den deutschen Fans im Viertelfinale auf den Waliser Gerwyn Price treffen. Sollte van Veen wirklich ausfallen, w\u00e4re Price automatisch im Halbfinale des Abends. Darts-Fans werden aber hoffen, dass dies nicht der Fall ist. Denn: Bereits im letzten Jahr fehlte in Berlin ein Topstar. Damals fiel Michael van Gerwen aus. Nicht, dass auch in 2026 ein Holl\u00e4nder im Aufgebot fehlt. <\/p>\n","protected":false},"excerpt":{"rendered":"TTS-Player \u00fcberspringen\u21b5Artikel weiterlesen M\u00fcssen die Darts-Fans in Berlin auf einen absoluten Topstar verzichten? Am Donnerstag gastiert die Premier&hellip;\n","protected":false},"author":2,"featured_media":893644,"comment_status":"","ping_status":"","sticky":false,"template":"","format":"standard","meta":{"footnotes":"","_share_on_mastodon":"0"},"categories":[1825],"tags":[296,5500,3867,5498,5499,29,30,193406,45,5501],"class_list":["post-893643","post","type-post","status-publish","format-standard","has-post-thumbnail","category-berlin","tag-berlin","tag-dart-sportler","tag-darts","tag-darts-ereignisse","tag-darts-wm","tag-deutschland","tag-germany","tag-spobi-sportmix","tag-texttospeech","tag-van-gerwen-michael"],"share_on_mastodon":{"url":"https:\/\/pubeurope.com\/@de\/116285508881839573","error":""},"_links":{"self":[{"href":"https:\/\/www.europesays.com\/de\/wp-json\/wp\/v2\/posts\/893643","targetHints":{"allow":["GET"]}}],"collection":[{"href":"https:\/\/www.europesays.com\/de\/wp-json\/wp\/v2\/posts"}],"about":[{"href":"https:\/\/www.europesays.com\/de\/wp-json\/wp\/v2\/types\/post"}],"author":[{"embeddable":true,"href":"https:\/\/www.europesays.com\/de\/wp-json\/wp\/v2\/users\/2"}],"replies":[{"embeddable":true,"href":"https:\/\/www.europesays.com\/de\/wp-json\/wp\/v2\/comments?post=893643"}],"version-history":[{"count":0,"href":"https:\/\/www.europesays.com\/de\/wp-json\/wp\/v2\/posts\/893643\/revisions"}],"wp:featuredmedia":[{"embeddable":true,"href":"https:\/\/www.europesays.com\/de\/wp-json\/wp\/v2\/media\/893644"}],"wp:attachment":[{"href":"https:\/\/www.europesays.com\/de\/wp-json\/wp\/v2\/media?parent=893643"}],"wp:term":[{"taxonomy":"category","embeddable":true,"href":"https:\/\/www.europesays.com\/de\/wp-json\/wp\/v2\/categories?post=893643"},{"taxonomy":"post_tag","embeddable":true,"href":"https:\/\/www.europesays.com\/de\/wp-json\/wp\/v2\/tags?post=893643"}],"curies":[{"name":"wp","href":"https:\/\/api.w.org\/{rel}","templated":true}]}}