{"id":893946,"date":"2026-03-24T21:04:16","date_gmt":"2026-03-24T21:04:16","guid":{"rendered":"https:\/\/www.europesays.com\/de\/893946\/"},"modified":"2026-03-24T21:04:16","modified_gmt":"2026-03-24T21:04:16","slug":"mohamed-salah-verlaesst-den-fc-liverpool-im-sommer","status":"publish","type":"post","link":"https:\/\/www.europesays.com\/de\/893946\/","title":{"rendered":"Mohamed Salah verl\u00e4sst den FC Liverpool im Sommer"},"content":{"rendered":"<p>Nach neun gemeinsamen Jahren <\/p>\n<p>Mohamed Salah verl\u00e4sst den FC Liverpool<\/p>\n<p>Aktualisiert am 24.03.2026 &#8211; 20:19 UhrLesedauer: 2 Min.<\/p>\n<p><a href=\"#focus-0\" class=\"transition-colors duration-200 block text-current relative\" data-sctrack=\"FocusGalleryImage.Reference\"><img fetchpriority=\"high\" data-testid=\"Opener.Image\" style=\"--lqipURL:url('https:\/\/images.t-online.de\/2026\/03\/4EH0yWoIpu8c\/119x119:3039x1710\/fit-in\/150x0\/filters:blur(25)\/liverpool-england-18th-march-2026-mohamed-salah-of-liverpool-during-the-liverpool-vs-galatasaray-uefa-champions-league-round-of-16-match-at-anfield-liverpool-picture-credit-should-read-cody-froggatt-sportimage-editorial-use-only-no-use-with-unauthorised-audio-video-data-fixture-lists-club-league-logos-or-live-services-online-in-match-use-limited-to-120-images-no-video-emulation-no-use-in-betting-games-or-single-club-league-player-publications-spi-124-cf-liverpool-galatasaray-spi-4618-0123.jpg')\"   loading=\"eager\" src=\"https:\/\/www.europesays.com\/de\/wp-content\/uploads\/2026\/03\/liverpool-england-18th-march-2026-mohamed-salah-of-liverpool-during-the-liverpool-vs-galatasaray-uef.jpeg\" alt=\"imago images 1074551348\" title=\"imago images 1074551348\" width=\"3039\" height=\"1710\" class=\"bg-[url:var(--lqipURL)] bg-cover bg-center flex h-full w-full max-w-full\" decoding=\"async\"\/><img style=\"--width:32;--height:32\" loading=\"lazy\" src=\"https:\/\/www.t-online.de\/s\/paper\/_next\/static\/media\/zoom-in.f7dae02f.svg\" alt=\"Vergr\u00f6\u00dfern des Bildes\" title=\"Vergr\u00f6\u00dfern des Bildes\" class=\"block h-[calc(var(--height)_\/_16_*_1rem)] w-[calc(var(--width)_\/_16_*_1rem)] max-w-none absolute bottom-8 right-8 rounded-4 bg-snow p-8\" decoding=\"async\"\/><\/a><\/p>\n<p>Mohamed Salah ist der drittbeste Torsch\u00fctze in der Klubgeschichte Liverpools. (Quelle: IMAGO\/Cody Froggatt\/imago)<\/p>\n<p class=\"font-bold text-18 leading-17 user-text-lg:text-22 user-text-xl:text-24\">Mohamed Salah war \u00fcber Jahre ein Gesicht des FC Liverpool. Nun verl\u00e4sst der \u00c4gypter den englischen Traditionsklub.<\/p>\n<p class=\"text-18 leading-17 user-text-lg:text-22 user-text-xl:text-24\">Im Sommer 2017 wechselte <a class=\"transition-colors duration-200 cursor-pointer text-inherit no-underline text-salemsfur md:hover:text-magenta md:hover:border-magenta md:focus:text-magenta border-current border-b border-solid break-words\" data-tracking=\"{&quot;action&quot;:&quot;click&quot;,&quot;category&quot;:&quot;intextLink&quot;,&quot;label&quot;:&quot;\/themen\/mohamed-salah\/&quot;}\" href=\"https:\/\/www.t-online.de\/themen\/mohamed-salah\/\" data-sctrack=\"BodyAnchor\" rel=\"nofollow noopener\" target=\"_blank\">Mohamed Salah<\/a> zum <a class=\"transition-colors duration-200 cursor-pointer text-inherit no-underline text-salemsfur md:hover:text-magenta md:hover:border-magenta md:focus:text-magenta border-current border-b border-solid break-words\" data-tracking=\"{&quot;action&quot;:&quot;click&quot;,&quot;category&quot;:&quot;intextLink&quot;,&quot;label&quot;:&quot;\/themen\/fc-liverpool\/&quot;}\" href=\"https:\/\/www.t-online.de\/themen\/fc-liverpool\/\" data-sctrack=\"BodyAnchor\" rel=\"nofollow noopener\" target=\"_blank\">FC Liverpool<\/a>, entwickelte sich dort in neun Jahren zu einer Vereinslegende und einem der gef\u00fcrchtetsten Offensivspieler der Welt. Im Sommer 2026 trennen sich die Wege, wie der Verein am Dienstagabend mitgeteilt hat.<\/p>\n<p class=\"text-18 leading-17 user-text-lg:text-22 user-text-xl:text-24\">Noch vor einem Jahr hatte Salah nach langem Hin und Her seinen Vertrag um zwei Jahre verl\u00e4ngert. Jetzt verst\u00e4ndigten sich Liverpool und der Superstar auf eine Beendigung der Zusammenarbeit nach der laufenden Saison.<\/p>\n<p class=\"text-18 leading-17 user-text-lg:text-22 user-text-xl:text-24\">Der \u00c4gypter ver\u00f6ffentlichte auf Instagram ein Video, in dem er sich an die Fans wendet und auf die neun Jahre beim englischen Traditionsklub zur\u00fcckblickt. &#8222;Ich werde immer ein Teil von euch sein. Dieser Klub wird immer mein Zuhause sein&#8220;, sagt er in dem emotionalen Clip.<\/p>\n<p class=\"text-18 leading-17 user-text-lg:text-22 user-text-xl:text-24\">&#8222;Liverpool ist mehr als ein Fu\u00dfballklub, ich kann das nicht in Worte fassen&#8220;, f\u00fchrte er aus. &#8222;Wir haben gro\u00dfe Siege zusammen gefeiert, viele Troph\u00e4en gewonnen und immer f\u00fcreinander gek\u00e4mpft.&#8220;<\/p>\n<p class=\"text-18 leading-17 user-text-lg:text-22 user-text-xl:text-24\">Salah war im Sommer 2017 von der AS Roma zum FC Liverpool gewechselt, gewann mit den Engl\u00e4ndern seither unter anderem zweimal die <a class=\"transition-colors duration-200 cursor-pointer text-inherit no-underline text-salemsfur md:hover:text-magenta md:hover:border-magenta md:focus:text-magenta border-current border-b border-solid break-words\" data-tracking=\"{&quot;action&quot;:&quot;click&quot;,&quot;category&quot;:&quot;intextLink&quot;,&quot;label&quot;:&quot;\/themen\/premier-league\/&quot;}\" href=\"https:\/\/www.t-online.de\/themen\/premier-league\/\" data-sctrack=\"BodyAnchor\" rel=\"nofollow noopener\" target=\"_blank\">Premier League<\/a> und einmal die <a class=\"transition-colors duration-200 cursor-pointer text-inherit no-underline text-salemsfur md:hover:text-magenta md:hover:border-magenta md:focus:text-magenta border-current border-b border-solid break-words\" data-tracking=\"{&quot;action&quot;:&quot;click&quot;,&quot;category&quot;:&quot;intextLink&quot;,&quot;label&quot;:&quot;\/sport\/ergebnisse-tabelle\/fussball\/champions-league-m\/ergebnisse\/sdc_fmdo-5\/champions-league-m-aktueller-spieltag.html&quot;}\" href=\"https:\/\/www.t-online.de\/sport\/ergebnisse-tabelle\/fussball\/champions-league-m\/ergebnisse\/sdc_fmdo-5\/champions-league-m-aktueller-spieltag.html\" data-sctrack=\"BodyAnchor\" rel=\"nofollow noopener\" target=\"_blank\">Champions League<\/a>. Dabei war er stets einer der wichtigsten Spieler im Team. In 435 Pflichtspielen hat er 255 Tore erzielt und 122 weitere vorbereitet. Er wird die &#8222;Reds&#8220; damit als drittbester Torsch\u00fctze der Vereinsgeschichte verlassen.<\/p>\n<p class=\"text-18 leading-17 user-text-lg:text-22 user-text-xl:text-24\">Ob der 33-j\u00e4hrige Salah seine Karriere im Sommer andernorts fortsetzen wird, ist unterdessen offen. Als sich seine Vertragsverl\u00e4ngerung in der Vorsaison \u00fcber mehrere Monate hingezogen hat, wurde unter anderem \u00fcber einen Wechsel nach Saudi-Arabien spekuliert.<\/p>\n","protected":false},"excerpt":{"rendered":"Nach neun gemeinsamen Jahren Mohamed Salah verl\u00e4sst den FC Liverpool Aktualisiert am 24.03.2026 &#8211; 20:19 UhrLesedauer: 2 Min.&hellip;\n","protected":false},"author":2,"featured_media":893947,"comment_status":"","ping_status":"","sticky":false,"template":"","format":"standard","meta":{"footnotes":"","_share_on_mastodon":"0"},"categories":[136],"tags":[29,954,30,152,153643,23456,1303,265,23918],"class_list":["post-893946","post","type-post","status-publish","format-standard","has-post-thumbnail","category-sport","tag-deutschland","tag-fc-liverpool","tag-germany","tag-instagram","tag-klubgeschichte","tag-liverpool","tag-mohamed-salah","tag-sport","tag-traditionsklub"],"share_on_mastodon":{"url":"https:\/\/pubeurope.com\/@de\/116286184995010485","error":""},"_links":{"self":[{"href":"https:\/\/www.europesays.com\/de\/wp-json\/wp\/v2\/posts\/893946","targetHints":{"allow":["GET"]}}],"collection":[{"href":"https:\/\/www.europesays.com\/de\/wp-json\/wp\/v2\/posts"}],"about":[{"href":"https:\/\/www.europesays.com\/de\/wp-json\/wp\/v2\/types\/post"}],"author":[{"embeddable":true,"href":"https:\/\/www.europesays.com\/de\/wp-json\/wp\/v2\/users\/2"}],"replies":[{"embeddable":true,"href":"https:\/\/www.europesays.com\/de\/wp-json\/wp\/v2\/comments?post=893946"}],"version-history":[{"count":0,"href":"https:\/\/www.europesays.com\/de\/wp-json\/wp\/v2\/posts\/893946\/revisions"}],"wp:featuredmedia":[{"embeddable":true,"href":"https:\/\/www.europesays.com\/de\/wp-json\/wp\/v2\/media\/893947"}],"wp:attachment":[{"href":"https:\/\/www.europesays.com\/de\/wp-json\/wp\/v2\/media?parent=893946"}],"wp:term":[{"taxonomy":"category","embeddable":true,"href":"https:\/\/www.europesays.com\/de\/wp-json\/wp\/v2\/categories?post=893946"},{"taxonomy":"post_tag","embeddable":true,"href":"https:\/\/www.europesays.com\/de\/wp-json\/wp\/v2\/tags?post=893946"}],"curies":[{"name":"wp","href":"https:\/\/api.w.org\/{rel}","templated":true}]}}