{"id":894186,"date":"2026-03-24T23:17:39","date_gmt":"2026-03-24T23:17:39","guid":{"rendered":"https:\/\/www.europesays.com\/de\/894186\/"},"modified":"2026-03-24T23:17:39","modified_gmt":"2026-03-24T23:17:39","slug":"bvb-star-nico-schlotterbeck-soll-top-verdiener-werden","status":"publish","type":"post","link":"https:\/\/www.europesays.com\/de\/894186\/","title":{"rendered":"BVB-Star Nico Schlotterbeck soll Top-Verdiener werden"},"content":{"rendered":"<p>Verl\u00e4ngerung steht bevor <\/p>\n<p>Schlotterbeck soll beim BVB Topverdiener werden<\/p>\n<p>24.03.2026 &#8211; 19:09 UhrLesedauer: 1 Min.<\/p>\n<p><a href=\"#focus-0\" class=\"transition-colors duration-200 block text-current relative\" data-sctrack=\"FocusGalleryImage.Reference\"><img fetchpriority=\"high\" data-testid=\"Opener.Image\" style=\"--lqipURL:url('https:\/\/images.t-online.de\/2026\/02\/nXYYjANNc2R4\/0x186:3574x2010\/fit-in\/150x0\/filters:blur(25)\/nico-schlotterbeck-er-brachte-den-bvb-in-fuehrung-hatte-aber-auch-glueck-das-spiel-beenden-zu-duerfen.jpg')\"   loading=\"eager\" src=\"https:\/\/www.europesays.com\/de\/wp-content\/uploads\/2026\/03\/nico-schlotterbeck-er-brachte-den-bvb-in-fuehrung-hatte-aber-auch-glueck-das-spiel-beenden-zu-duerfe.jpeg\" alt=\"Nico Schlotterbeck: Er brachte den BVB in F\u00fchrung, hatte aber auch Gl\u00fcck das Spiel beenden zu d\u00fcrfen.\" title=\"Nico Schlotterbeck: Er brachte den BVB in F\u00fchrung, hatte aber auch Gl\u00fcck das Spiel beenden zu d\u00fcrfen.\" width=\"3574\" height=\"2010\" class=\"bg-[url:var(--lqipURL)] bg-cover bg-center flex h-full w-full max-w-full\" decoding=\"async\"\/><img style=\"--width:32;--height:32\" loading=\"lazy\" src=\"https:\/\/www.t-online.de\/s\/paper\/_next\/static\/media\/zoom-in.f7dae02f.svg\" alt=\"Vergr\u00f6\u00dfern des Bildes\" title=\"Vergr\u00f6\u00dfern des Bildes\" class=\"block h-[calc(var(--height)_\/_16_*_1rem)] w-[calc(var(--width)_\/_16_*_1rem)] max-w-none absolute bottom-8 right-8 rounded-4 bg-snow p-8\" decoding=\"async\"\/><\/a><\/p>\n<p>Nico Schlotterbeck: Der 26-J\u00e4hrige k\u00f6nnte wohl bald beim BVB verl\u00e4ngern. (Quelle: Bahho Kara\/imago-images-bilder)<\/p>\n<p class=\"font-bold text-18 leading-17 user-text-lg:text-22 user-text-xl:text-24\">Borussia Dortmund will unbedingt mit Nico Schlotterbeck verl\u00e4ngern. \u00dcber den Stand der Verhandlungen berichten zwei Medien unterschiedlich, lediglich bei einem Detail herrscht Einigkeit.<\/p>\n<p class=\"text-18 leading-17 user-text-lg:text-22 user-text-xl:text-24\"><a class=\"transition-colors duration-200 cursor-pointer text-inherit no-underline text-salemsfur md:hover:text-magenta md:hover:border-magenta md:focus:text-magenta border-current border-b border-solid break-words\" data-tracking=\"{&quot;action&quot;:&quot;click&quot;,&quot;category&quot;:&quot;intextLink&quot;,&quot;label&quot;:&quot;\/themen\/nico-schlotterbeck\/&quot;}\" href=\"https:\/\/www.t-online.de\/themen\/nico-schlotterbeck\/\" data-sctrack=\"BodyAnchor\" rel=\"nofollow noopener\" target=\"_blank\">Nico Schlotterbeck<\/a> wird seinen Vertrag bei Borussia Dortmund offenbar verl\u00e4ngern. Das berichten &#8222;Bild&#8220; und die &#8222;Waz&#8220;, wenngleich beide Medien \u00fcber einen unterschiedlichen Stand der Verhandlungen informieren.<\/p>\n<p class=\"text-18 leading-17 user-text-lg:text-22 user-text-xl:text-24\">W\u00e4hrend es laut &#8222;Bild&#8220; bereits zum &#8222;Durchbruch&#8220; kam und sich die Vertragsverl\u00e4ngerung &#8222;auf der Zielgeraden&#8220; befinde, widerspricht die &#8222;Waz&#8220; diesem Bericht. Vielmehr seien die BVB-Bosse um Sport-Gesch\u00e4ftsf\u00fchrer <a class=\"transition-colors duration-200 cursor-pointer text-inherit no-underline text-salemsfur md:hover:text-magenta md:hover:border-magenta md:focus:text-magenta border-current border-b border-solid break-words\" data-tracking=\"{&quot;action&quot;:&quot;click&quot;,&quot;category&quot;:&quot;intextLink&quot;,&quot;label&quot;:&quot;\/themen\/lars-ricken\/&quot;}\" href=\"https:\/\/www.t-online.de\/themen\/lars-ricken\/\" data-sctrack=\"BodyAnchor\" rel=\"nofollow noopener\" target=\"_blank\">Lars Ricken<\/a> &#8222;vorsichtig optimistisch&#8220;, dass der Innenverteidiger langfristig das schwarz-gelbe Trikot tragen wird.<\/p>\n<p class=\"text-18 leading-17 user-text-lg:text-22 user-text-xl:text-24\">Einigkeit herrscht unterdessen bei einigen Vertragsdetails. So soll Schlotterbeck inklusive Boni auf rund 14 Millionen Euro Gehalt kommen und damit Topverdiener werden. Aktuell ist das noch Niklas S\u00fcle, der sch\u00e4tzungsweise zw\u00f6lf Millionen Euro pro Jahr verdienen soll. Sein Vertrag l\u00e4uft jedoch im Sommer aus und wird nicht verl\u00e4ngert.<\/p>\n<p class=\"text-18 leading-17 user-text-lg:text-22 user-text-xl:text-24\">Au\u00dferdem soll das neue Arbeitspapier von Schlotterbeck bis 2031 gehen und eine Ausstiegsklausel f\u00fcr den Sommer 2027 beinhalten. Dann k\u00f6nnte der deutsche Nationalspieler f\u00fcr eine festgeschriebene Abl\u00f6se von 60 Millionen Euro den <a class=\"transition-colors duration-200 cursor-pointer text-inherit no-underline text-salemsfur md:hover:text-magenta md:hover:border-magenta md:focus:text-magenta border-current border-b border-solid break-words\" data-tracking=\"{&quot;action&quot;:&quot;click&quot;,&quot;category&quot;:&quot;intextLink&quot;,&quot;label&quot;:&quot;\/themen\/borussia-dortmund\/&quot;}\" href=\"https:\/\/www.t-online.de\/themen\/borussia-dortmund\/\" data-sctrack=\"BodyAnchor\" rel=\"nofollow noopener\" target=\"_blank\">BVB<\/a> verlassen.<\/p>\n<p class=\"text-18 leading-17 user-text-lg:text-22 user-text-xl:text-24\">Zu den Informationen der beiden Zeitungen passt auch die Aussage vom externen Dortmund-Berater <a class=\"transition-colors duration-200 cursor-pointer text-inherit no-underline text-salemsfur md:hover:text-magenta md:hover:border-magenta md:focus:text-magenta border-current border-b border-solid break-words\" data-tracking=\"{&quot;action&quot;:&quot;click&quot;,&quot;category&quot;:&quot;intextLink&quot;,&quot;label&quot;:&quot;\/themen\/matthias-sammer\/&quot;}\" href=\"https:\/\/www.t-online.de\/themen\/matthias-sammer\/\" data-sctrack=\"BodyAnchor\" rel=\"nofollow noopener\" target=\"_blank\">Matthias Sammer<\/a>. Bei Sky sagte er zuletzt: &#8222;Ich bin zutiefst davon \u00fcberzeugt, dass er bei <a class=\"transition-colors duration-200 cursor-pointer text-inherit no-underline text-salemsfur md:hover:text-magenta md:hover:border-magenta md:focus:text-magenta border-current border-b border-solid break-words\" data-tracking=\"{&quot;action&quot;:&quot;click&quot;,&quot;category&quot;:&quot;intextLink&quot;,&quot;label&quot;:&quot;\/themen\/borussia-dortmund\/&quot;}\" href=\"https:\/\/www.t-online.de\/themen\/borussia-dortmund\/\" data-sctrack=\"BodyAnchor\" rel=\"nofollow noopener\" target=\"_blank\">Borussia Dortmund<\/a> bleibt!&#8220;<\/p>\n","protected":false},"excerpt":{"rendered":"Verl\u00e4ngerung steht bevor Schlotterbeck soll beim BVB Topverdiener werden 24.03.2026 &#8211; 19:09 UhrLesedauer: 1 Min. Nico Schlotterbeck: Der&hellip;\n","protected":false},"author":2,"featured_media":894187,"comment_status":"","ping_status":"","sticky":false,"template":"","format":"standard","meta":{"footnotes":"","_share_on_mastodon":"0"},"categories":[1833],"tags":[403,3364,29,217,30,27276,5973,1209,23873],"class_list":["post-894186","post","type-post","status-publish","format-standard","has-post-thumbnail","category-dortmund","tag-bvb","tag-de","tag-deutschland","tag-dortmund","tag-germany","tag-lars-ricken","tag-nico-schlotterbeck","tag-nordrhein-westfalen","tag-profifussball"],"share_on_mastodon":{"url":"https:\/\/pubeurope.com\/@de\/116286707839943803","error":""},"_links":{"self":[{"href":"https:\/\/www.europesays.com\/de\/wp-json\/wp\/v2\/posts\/894186","targetHints":{"allow":["GET"]}}],"collection":[{"href":"https:\/\/www.europesays.com\/de\/wp-json\/wp\/v2\/posts"}],"about":[{"href":"https:\/\/www.europesays.com\/de\/wp-json\/wp\/v2\/types\/post"}],"author":[{"embeddable":true,"href":"https:\/\/www.europesays.com\/de\/wp-json\/wp\/v2\/users\/2"}],"replies":[{"embeddable":true,"href":"https:\/\/www.europesays.com\/de\/wp-json\/wp\/v2\/comments?post=894186"}],"version-history":[{"count":0,"href":"https:\/\/www.europesays.com\/de\/wp-json\/wp\/v2\/posts\/894186\/revisions"}],"wp:featuredmedia":[{"embeddable":true,"href":"https:\/\/www.europesays.com\/de\/wp-json\/wp\/v2\/media\/894187"}],"wp:attachment":[{"href":"https:\/\/www.europesays.com\/de\/wp-json\/wp\/v2\/media?parent=894186"}],"wp:term":[{"taxonomy":"category","embeddable":true,"href":"https:\/\/www.europesays.com\/de\/wp-json\/wp\/v2\/categories?post=894186"},{"taxonomy":"post_tag","embeddable":true,"href":"https:\/\/www.europesays.com\/de\/wp-json\/wp\/v2\/tags?post=894186"}],"curies":[{"name":"wp","href":"https:\/\/api.w.org\/{rel}","templated":true}]}}