{"id":894462,"date":"2026-03-25T01:51:20","date_gmt":"2026-03-25T01:51:20","guid":{"rendered":"https:\/\/www.europesays.com\/de\/894462\/"},"modified":"2026-03-25T01:51:20","modified_gmt":"2026-03-25T01:51:20","slug":"tresoldi-fiebert-mit-hannover-96-und-kaempft-um-em-ticket","status":"publish","type":"post","link":"https:\/\/www.europesays.com\/de\/894462\/","title":{"rendered":"Tresoldi fiebert mit Hannover 96 und k\u00e4mpft um EM-Ticket"},"content":{"rendered":"<p>    &#13;<br \/>\n      24.03.2026, 16:34 \/ Lesedauer: ca. 2min EM-Qualifikation U21 <\/p>\n<p class=\"intro\">Die DFB-U21 k\u00e4mpft um die EM-Qualifikation. Nicol\u00f2 Tresoldi spricht \u00fcber besondere Gef\u00fchle beim Spiel in Braunschweig und seine erfolgreiche Zeit in Belgien. <\/p>\n<p>      &#13;<br \/>\n        <img decoding=\"async\"   src=\"https:\/\/www.europesays.com\/de\/wp-content\/uploads\/2026\/03\/nicolo-tresoldi-spielt-mit-der-deutschen-u21-gegen-1180141.jpg\" title=\"Tresoldi fiebert mit Hannover 96 und k\u00e4mpft um EM-Ticket \" alt=\"Nicolo Tresoldi spielt mit der deutschen U21 gegen Nordirland und Griechenland. (Archivbild) Foto: Jens B\u00fcttner\/dpa\" class=\"img-responsive\"\/>&#13;<\/p>\n<p class=\"image-credit\">&#13;<br \/>\n\t\t\t\t\t\u00a9 Jens B\u00fcttner\/dpa<\/p>\n<p>&#13;<br \/>\n        &#13;<br \/>\n        &#13;<\/p>\n<p>Nicolo Tresoldi spielt mit der deutschen U21 gegen Nordirland und Griechenland. (Archivbild) Foto: Jens B\u00fcttner\/dpa <\/p>\n<p>&#13;<\/p>\n<p class=\"image-credit\">&#13;<br \/>\n\t\t\t\t\t\t\t\u00a9 Jens B\u00fcttner\/dpa<\/p>\n<p>&#13;<br \/>\n        &#13;<\/p>\n<p class=\"author\">&#13;<br \/>\n      Von dpa<\/p>\n","protected":false},"excerpt":{"rendered":"&#13; 24.03.2026, 16:34 \/ Lesedauer: ca. 2min EM-Qualifikation U21 Die DFB-U21 k\u00e4mpft um die EM-Qualifikation. Nicol\u00f2 Tresoldi spricht&hellip;\n","protected":false},"author":2,"featured_media":894463,"comment_status":"","ping_status":"","sticky":false,"template":"","format":"standard","meta":{"footnotes":"","_share_on_mastodon":"0"},"categories":[1836],"tags":[621,3364,29,481,11403,663,5282,30,1565,46,2366,38843,1411,5384,13764,22156],"class_list":["post-894462","post","type-post","status-publish","format-standard","has-post-thumbnail","category-hannover","tag-2-bundesliga","tag-de","tag-deutschland","tag-dfb","tag-em","tag-europa","tag-fuball","tag-germany","tag-griechenland","tag-hannover","tag-hannover-96","tag-junioren","tag-niedersachsen","tag-nordirland","tag-qualifikation","tag-u21"],"share_on_mastodon":{"url":"https:\/\/pubeurope.com\/@de\/116287313491978528","error":""},"_links":{"self":[{"href":"https:\/\/www.europesays.com\/de\/wp-json\/wp\/v2\/posts\/894462","targetHints":{"allow":["GET"]}}],"collection":[{"href":"https:\/\/www.europesays.com\/de\/wp-json\/wp\/v2\/posts"}],"about":[{"href":"https:\/\/www.europesays.com\/de\/wp-json\/wp\/v2\/types\/post"}],"author":[{"embeddable":true,"href":"https:\/\/www.europesays.com\/de\/wp-json\/wp\/v2\/users\/2"}],"replies":[{"embeddable":true,"href":"https:\/\/www.europesays.com\/de\/wp-json\/wp\/v2\/comments?post=894462"}],"version-history":[{"count":0,"href":"https:\/\/www.europesays.com\/de\/wp-json\/wp\/v2\/posts\/894462\/revisions"}],"wp:featuredmedia":[{"embeddable":true,"href":"https:\/\/www.europesays.com\/de\/wp-json\/wp\/v2\/media\/894463"}],"wp:attachment":[{"href":"https:\/\/www.europesays.com\/de\/wp-json\/wp\/v2\/media?parent=894462"}],"wp:term":[{"taxonomy":"category","embeddable":true,"href":"https:\/\/www.europesays.com\/de\/wp-json\/wp\/v2\/categories?post=894462"},{"taxonomy":"post_tag","embeddable":true,"href":"https:\/\/www.europesays.com\/de\/wp-json\/wp\/v2\/tags?post=894462"}],"curies":[{"name":"wp","href":"https:\/\/api.w.org\/{rel}","templated":true}]}}