{"id":894664,"date":"2026-03-25T03:44:16","date_gmt":"2026-03-25T03:44:16","guid":{"rendered":"https:\/\/www.europesays.com\/de\/894664\/"},"modified":"2026-03-25T03:44:16","modified_gmt":"2026-03-25T03:44:16","slug":"barry-manilow-muss-buehnenrueckkehr-verschieben","status":"publish","type":"post","link":"https:\/\/www.europesays.com\/de\/894664\/","title":{"rendered":"Barry Manilow muss B\u00fchnenr\u00fcckkehr verschieben"},"content":{"rendered":"<p>Nach Krebsdiagnose und OP <\/p>\n<p>Barry Manilow muss B\u00fchnenr\u00fcckkehr verschieben<\/p>\n<p>Aktualisiert am 25.03.2026 &#8211; 01:15 UhrLesedauer: 2 Min.<\/p>\n<p><a href=\"#focus-0\" class=\"transition-colors duration-200 block text-current relative\" data-sctrack=\"FocusGalleryImage.Reference\"><img fetchpriority=\"high\" data-testid=\"Opener.Image\" style=\"--lqipURL:url('https:\/\/images.t-online.de\/2025\/12\/AHwezk39KtEV\/1005x181:1934x1088\/fit-in\/150x0\/filters:blur(25)\/barry-manilow-der-saenger-muss-eine-pause-einlegen.jpg')\"   loading=\"eager\" src=\"https:\/\/www.europesays.com\/de\/wp-content\/uploads\/2026\/03\/barry-manilow-der-saenger-muss-eine-pause-einlegen.jpg\" alt=\"Barry Manilow: Der S\u00e4nger muss eine Pause einlegen.\" title=\"Barry Manilow: Der S\u00e4nger muss eine Pause einlegen.\" width=\"1934\" height=\"1088\" class=\"bg-[url:var(--lqipURL)] bg-cover bg-center flex h-full w-full max-w-full\" decoding=\"async\"\/><img style=\"--width:32;--height:32\" loading=\"lazy\" src=\"https:\/\/www.t-online.de\/s\/paper\/_next\/static\/media\/zoom-in.f7dae02f.svg\" alt=\"Vergr\u00f6\u00dfern des Bildes\" title=\"Vergr\u00f6\u00dfern des Bildes\" class=\"block h-[calc(var(--height)_\/_16_*_1rem)] w-[calc(var(--width)_\/_16_*_1rem)] max-w-none absolute bottom-8 right-8 rounded-4 bg-snow p-8\" decoding=\"async\"\/><\/a><\/p>\n<p>Barry Manilow: Der S\u00e4nger ist an Krebs erkrankt. (Quelle: IMAGO \/ Everett Collection)<\/p>\n<p class=\"font-bold text-18 leading-17 user-text-lg:text-22 user-text-xl:text-24\">Im vergangenen Jahr machte der S\u00e4nger publik, dass bei ihm Lungenkrebs entdeckt wurde. Nach einer OP muss sich Barry Manilow weiter erholen.<\/p>\n<p class=\"text-18 leading-17 user-text-lg:text-22 user-text-xl:text-24\">Seinen Welthit &#8222;Mandy&#8220; wird Barry Manilow erst einmal nicht mehr live singen k\u00f6nnen. Der 82-J\u00e4hrige muss nach einer Lungenkrebs-Operation eine l\u00e4ngere Pause einlegen. Auf \u00e4rztliches Anraten verschob er seine f\u00fcr Januar und Februar geplanten Auftritte auf April.<\/p>\n<p class=\"text-18 leading-17 user-text-lg:text-22 user-text-xl:text-24\">Doch auch dann wird er wohl nicht auf die B\u00fchne zur\u00fcckkehren k\u00f6nnen. Er erhole sich zwar und sei aktuell in guter Verfassung, &#8222;aber mein K\u00f6rper ist noch nicht bereit&#8220;, sagte der Musiker jetzt in einem neuen Interview mit dem &#8222;People&#8220;-Magazin. &#8222;Ich lerne gerade wieder das Atmen.&#8220;<\/p>\n<p class=\"text-18 leading-17 user-text-lg:text-22 user-text-xl:text-24\">Seine Shows seien so energiegeladen, dass man sie nur in Top-Form durchhalten w\u00fcrde \u2013 und er schaffe es gerade einmal drei Lieder hintereinander zu singen, dann brauche er eine Pause. &#8222;Ich w\u00fcrde die 90 Minuten nicht durchhalten&#8220;, sagte der 82-J\u00e4hrige und offenbarte: &#8222;Es ist sehr frustrierend und macht mich so traurig, dass ich nicht tun kann, was ich liebe.&#8220;<\/p>\n<p class=\"text-18 leading-17 user-text-lg:text-22 user-text-xl:text-24\">Doch im Moment stehe an erster Stelle, wieder ganz gesund zu werden. Die Erkrankung habe ihn stark gepr\u00e4gt, betonte Barry Manilow. &#8222;Man denkt einfach nicht dar\u00fcber nach, wie zerbrechlich das Leben ist. Und pl\u00f6tzlich hat man Lungenkrebs&#8220;, so der S\u00e4nger. Die fr\u00fche Diagnose sei entscheidend f\u00fcr seine Genesung gewesen.<\/p>\n<p class=\"text-18 leading-17 user-text-lg:text-22 user-text-xl:text-24\">Er sei eigentlich wegen H\u00fcftproblemen zum Arzt gegangen. Dieser ordnete zun\u00e4chst ein <a class=\"transition-colors duration-200 cursor-pointer text-inherit no-underline text-salemsfur md:hover:text-magenta md:hover:border-magenta md:focus:text-magenta border-current border-b border-solid break-words\" data-tracking=\"{&quot;action&quot;:&quot;click&quot;,&quot;category&quot;:&quot;intextLink&quot;,&quot;label&quot;:&quot;\/gesundheit\/krankheiten-symptome\/untersuchung-und-behandlung\/id_91604712\/magnetresonanztomografie-mrt-ablauf-dauer-risiken.html&quot;}\" href=\"https:\/\/www.t-online.de\/gesundheit\/krankheiten-symptome\/untersuchung-und-behandlung\/id_91604712\/magnetresonanztomografie-mrt-ablauf-dauer-risiken.html\" data-sctrack=\"BodyAnchor\" rel=\"nofollow noopener\" target=\"_blank\">MRT<\/a> des Beckens und dann der Lunge an, als er erfuhr, dass der Musiker zuvor mit <a class=\"transition-colors duration-200 cursor-pointer text-inherit no-underline text-salemsfur md:hover:text-magenta md:hover:border-magenta md:focus:text-magenta border-current border-b border-solid break-words\" data-tracking=\"{&quot;action&quot;:&quot;click&quot;,&quot;category&quot;:&quot;intextLink&quot;,&quot;label&quot;:&quot;\/gesundheit\/krankheiten-symptome\/atemwegserkrankungen\/id_100065070\/bronchitis-formen-ursachen.html&quot;}\" href=\"https:\/\/www.t-online.de\/gesundheit\/krankheiten-symptome\/atemwegserkrankungen\/id_100065070\/bronchitis-formen-ursachen.html\" data-sctrack=\"BodyAnchor\" rel=\"nofollow noopener\" target=\"_blank\">Bronchitis<\/a> zu k\u00e4mpfen hatte. &#8222;Wenn er das nicht getan h\u00e4tte \u2026 er hat mir das Leben gerettet, denn ich hatte keinerlei Symptome. Mir tat nichts weh \u2013 aber dann entdeckten sie diesen Punkt in meiner Lunge.&#8220;<\/p>\n<p class=\"text-18 leading-17 user-text-lg:text-22 user-text-xl:text-24\">Kurz vor <a class=\"transition-colors duration-200 cursor-pointer text-inherit no-underline text-salemsfur md:hover:text-magenta md:hover:border-magenta md:focus:text-magenta border-current border-b border-solid break-words\" data-tracking=\"{&quot;action&quot;:&quot;click&quot;,&quot;category&quot;:&quot;intextLink&quot;,&quot;label&quot;:&quot;\/themen\/weihnachten\/&quot;}\" href=\"https:\/\/www.t-online.de\/themen\/weihnachten\/\" data-sctrack=\"BodyAnchor\" rel=\"nofollow noopener\" target=\"_blank\">Weihnachten<\/a> 2025 hatte Barry Manilow seine Lungenkrebs-Diagnose \u00f6ffentlich gemacht. Bei einer Operation wenig sp\u00e4ter konnte das verd\u00e4chtige Gewebe komplett entfernt werden. <a class=\"transition-colors duration-200 cursor-pointer text-inherit no-underline text-salemsfur md:hover:text-magenta md:hover:border-magenta md:focus:text-magenta border-current border-b border-solid break-words\" data-tracking=\"{&quot;action&quot;:&quot;click&quot;,&quot;category&quot;:&quot;intextLink&quot;,&quot;label&quot;:&quot;\/gesundheit\/krankheiten-symptome\/krebserkrankungen\/id_91623762\/krebs-das-passiert-bei-einer-chemotherapie-ablauf-arten-nebenwirkungen.html&quot;}\" href=\"https:\/\/www.t-online.de\/gesundheit\/krankheiten-symptome\/krebserkrankungen\/id_91623762\/krebs-das-passiert-bei-einer-chemotherapie-ablauf-arten-nebenwirkungen.html\" data-sctrack=\"BodyAnchor\" rel=\"nofollow noopener\" target=\"_blank\">Chemotherapie<\/a> und Bestrahlung brauchte er bisher nicht.<\/p>\n","protected":false},"excerpt":{"rendered":"Nach Krebsdiagnose und OP Barry Manilow muss B\u00fchnenr\u00fcckkehr verschieben Aktualisiert am 25.03.2026 &#8211; 01:15 UhrLesedauer: 2 Min. Barry&hellip;\n","protected":false},"author":2,"featured_media":894665,"comment_status":"","ping_status":"","sticky":false,"template":"","format":"standard","meta":{"footnotes":"","_share_on_mastodon":"0"},"categories":[1776],"tags":[96753,196632,1801,29,214,30,21377,53850,1802,215],"class_list":["post-894664","post","type-post","status-publish","format-standard","has-post-thumbnail","category-prominente","tag-barry-manilow","tag-buehnenrueckkehr","tag-celebrities","tag-deutschland","tag-entertainment","tag-germany","tag-krebsdiagnose","tag-lungenkrebs","tag-prominente","tag-unterhaltung"],"share_on_mastodon":{"url":"https:\/\/pubeurope.com\/@de\/116287757803012040","error":""},"_links":{"self":[{"href":"https:\/\/www.europesays.com\/de\/wp-json\/wp\/v2\/posts\/894664","targetHints":{"allow":["GET"]}}],"collection":[{"href":"https:\/\/www.europesays.com\/de\/wp-json\/wp\/v2\/posts"}],"about":[{"href":"https:\/\/www.europesays.com\/de\/wp-json\/wp\/v2\/types\/post"}],"author":[{"embeddable":true,"href":"https:\/\/www.europesays.com\/de\/wp-json\/wp\/v2\/users\/2"}],"replies":[{"embeddable":true,"href":"https:\/\/www.europesays.com\/de\/wp-json\/wp\/v2\/comments?post=894664"}],"version-history":[{"count":0,"href":"https:\/\/www.europesays.com\/de\/wp-json\/wp\/v2\/posts\/894664\/revisions"}],"wp:featuredmedia":[{"embeddable":true,"href":"https:\/\/www.europesays.com\/de\/wp-json\/wp\/v2\/media\/894665"}],"wp:attachment":[{"href":"https:\/\/www.europesays.com\/de\/wp-json\/wp\/v2\/media?parent=894664"}],"wp:term":[{"taxonomy":"category","embeddable":true,"href":"https:\/\/www.europesays.com\/de\/wp-json\/wp\/v2\/categories?post=894664"},{"taxonomy":"post_tag","embeddable":true,"href":"https:\/\/www.europesays.com\/de\/wp-json\/wp\/v2\/tags?post=894664"}],"curies":[{"name":"wp","href":"https:\/\/api.w.org\/{rel}","templated":true}]}}