{"id":894683,"date":"2026-03-25T03:57:14","date_gmt":"2026-03-25T03:57:14","guid":{"rendered":"https:\/\/www.europesays.com\/de\/894683\/"},"modified":"2026-03-25T03:57:14","modified_gmt":"2026-03-25T03:57:14","slug":"fdp-fuehrung-strack-zimmermann-wirft-christian-duerr-realitaetsverweigerung-vor","status":"publish","type":"post","link":"https:\/\/www.europesays.com\/de\/894683\/","title":{"rendered":"FDP-F\u00fchrung: Strack-Zimmermann wirft Christian D\u00fcrr &#8222;Realit\u00e4tsverweigerung&#8220; vor"},"content":{"rendered":"<p class=\"paragraph article__item\">Nach dem angek\u00fcndigten R\u00fccktritt des FDP-Bundesvorstands hat die FDP-Europapolitikerin <a class=\"rtr-entity\" href=\"https:\/\/www.zeit.de\/thema\/marie-agnes-strack-zimmermann\" rel=\"nofollow noopener\" target=\"_blank\">Marie-Agnes Strack-Zimmermann<\/a> den bisherigen Parteivorsitzenden Christian D\u00fcrr f\u00fcr sein Vorhaben kritisiert, erneut zu kandidieren. In einem <a href=\"https:\/\/www.spiegel.de\/politik\/deutschland\/marie-agnes-strack-zimmermann-ueber-die-krise-der-fdp-und-dann-ist-mir-die-hutschnur-geplatzt-a-b3d64168-5719-4b25-a68c-d26c3e3cb22d\" target=\"_blank\" rel=\"nofollow noopener\">Interview mit dem Spiegel<\/a> sagte sie: &#8222;Christian D\u00fcrr verkennt die Stimmung und Ungeduld in der Partei. Das nenne ich Realit\u00e4tsverweigerung.&#8220; Unruhe und Unzufriedenheit seien unter seiner F\u00fchrung gewachsen. Doch er sehe das offenbar nicht ein \u2013 das zeige seine Ank\u00fcndigung, erneut zu kandidieren. Nach der Ank\u00fcndigung zum <a href=\"https:\/\/www.zeit.de\/politik\/deutschland\/2026-03\/fdp-chef-christian-duerr-kuendigt-ruecktritt-an\" rel=\"nofollow noopener\" target=\"_blank\">R\u00fccktritt des gesamten FDP-Vorstands<\/a> hatte D\u00fcrr bekannt gegeben, sich auf dem Parteitag im Mai erneut zur Wahl zu stellen.\n<\/p>\n<p class=\"paragraph article__item\">Strack-Zimmermann sagte, auch deshalb habe sie ihre Kandidatur f\u00fcr den <a href=\"https:\/\/www.zeit.de\/politik\/deutschland\/2026-03\/fdp-landtagswahl-rheinland-pfalz-parlament-bundestag\" rel=\"nofollow noopener\" target=\"_blank\">FDP<\/a>-Vorsitz als Teil einer Doppelspitze angek\u00fcndigt. Das hie\u00dfe zwar nicht, dass sie gew\u00e4hlt werde. &#8222;Aber es \u00f6ffnet jetzt den<br \/>\nRaum auch f\u00fcr andere, ihre Kandidatur zu erkl\u00e4ren&#8220;, sagte sie. Ein Antrag f\u00fcr eine Doppelspitze, wie sie bei der <a class=\"rtr-entity\" href=\"https:\/\/www.zeit.de\/thema\/fdp\" rel=\"nofollow noopener\" target=\"_blank\">FDP<\/a> bisher f\u00fcr den Vorsitz der Partei nicht \u00fcblich ist, ist f\u00fcr den Parteitag bereits eingereicht worden.\n<\/p>\n<p class=\"paragraph article__item\">Eine Doppelspitze kann sich Strack-Zimmermann auch zusammen mit <a class=\"rtr-entity\" href=\"https:\/\/www.zeit.de\/thema\/wolfgang-kubicki\" rel=\"nofollow noopener\" target=\"_blank\">Wolfgang Kubicki<\/a> vorstellen. &#8222;Diese Teamarbeit w\u00e4re ein gutes Zeichen, \u00fcber das wir uns nach der Wahl in Baden-W\u00fcrttemberg kurz telefonisch ausgetauscht haben&#8220;, sagte sie dem Spiegel. Kubicki sei wie sie erfahren, &#8222;jemand, der sehr geradeaus ist, ebenfalls ein erfahrener Politiker ist, und kennen tut man uns beide&#8220;, sagte sie. Kubicki hatte den Vorschlag demnach jedoch abgelehnt.\n<\/p>\n<p class=\"paragraph article__item\">Auch ein Tandem mit FDP-Vize Henning H\u00f6ne kann sich Strack-Zimmermann demnach vorstellen. H\u00f6ne sei &#8222;relativ jung, aber bereits politisch sehr erfahren&#8220;, sagte sie. &#8222;Und es ist seine Generation, die langfristig f\u00fcr die Zukunft der FDP steht.&#8220; Strack-Zimmermann ist 68 alt, H\u00f6ne 39 Jahre alt und seit 2022 Vorsitzender der FDP-Landtagsfraktion in Nordrhein-Westfalen.<\/p>\n","protected":false},"excerpt":{"rendered":"Nach dem angek\u00fcndigten R\u00fccktritt des FDP-Bundesvorstands hat die FDP-Europapolitikerin Marie-Agnes Strack-Zimmermann den bisherigen Parteivorsitzenden Christian D\u00fcrr f\u00fcr sein&hellip;\n","protected":false},"author":2,"featured_media":894684,"comment_status":"","ping_status":"","sticky":false,"template":"","format":"standard","meta":{"footnotes":"","_share_on_mastodon":"0"},"categories":[5],"tags":[109774,45003,187,196633,13,22589,14897,14,15,16,196634,12,10,8,9,11,40390],"class_list":["post-894683","post","type-post","status-publish","format-standard","has-post-thumbnail","category-nachrichten","tag-christian-duerr","tag-doppelspitze","tag-fdp","tag-fdp-fuehrung","tag-headlines","tag-kandidatur","tag-marie-agnes-strack-zimmermann","tag-nachrichten","tag-news","tag-politik","tag-realitaetsverweigerung","tag-schlagzeilen","tag-top-news","tag-top-meldungen","tag-topmeldungen","tag-topnews","tag-wolfgang-kubicki"],"share_on_mastodon":{"url":"https:\/\/pubeurope.com\/@de\/116287808648825390","error":""},"_links":{"self":[{"href":"https:\/\/www.europesays.com\/de\/wp-json\/wp\/v2\/posts\/894683","targetHints":{"allow":["GET"]}}],"collection":[{"href":"https:\/\/www.europesays.com\/de\/wp-json\/wp\/v2\/posts"}],"about":[{"href":"https:\/\/www.europesays.com\/de\/wp-json\/wp\/v2\/types\/post"}],"author":[{"embeddable":true,"href":"https:\/\/www.europesays.com\/de\/wp-json\/wp\/v2\/users\/2"}],"replies":[{"embeddable":true,"href":"https:\/\/www.europesays.com\/de\/wp-json\/wp\/v2\/comments?post=894683"}],"version-history":[{"count":0,"href":"https:\/\/www.europesays.com\/de\/wp-json\/wp\/v2\/posts\/894683\/revisions"}],"wp:featuredmedia":[{"embeddable":true,"href":"https:\/\/www.europesays.com\/de\/wp-json\/wp\/v2\/media\/894684"}],"wp:attachment":[{"href":"https:\/\/www.europesays.com\/de\/wp-json\/wp\/v2\/media?parent=894683"}],"wp:term":[{"taxonomy":"category","embeddable":true,"href":"https:\/\/www.europesays.com\/de\/wp-json\/wp\/v2\/categories?post=894683"},{"taxonomy":"post_tag","embeddable":true,"href":"https:\/\/www.europesays.com\/de\/wp-json\/wp\/v2\/tags?post=894683"}],"curies":[{"name":"wp","href":"https:\/\/api.w.org\/{rel}","templated":true}]}}