{"id":89472,"date":"2025-05-06T17:07:11","date_gmt":"2025-05-06T17:07:11","guid":{"rendered":"https:\/\/www.europesays.com\/de\/89472\/"},"modified":"2025-05-06T17:07:11","modified_gmt":"2025-05-06T17:07:11","slug":"so-feierte-f95-mit-ihren-fans-den-130-geburtstag","status":"publish","type":"post","link":"https:\/\/www.europesays.com\/de\/89472\/","title":{"rendered":"So feierte F95 mit ihren Fans den 130. Geburtstag"},"content":{"rendered":"<p class=\"text_ohne_einzug richtext text-em-55 !leading-serif mx-6 desktop:mx-0\">Am Montag feierte ein Traditionsklub gro\u00dfen Geburtstag. Sein Name: Fortuna. Sein Alter: 130 Jahre. Am 5. Mai 1895 wurde der \u201eTurnverein Flingern 1895\u201c gegr\u00fcndet, der sp\u00e4ter zur Fortuna wurde \u2013 definitiv ein Grund, um eine stattliche Sause steigen zu lassen. Und genau das taten alle Beteiligten am Abend auch. Der Verein lie\u00df sich f\u00fcr den besonderen Anlass etwas Spezielles einfallen und sorgte bei den Fans f\u00fcr Freude und Zuspruch. So nutzte man die Gegebenheiten der Stadt und versetzte die Altstadt exakt 130 Jahre nach der Gr\u00fcndung in eine Art gro\u00dfes Fortuna-Fantreffen.<\/p>\n","protected":false},"excerpt":{"rendered":"Am Montag feierte ein Traditionsklub gro\u00dfen Geburtstag. Sein Name: Fortuna. Sein Alter: 130 Jahre. Am 5. Mai 1895&hellip;\n","protected":false},"author":2,"featured_media":89473,"comment_status":"","ping_status":"","sticky":false,"template":"","format":"standard","meta":{"footnotes":""},"categories":[1831],"tags":[37030,37031,2922,3364,29,3405,1002,12352,6223,2701,26256,30,15554,37034,1209,35512,17610,37035,37032,10434,26298,37033],"class_list":{"0":"post-89472","1":"post","2":"type-post","3":"status-publish","4":"format-standard","5":"has-post-thumbnail","7":"category-duesseldorf","8":"tag-37030","9":"tag-37031","10":"tag-altstadt","11":"tag-de","12":"tag-deutschland","13":"tag-duesseldorf","14":"tag-fans","15":"tag-fanszene","16":"tag-fortuna","17":"tag-geburtstag","18":"tag-geburtstagsfeier","19":"tag-germany","20":"tag-kneipe","21":"tag-kneipenbesuchen","22":"tag-nordrhein-westfalen","23":"tag-sorgte","24":"tag-tolle","25":"tag-traditionsverein","26":"tag-turnverein","27":"tag-verein","28":"tag-vereinsgeschichte","29":"tag-vereinslogo"},"share_on_mastodon":{"url":"https:\/\/pubeurope.com\/@de\/114461989067222209","error":""},"_links":{"self":[{"href":"https:\/\/www.europesays.com\/de\/wp-json\/wp\/v2\/posts\/89472","targetHints":{"allow":["GET"]}}],"collection":[{"href":"https:\/\/www.europesays.com\/de\/wp-json\/wp\/v2\/posts"}],"about":[{"href":"https:\/\/www.europesays.com\/de\/wp-json\/wp\/v2\/types\/post"}],"author":[{"embeddable":true,"href":"https:\/\/www.europesays.com\/de\/wp-json\/wp\/v2\/users\/2"}],"replies":[{"embeddable":true,"href":"https:\/\/www.europesays.com\/de\/wp-json\/wp\/v2\/comments?post=89472"}],"version-history":[{"count":0,"href":"https:\/\/www.europesays.com\/de\/wp-json\/wp\/v2\/posts\/89472\/revisions"}],"wp:featuredmedia":[{"embeddable":true,"href":"https:\/\/www.europesays.com\/de\/wp-json\/wp\/v2\/media\/89473"}],"wp:attachment":[{"href":"https:\/\/www.europesays.com\/de\/wp-json\/wp\/v2\/media?parent=89472"}],"wp:term":[{"taxonomy":"category","embeddable":true,"href":"https:\/\/www.europesays.com\/de\/wp-json\/wp\/v2\/categories?post=89472"},{"taxonomy":"post_tag","embeddable":true,"href":"https:\/\/www.europesays.com\/de\/wp-json\/wp\/v2\/tags?post=89472"}],"curies":[{"name":"wp","href":"https:\/\/api.w.org\/{rel}","templated":true}]}}