{"id":895214,"date":"2026-03-25T09:01:14","date_gmt":"2026-03-25T09:01:14","guid":{"rendered":"https:\/\/www.europesays.com\/de\/895214\/"},"modified":"2026-03-25T09:01:14","modified_gmt":"2026-03-25T09:01:14","slug":"sauter-managed-rahmhof-in-frankfurt-der-facility-manager","status":"publish","type":"post","link":"https:\/\/www.europesays.com\/de\/895214\/","title":{"rendered":"Sauter managed Rahmhof in Frankfurt | Der Facility Manager"},"content":{"rendered":"<p>Sauter Deutschland \u00fcbernimmt seit Januar 2026 das kaufm\u00e4nnische Property Management f\u00fcr den denkmalgesch\u00fctzten Rahmhof in der Frankfurter Innenstadt.<\/p>\n<p>Der Auftrag der Cilon GmbH, die das Geb\u00e4ude 2025 f\u00fcr eine deutsche Investorengemeinschaft erworben hat, umfasst die Betreuung des Eigent\u00fcmers und der Mieter, die Budgeterstellung, das laufende Reporting sowie die Objektbuchhaltung, teilte der <a href=\"https:\/\/www.facility-manager.de\/aktuelles\/sauter-uebernimmt-technisches-fm-fuer-sirius-in-luebeck\/\" rel=\"noopener nofollow\" target=\"_blank\">Dienstleister <\/a>Anfang M\u00e4rz mit. Erg\u00e4nzt wird das Leistungsspektrum durch die Erstellung der Nebenkostenabrechnungen, regelm\u00e4\u00dfige Jour Fixe und Objektbegehungen, die technische Mieterbetreuung inklusive Mangelmanagement sowie das Management von Versicherungssch\u00e4den.<\/p>\n<p>Der Rahmhof verf\u00fcgt den Angaben zufolge \u00fcber sieben ober- und zwei unterirdische Geschosse mit rund 9.730 qm Mietfl\u00e4che und bietet Platz f\u00fcr B\u00fcros und Verwaltung, Facharztpraxen sowie Gastronomie.<\/p>\n","protected":false},"excerpt":{"rendered":"Sauter Deutschland \u00fcbernimmt seit Januar 2026 das kaufm\u00e4nnische Property Management f\u00fcr den denkmalgesch\u00fctzten Rahmhof in der Frankfurter Innenstadt.&hellip;\n","protected":false},"author":2,"featured_media":895215,"comment_status":"","ping_status":"","sticky":false,"template":"","format":"standard","meta":{"footnotes":"","_share_on_mastodon":"0"},"categories":[1829],"tags":[23402,29,2050,2051,30,2052,196753,27386,196754,196755,119473,196756],"class_list":["post-895214","post","type-post","status-publish","format-standard","has-post-thumbnail","category-frankfurt-am-main","tag-auftrag","tag-deutschland","tag-frankfurt","tag-frankfurt-am-main","tag-germany","tag-hessen","tag-kaufmaennisches-property-management","tag-nebenkostenabrechnung","tag-objektbuchhaltung","tag-rahmhof","tag-reporting","tag-sauter-deutschland"],"share_on_mastodon":{"url":"https:\/\/pubeurope.com\/@de\/116289004328973476","error":""},"_links":{"self":[{"href":"https:\/\/www.europesays.com\/de\/wp-json\/wp\/v2\/posts\/895214","targetHints":{"allow":["GET"]}}],"collection":[{"href":"https:\/\/www.europesays.com\/de\/wp-json\/wp\/v2\/posts"}],"about":[{"href":"https:\/\/www.europesays.com\/de\/wp-json\/wp\/v2\/types\/post"}],"author":[{"embeddable":true,"href":"https:\/\/www.europesays.com\/de\/wp-json\/wp\/v2\/users\/2"}],"replies":[{"embeddable":true,"href":"https:\/\/www.europesays.com\/de\/wp-json\/wp\/v2\/comments?post=895214"}],"version-history":[{"count":0,"href":"https:\/\/www.europesays.com\/de\/wp-json\/wp\/v2\/posts\/895214\/revisions"}],"wp:featuredmedia":[{"embeddable":true,"href":"https:\/\/www.europesays.com\/de\/wp-json\/wp\/v2\/media\/895215"}],"wp:attachment":[{"href":"https:\/\/www.europesays.com\/de\/wp-json\/wp\/v2\/media?parent=895214"}],"wp:term":[{"taxonomy":"category","embeddable":true,"href":"https:\/\/www.europesays.com\/de\/wp-json\/wp\/v2\/categories?post=895214"},{"taxonomy":"post_tag","embeddable":true,"href":"https:\/\/www.europesays.com\/de\/wp-json\/wp\/v2\/tags?post=895214"}],"curies":[{"name":"wp","href":"https:\/\/api.w.org\/{rel}","templated":true}]}}