{"id":895448,"date":"2026-03-25T11:15:20","date_gmt":"2026-03-25T11:15:20","guid":{"rendered":"https:\/\/www.europesays.com\/de\/895448\/"},"modified":"2026-03-25T11:15:20","modified_gmt":"2026-03-25T11:15:20","slug":"fuer-vietnamesische-agrarprodukte-die-in-die-eu-eingefuehrt-werden-gelten-neue-standards-und-vorschriften","status":"publish","type":"post","link":"https:\/\/www.europesays.com\/de\/895448\/","title":{"rendered":"F\u00fcr vietnamesische Agrarprodukte, die in die EU eingef\u00fchrt werden, gelten neue Standards und Vorschriften."},"content":{"rendered":"<p style=\"text-align: justify;\"> Am 25. M\u00e4rz veranstaltete die Abteilung f\u00fcr Pflanzenproduktion und Pflanzenschutz ( <a class=\"data-link\" data-org-href=\"https:\/\/www.vietnam.vn\/authors\/mard-gov-vn\" href=\"https:\/\/www.vietnam.vn\/authors\/mard-gov-vn\" title=\"Ministerium f\u00fcr Landwirtschaft und Umwelt\" target=\"_blank\" rel=\"nofollow noopener\">Ministerium f\u00fcr Landwirtschaft und Umwelt<\/a> ) in Hanoi eine Konferenz, um \u00fcber den Entwurf neuer Verordnungen der Europ\u00e4ischen Union (EU) zu H\u00f6chstmengen f\u00fcr Pestizidr\u00fcckst\u00e4nde in landwirtschaftlichen Erzeugnissen und Lebensmitteln zu informieren. <\/p>\n<p><img loading=\"lazy\" decoding=\"async\" style=\"cursor:pointer\" id=\"1698285\" alt=\"IMG_6882.jpeg\" data-width=\"1200\" data-height=\"726\" data-image-id=\"1698285\" class=\"lazyload  cms-photo\" src=\"https:\/\/www.europesays.com\/de\/wp-content\/uploads\/2026\/03\/img-6882-9619-2232.jpeg.webp.webp\" title=\"Ein Blick auf die Konferenz am 25. M\u00e4rz. Foto: BAO THANG\" width=\"1000\" height=\"605\"\/> Ein Blick auf die Konferenz am 25. M\u00e4rz. Foto: BAO THANG<\/p>\n<p style=\"text-align: justify;\"> Herr Nguyen Quy Duong, stellvertretender Direktor der Abteilung f\u00fcr Pflanzenproduktion und Pflanzenschutz, sagte, dass die Europ\u00e4ische Kommission einen Entwurf des \u201eOmnibus\u201c-Regulierungspakets erarbeitet (Ver\u00f6ffentlichung ab Dezember 2025), das \u00c4nderungen an vielen wichtigen Verordnungen vorschl\u00e4gt, wie beispielsweise der Verordnung (EG) Nr. 396\/2005 \u00fcber R\u00fcckstandsh\u00f6chstgehalte und der Verordnung (EG) Nr. 1107\/2009 \u00fcber die Registrierung von Pflanzenschutzmitteln.<\/p>\n<p style=\"text-align: justify;\"> Laut Herrn Nguyen Quy Duong besteht die zentrale \u00c4nderung darin, dass die EU von einem risikobasierten zu einem gefahrenbasierten Ansatz \u00fcbergegangen ist. Demnach kann ein Wirkstoff, der gef\u00e4hrliche Eigenschaften aufweist (z. B. Krebs, Hormonst\u00f6rungen oder Beeintr\u00e4chtigungen des \u00d6kosystems), verboten oder strengeren Kontrollen unterzogen werden, anstatt sich wie bisher auf die tats\u00e4chlichen Expositionswerte zu st\u00fctzen.<\/p>\n<p style=\"text-align: justify;\"> Gleichzeitig strebt die EU die Abschaffung des \u201eImporttoleranzmechanismus\u201c (separate Schwellenwerte f\u00fcr Importe) an und geht stattdessen zur Anwendung einheitlicher Standards f\u00fcr inl\u00e4ndische und importierte Waren \u00fcber.<\/p>\n<p style=\"text-align: justify;\"> Laut Herrn Ngo Xuan Nam, stellvertretendem Direktor des vietnamesischen SPS-B\u00fcros (Ministerium f\u00fcr <a class=\"data-link\" data-org-href=\"https:\/\/www.vietnam.vn\/category\/nong-nghiep\" href=\"https:\/\/www.vietnam.vn\/category\/nong-nghiep\" title=\"Landwirtschaft\" target=\"_blank\" rel=\"nofollow noopener\">Landwirtschaft<\/a> und Umwelt), hat die EU seit Anfang 2025 bis heute 15 Mitteilungen zur Anpassung der R\u00fcckstandsh\u00f6chstgehalte (MRL) herausgegeben, haupts\u00e4chlich mit dem Ziel einer deutlichen Reduzierung, in vielen F\u00e4llen auf 0,01 mg\/kg. Tats\u00e4chlich wurden einige Sendungen zur Einfuhr zur\u00fcckgewiesen, da die R\u00fcckstandsmenge 0,02 mg\/kg erreichte und damit nur geringf\u00fcgig \u00fcber dem festgelegten Grenzwert lag.<\/p>\n<p style=\"text-align: justify;\"> Vertreter des vietnamesischen SPS-B\u00fcros erkl\u00e4rten au\u00dferdem, dass die EU-Vorschriften f\u00fcr jedes Produkt detailliert sind. Derselbe Wirkstoff kann in Gem\u00fcse, Obst, Kaffee oder Pfeffer unterschiedliche R\u00fcckstandswerte aufweisen. Dies zwingt Unternehmen dazu, jedes Produkt und jeden Markt einzeln zu pr\u00fcfen, anstatt einen einheitlichen Standard anzuwenden.<\/p>\n<p style=\"text-align: justify;\"> Vertreter des Ministeriums f\u00fcr Landwirtschaft und Umwelt schlugen vor, dass Unternehmen zur Erf\u00fcllung der neuen Anforderungen die Lieferkette vom Rohstoffursprung an streng kontrollieren m\u00fcssen. Sie m\u00fcssen den Produktionsprozess, die verwendeten Pestizidarten, die Quarant\u00e4nezeiten und die R\u00fcckstandsh\u00f6chstmengen f\u00fcr jeden Markt genau kennen. Die Verarbeitung der Waren erst nach deren Ankunft an der Grenze ist ineffektiv.<\/p>\n<p style=\"text-align: justify;\"> Der Entwurf des \u201eOmnibus\u201c wurde der WTO am 29. Januar 2026 mitgeteilt und steht bis zum 30. M\u00e4rz 2026 zur Kommentierung offen. Das Department f\u00fcr Pflanzenproduktion und Pflanzenschutz hat Kommunen, Verb\u00e4nde und Unternehmen gebeten, bis zum 26. M\u00e4rz R\u00fcckmeldungen einzureichen, um diese zusammenzutragen und \u00fcber offizielle Kan\u00e4le weiterzuleiten. Wie \u00fcblich gilt: Geht keine R\u00fcckmeldung ein, wird davon ausgegangen, dass die L\u00e4nder dem Entwurf zugestimmt haben. <\/p>\n<p>ENGEL <\/p>\n<p class=\"mb-0\">Quelle: https:\/\/www.sggp.org.vn\/nong-san-viet-nam-vao-eu-doi-mat-tieu-chuan-quy-dinh-moi-post844659.html<\/p>\n","protected":false},"excerpt":{"rendered":"Am 25. M\u00e4rz veranstaltete die Abteilung f\u00fcr Pflanzenproduktion und Pflanzenschutz ( Ministerium f\u00fcr Landwirtschaft und Umwelt ) in&hellip;\n","protected":false},"author":2,"featured_media":895449,"comment_status":"","ping_status":"","sticky":false,"template":"","format":"standard","meta":{"footnotes":"","_share_on_mastodon":"0"},"categories":[3933],"tags":[196815,331,332,548,132585,663,158,3934,3935,6803,13,14,15,26465,196814,196816,12,196813],"class_list":["post-895448","post","type-post","status-publish","format-standard","has-post-thumbnail","category-eu","tag-agrarprodukte-fuer-den-export","tag-aktuelle-nachrichten","tag-aktuelle-news","tag-eu","tag-eu-markt","tag-europa","tag-europaeische-union","tag-europe","tag-european-union","tag-export","tag-headlines","tag-nachrichten","tag-news","tag-pestizide","tag-rohstoffbereich","tag-rueckstandskontrolle","tag-schlagzeilen","tag-vietnamesische-agrarprodukte"],"share_on_mastodon":{"url":"https:\/\/pubeurope.com\/@de\/116289531209904378","error":""},"_links":{"self":[{"href":"https:\/\/www.europesays.com\/de\/wp-json\/wp\/v2\/posts\/895448","targetHints":{"allow":["GET"]}}],"collection":[{"href":"https:\/\/www.europesays.com\/de\/wp-json\/wp\/v2\/posts"}],"about":[{"href":"https:\/\/www.europesays.com\/de\/wp-json\/wp\/v2\/types\/post"}],"author":[{"embeddable":true,"href":"https:\/\/www.europesays.com\/de\/wp-json\/wp\/v2\/users\/2"}],"replies":[{"embeddable":true,"href":"https:\/\/www.europesays.com\/de\/wp-json\/wp\/v2\/comments?post=895448"}],"version-history":[{"count":0,"href":"https:\/\/www.europesays.com\/de\/wp-json\/wp\/v2\/posts\/895448\/revisions"}],"wp:featuredmedia":[{"embeddable":true,"href":"https:\/\/www.europesays.com\/de\/wp-json\/wp\/v2\/media\/895449"}],"wp:attachment":[{"href":"https:\/\/www.europesays.com\/de\/wp-json\/wp\/v2\/media?parent=895448"}],"wp:term":[{"taxonomy":"category","embeddable":true,"href":"https:\/\/www.europesays.com\/de\/wp-json\/wp\/v2\/categories?post=895448"},{"taxonomy":"post_tag","embeddable":true,"href":"https:\/\/www.europesays.com\/de\/wp-json\/wp\/v2\/tags?post=895448"}],"curies":[{"name":"wp","href":"https:\/\/api.w.org\/{rel}","templated":true}]}}