{"id":895506,"date":"2026-03-25T11:48:14","date_gmt":"2026-03-25T11:48:14","guid":{"rendered":"https:\/\/www.europesays.com\/de\/895506\/"},"modified":"2026-03-25T11:48:14","modified_gmt":"2026-03-25T11:48:14","slug":"dab-reform-berlin-brandenburg-die-neuen-strukturen","status":"publish","type":"post","link":"https:\/\/www.europesays.com\/de\/895506\/","title":{"rendered":"DAB+ Reform Berlin-Brandenburg: Die neuen Strukturen"},"content":{"rendered":"<p>            <img loading=\"lazy\" decoding=\"async\" width=\"696\" height=\"400\" data-no-lazy=\"\" class=\"entry-thumb\" src=\"https:\/\/www.europesays.com\/de\/wp-content\/uploads\/2026\/03\/250326-MABB-Radiolandschaft-neue-Struktur-696x400.jpg\" alt=\"Radikaler Umbau: Medienanstalt ordnet Berliner und Brandenburger Radiolandschaft v\u00f6llig neu.\" title=\"250326 MABB Radiolandschaft neue Struktur\"\/><\/p>\n<p><strong>Die mabb plant den radikalsten DAB+-Umbau seit Jahren. W\u00e4hrend Berlin massiv profitiert, m\u00fcssen sich H\u00f6rer in Brandenburg auf eine v\u00f6llig neue Senderstruktur einstellen. Mehr Regionalisierung, neue Kapazit\u00e4ten \u2013 aber auch offene Fragen sorgen f\u00fcr Spannung in der Branche.<\/strong><\/p>\n<p>Die DAB+-Landschaft in Berlin und Brandenburg steht vor einer grundlegenden Neustrukturierung. Kern der Reform ist die Abkehr von bisherigen landesweiten Multiplexen hin zu einem st\u00e4rker regionalisierten Modell mit insgesamt sechs Versorgungsgebieten. W\u00e4hrend Berlin eine eigene Region bleibt, wird Brandenburg in f\u00fcnf Teilr\u00e4ume aufgeteilt. Ziel ist es, die Radioversorgung flexibler und wirtschaftlicher zu gestalten und sowohl landesweiten als auch lokalen Anbietern besser gerecht zu werden, berichtet radioszene.de unter Berufung auf die Medienanstalt Berlin-Brandenburg (mabb).<\/p>\n<p>Ein zentrales Ergebnis der Analyse: Das bisherige Nebeneinander von kommerziellen und \u00f6ffentlich-rechtlichen Multiplexen ohne Regionalisierung gilt als \u00fcberholt. Der landesweite Kanal 12D etwa deckt Teile Brandenburgs wie die Prignitz, das Ruppiner Land und die Uckermark nicht ausreichend ab. Gleichzeitig belastet die fl\u00e4chendeckende Verbreitung insbesondere kleinere lokale Anbieter mit hohen Kosten \u2013 f\u00fcr viele Programme war ein Einstieg in DAB+ bislang wirtschaftlich kaum m\u00f6glich, so radioszene.de.<\/p>\n<p>Strukturelle Schw\u00e4chen des bisherigen Systems<\/p>\n<p>Auch beim Rundfunk Berlin-Brandenburg (rbb) zeigen sich strukturelle Grenzen. Mehrere Regionalversionen von Antenne Brandenburg und radio eins werden aktuell parallel landesweit ausgestrahlt, ohne gezielte regionale Ausspielung. Zudem fehlen Kapazit\u00e4ten f\u00fcr spezielle Angebote wie das sorbische Programm in der Niederlausitz. Die Reform soll hier k\u00fcnftig deutlich mehr Flexibilit\u00e4t schaffen.<\/p>\n<p>Hintergrund sind strukturelle Schw\u00e4chen des bisherigen Systems: Landesweite Verbreitung galt als zu teuer und wenig passgenau f\u00fcr lokale Programme. K\u00fcnftig soll die Verteilung der Kapazit\u00e4ten gezielter erfolgen \u2013 insgesamt 864 sogenannte Capacity Units stehen zur Verf\u00fcgung, bei denen es eine Aufteilung zwischen \u00f6ffentlich-rechtlichem Rundfunk und privaten Anbietern geben soll. Auch die bisherigen landesweiten Kan\u00e4le sollen perspektivisch aufgegeben werden.<\/p>\n<p>Erhebliche Umstellungen f\u00fcr private Anbieter<\/p>\n<p>F\u00fcr private Anbieter bedeutet die Reform erhebliche Umstellungen. In der aktuellen Ausschreibungsphase werden zun\u00e4chst vier Kapazit\u00e4ten f\u00fcr landesweit verbreitete kommerzielle Programme sowie eine f\u00fcr nichtkommerzielle Anbieter vergeben. Perspektivisch k\u00f6nnten bis zu 14 Programme entstehen, die in allen sechs Regionen zur Ausstrahlung kommen. Gleichzeitig steigen die Anforderungen: Anbieter m\u00fcssen st\u00e4rker regionalisierte Inhalte liefern.<\/p>\n<p>Ein Nebeneffekt der Neuordnung ist eine Verschiebung der Angebotsvielfalt. W\u00e4hrend in Berlin ab 2028 deutlich mehr Kapazit\u00e4ten zur Verf\u00fcgung stehen \u2013 rund 40 kommerzielle Programmpl\u00e4tze statt bisher 32 \u2013, k\u00f6nnte sich die Vielfalt in einzelnen Regionen Brandenburgs verringern. Diese Entwicklung sorgt bereits jetzt f\u00fcr Diskussionen innerhalb der Branche.<\/p>\n<p>Die geplante neue Struktur:<\/p>\n<ul class=\"wp-block-list\">\n<li><strong>Berlin:<\/strong> rbb 88.8 und Cosmo plus drei weitere Programme; zus\u00e4tzlich 3 mabb-Kapazit\u00e4ten<\/li>\n<li><strong>Nordwest (Prignitz): <\/strong>Antenne Brandenburg (Studio Perleberg); erg\u00e4nzt durch 3 regionale mabb-Programme<\/li>\n<li><strong>Nordost:<\/strong> Antenne Brandenburg (Studio Prenzlau); erg\u00e4nzt durch 3 regionale mabb-Programme<\/li>\n<li><strong>Ost (Oderbruch): <\/strong>Antenne Brandenburg (Studio Frankfurt (Oder)) und radioeins FFO; plus 3 mabb-Programme<\/li>\n<li><strong>S\u00fcdost (Niederlausitz):<\/strong> Antenne Brandenburg (Studio Cottbus), radioeins CB, rbb24 Inforadio und sorbisches Programm; plus 3 mabb-Programme<\/li>\n<li><strong>West (Potsdam):<\/strong> Antenne Brandenburg (Studio Potsdam); erg\u00e4nzt durch 3 regionale mabb-Programme<\/li>\n<li><strong>Berlin &amp; Brandenburg (landesweit):<\/strong> radio eins, <a href=\"https:\/\/www.digitalfernsehen.de\/thema\/fritz\/\" class=\"av-highlight\" title=\"Mehr Aritkel zum Thema Fritz\" rel=\"nofollow noopener\" target=\"_blank\">Fritz<\/a>, radio 3 und rbb24 Inforadio; dazu bis zu 4 mabb-Programme landesweit<\/li>\n<\/ul>\n<p>Au\u00dferdem interessant:<\/p>\n<p class=\"isc_image_list_title\">Bildquelle:<\/p>\n<ul class=\"isc_image_list\">\n<li>250326 MABB Radiolandschaft neue Struktur: KI-generiert, basierend auf Daten von radioszene.de, Karte: Bundesamt f\u00fcr Kartographie und Geod\u00e4sie, Frankfurt am Main<\/li>\n<\/ul>\n","protected":false},"excerpt":{"rendered":"Die mabb plant den radikalsten DAB+-Umbau seit Jahren. W\u00e4hrend Berlin massiv profitiert, m\u00fcssen sich H\u00f6rer in Brandenburg auf&hellip;\n","protected":false},"author":2,"featured_media":895507,"comment_status":"","ping_status":"","sticky":false,"template":"","format":"standard","meta":{"footnotes":"","_share_on_mastodon":"0"},"categories":[1816],"tags":[1960,1958,1959,1957,1956,35696,1890,2620,29,3010,30,85586,196827,2621],"class_list":["post-895506","post","type-post","status-publish","format-standard","has-post-thumbnail","category-brandenburg","tag-aktuelle-nachrichten-aus-berlin-und-brandenburg","tag-aktuelle-nachrichten-aus-brandenburg","tag-aktuelle-news-aus-berlin-und-brandenburg","tag-aktuelle-news-aus-brandenburg","tag-berlin-und-brandenburg","tag-berlin-brandenburg","tag-brandenburg","tag-dab","tag-deutschland","tag-digitalradio","tag-germany","tag-mabb","tag-radio-reform-2026","tag-ukw"],"share_on_mastodon":{"url":"https:\/\/pubeurope.com\/@de\/116289660953233244","error":""},"_links":{"self":[{"href":"https:\/\/www.europesays.com\/de\/wp-json\/wp\/v2\/posts\/895506","targetHints":{"allow":["GET"]}}],"collection":[{"href":"https:\/\/www.europesays.com\/de\/wp-json\/wp\/v2\/posts"}],"about":[{"href":"https:\/\/www.europesays.com\/de\/wp-json\/wp\/v2\/types\/post"}],"author":[{"embeddable":true,"href":"https:\/\/www.europesays.com\/de\/wp-json\/wp\/v2\/users\/2"}],"replies":[{"embeddable":true,"href":"https:\/\/www.europesays.com\/de\/wp-json\/wp\/v2\/comments?post=895506"}],"version-history":[{"count":0,"href":"https:\/\/www.europesays.com\/de\/wp-json\/wp\/v2\/posts\/895506\/revisions"}],"wp:featuredmedia":[{"embeddable":true,"href":"https:\/\/www.europesays.com\/de\/wp-json\/wp\/v2\/media\/895507"}],"wp:attachment":[{"href":"https:\/\/www.europesays.com\/de\/wp-json\/wp\/v2\/media?parent=895506"}],"wp:term":[{"taxonomy":"category","embeddable":true,"href":"https:\/\/www.europesays.com\/de\/wp-json\/wp\/v2\/categories?post=895506"},{"taxonomy":"post_tag","embeddable":true,"href":"https:\/\/www.europesays.com\/de\/wp-json\/wp\/v2\/tags?post=895506"}],"curies":[{"name":"wp","href":"https:\/\/api.w.org\/{rel}","templated":true}]}}