{"id":895530,"date":"2026-03-25T12:01:28","date_gmt":"2026-03-25T12:01:28","guid":{"rendered":"https:\/\/www.europesays.com\/de\/895530\/"},"modified":"2026-03-25T12:01:28","modified_gmt":"2026-03-25T12:01:28","slug":"freitag-fuer-rtl-bully-und-raab-kommentieren-laenderspiel-sport","status":"publish","type":"post","link":"https:\/\/www.europesays.com\/de\/895530\/","title":{"rendered":"Freitag f\u00fcr RTL: \u201eBully\u201c und Raab kommentieren L\u00e4nderspiel | Sport"},"content":{"rendered":"<p><a class=\"skip-content skip-content--link\" href=\"#in-content-skip-link-target-v-0-0\">TTS-Player \u00fcberspringen\u21b5<\/a><a id=\"in-content-skip-link-target-v-0-0\" class=\"skip-content--target-link-hidden skip-content skip-content--target-link\" href=\"#in-content-skip-link-target-v-0-0\">Artikel weiterlesen<\/a><\/p>\n<p>Das wird ein schr\u00e4ger Blick auf das L\u00e4nderspiel! Am Freitag kommentieren die Entertainer Stefan Raab (59) und Michael \u201eBully\u201c Herbig (57) die Partie der deutschen Nationalmannschaft gegen die Schweiz. Zu sehen ist dieser kostenfreie Spezial-Stream ab 20.30 Uhr auf RTL+ und dem YouTube-Kanal von \u201eRTL Sport\u201c. Der Ansto\u00df ist um 20.45 Uhr.<\/p>\n<p>Das Ungew\u00f6hnliche: Die beiden Show-M\u00e4nner sind immer wieder mal kurz zu sehen. Einen Fu\u00dfball-Ausflug von Raab und \u201eBully\u201c gab es bereits am 9. November 2002. Damals kommentierten die beiden den Bundesliga-Klassiker zwischen Bayern M\u00fcnchen und Borussia Dortmund f\u00fcr Premiere (heute Sky). Damals nannte Raab die Begegnung scherzhaft \u201e1. FC Bayern M\u00fcnchen\u201c gegen \u201eVfB Hertha Dortmund\u201c.<\/p>\n<p>Auf RTL gibt es parallel die regul\u00e4re \u00dcbertragung des Schweiz-L\u00e4nderspiels. Laura Wontorra (37) moderiert aus dem St.-Jakob-Park in Basel, wird unterst\u00fctzt von Experte Lothar Matth\u00e4us (65) und RTL-Trainerexperte Edin Terzic (43). Kommentator ist Wolff Fuss (49).<\/p>\n<p>Bis zur Fu\u00dfball-WM (11. Juni bis 19. Juli) in Kanada, Mexiko und den USA absolviert die deutsche Nationalmannschaft noch vier Testspiele: Nach der ersten Partie gegen die Schweiz am Freitag bei RTL l\u00e4uft am Montag die Begegnung gegen Ghana in der ARD (beide 20.45 Uhr). Das ZDF \u00fcbertr\u00e4gt Deutschland gegen Finnland am 31. Mai (20.45 Uhr), RTL das Spiel gegen die USA am 6. Juni (20.30 Uhr).<\/p>\n<p>Jetzt steht auch die Planung f\u00fcr die L\u00e4nderspiele im Herbst. RTL \u00fcbertr\u00e4gt drei der Partien aus der Nations League: Am 24. September das Duell mit den Niederlanden (ab 20.15 Uhr), am 4. Oktober das Spiel in Griechenland (ab 20.15 Uhr) und am 13. November in Serbien (ab 20.15 Uhr). Die weiteren Spiele gegen Griechenland (27. September, 20.45 Uhr), gegen Serbien (1. Oktober, 20.45 Uhr) und gegen die Niederlande (16. November, 20.45 Uhr) teilen sich das ZDF und die ARD auf.<\/p>\n","protected":false},"excerpt":{"rendered":"TTS-Player \u00fcberspringen\u21b5Artikel weiterlesen Das wird ein schr\u00e4ger Blick auf das L\u00e4nderspiel! Am Freitag kommentieren die Entertainer Stefan Raab&hellip;\n","protected":false},"author":2,"featured_media":895531,"comment_status":"","ping_status":"","sticky":false,"template":"","format":"standard","meta":{"footnotes":"","_share_on_mastodon":"0"},"categories":[136],"tags":[223,1260,29,19367,30,8374,28747,41077,640,265,45,69850,1448],"class_list":["post-895530","post","type-post","status-publish","format-standard","has-post-thumbnail","category-sport","tag-ard","tag-deutsche-nationalmannschaft","tag-deutschland","tag-fussball-em","tag-germany","tag-herbig-michael-bully","tag-matthaeus-lothar","tag-raab-stefan","tag-rtl","tag-sport","tag-texttospeech","tag-wontorra-laura","tag-zdf"],"share_on_mastodon":{"url":"https:\/\/pubeurope.com\/@de\/116289712172205045","error":""},"_links":{"self":[{"href":"https:\/\/www.europesays.com\/de\/wp-json\/wp\/v2\/posts\/895530","targetHints":{"allow":["GET"]}}],"collection":[{"href":"https:\/\/www.europesays.com\/de\/wp-json\/wp\/v2\/posts"}],"about":[{"href":"https:\/\/www.europesays.com\/de\/wp-json\/wp\/v2\/types\/post"}],"author":[{"embeddable":true,"href":"https:\/\/www.europesays.com\/de\/wp-json\/wp\/v2\/users\/2"}],"replies":[{"embeddable":true,"href":"https:\/\/www.europesays.com\/de\/wp-json\/wp\/v2\/comments?post=895530"}],"version-history":[{"count":0,"href":"https:\/\/www.europesays.com\/de\/wp-json\/wp\/v2\/posts\/895530\/revisions"}],"wp:featuredmedia":[{"embeddable":true,"href":"https:\/\/www.europesays.com\/de\/wp-json\/wp\/v2\/media\/895531"}],"wp:attachment":[{"href":"https:\/\/www.europesays.com\/de\/wp-json\/wp\/v2\/media?parent=895530"}],"wp:term":[{"taxonomy":"category","embeddable":true,"href":"https:\/\/www.europesays.com\/de\/wp-json\/wp\/v2\/categories?post=895530"},{"taxonomy":"post_tag","embeddable":true,"href":"https:\/\/www.europesays.com\/de\/wp-json\/wp\/v2\/tags?post=895530"}],"curies":[{"name":"wp","href":"https:\/\/api.w.org\/{rel}","templated":true}]}}