{"id":895602,"date":"2026-03-25T12:40:16","date_gmt":"2026-03-25T12:40:16","guid":{"rendered":"https:\/\/www.europesays.com\/de\/895602\/"},"modified":"2026-03-25T12:40:16","modified_gmt":"2026-03-25T12:40:16","slug":"hza-du-bundesweite-durchsuchungen-in-der-transport-logistikbranche-drei","status":"publish","type":"post","link":"https:\/\/www.europesays.com\/de\/895602\/","title":{"rendered":"HZA-DU: Bundesweite Durchsuchungen in der Transport- &#038; Logistikbranche &#8211; Drei &#8230;"},"content":{"rendered":"<p class=\"date\">25.03.2026 \u2013 13:11<\/p>\n<p class=\"customer\">\n                        <a class=\"story-customer\" title=\"weiter zum newsroom von Hauptzollamt Duisburg\" href=\"https:\/\/www.presseportal.de\/blaulicht\/nr\/121243\" rel=\"nofollow noopener\" target=\"_blank\">Hauptzollamt Duisburg<\/a>\n                    <\/p>\n<p><a class=\"glightbox-pseudo event-trigger\" href=\"https:\/\/cache.pressmailing.net\/thumbnail\/story_hires\/07d716c1-e2a1-46a9-bbc3-3414410715c0\/Archivbild-Einsatzkr~eismittelsicher.JPG.jpg\" data-description=\"Quelle: Hauptzollamt Duisburg, Archivbild\" data-category=\"medialightbox\" data-action=\"click\" data-label=\"single\" data-value=\"69c3d0eb270000fd2c13808d\" rel=\"nofollow noopener\" target=\"_blank\"><img decoding=\"async\" height=\"540\" with=\"720\" src=\"https:\/\/www.europesays.com\/de\/wp-content\/uploads\/2026\/03\/hza-du-bundesweite-durchsuchungen-in-der-transport-logistikbranche-drei-haftbefehle-und-schadenssumm.jpeg\"   alt=\"HZA-DU: Bundesweite Durchsuchungen in der Transport- &amp; Logistikbranche - Drei Haftbefehle und Schadenssumme im zweistelligen Millionenbereich\" class=\"single\"\/><\/a><\/p>\n<p><a data-category=\"citylink-story-view\" data-action=\"click\" data-label=\"Citylink in Meldungsansicht\" class=\"story-city event-trigger\" href=\"https:\/\/www.presseportal.de\/regional\/Duisburg%3B%20Essen%3B%20M%FClheim%20a.%20d.%20Ruhr%3B%20Oberhausen%3B%20Kreis%20Kleve%3B%20Kreis%20Wesel\" title=\"News aus Duisburg; Essen; M\u00fclheim a. d. Ruhr; Oberhausen; Kreis Kleve; Kreis Wesel \" rel=\"nofollow noopener\" target=\"_blank\">Duisburg; Essen; M\u00fclheim a. d. Ruhr; Oberhausen; Kreis Kleve; Kreis Wesel<\/a> (ots)<\/p>\n<p> Gemeinsame Pressemitteilung der Zentral- und Ansprechstelle f\u00fcr die Verfolgung von Wirtschafts- und Finanzkriminalit\u00e4t, des Hauptzollamts Duisburg und des Landesamtes zur Bek\u00e4mpfung der Finanzkriminalit\u00e4t. <\/p>\n<p> Die Zentral- und Ansprechstelle f\u00fcr die Verfolgung von Wirtschafts- und Finanzkriminalit\u00e4t (ZeFin NRW) f\u00fchrt ein Ermittlungsverfahren wegen des Verdachts der organisierten Schwarzarbeit sowie der Bildung einer kriminellen Vereinigung durch einen Logistik-Subunternehmer. Den Verantwortlichen dieser Unternehmen wird vorgeworfen, die Kurierfahrer regelm\u00e4\u00dfig in bar entlohnt und von dieser Verg\u00fctung systematisch keine Sozialversicherungsbeitr\u00e4ge abgef\u00fchrt zu haben. Zudem wird den Beschuldigten bandenm\u00e4\u00dfige Steuerhinterziehung vorgeworfen. <\/p>\n<p> Am 24.03.2026 vollstreckten Z\u00f6llnerinnen und Z\u00f6llner der Finanzkontrolle Schwarzarbeit (FKS) verschiedener Hauptzoll\u00e4mter gemeinsam mit dem Landesamt zur Bek\u00e4mpfung der Finanzkriminalit\u00e4t (LBF NRW) und der ZeFin NRW 37 Durchsuchungsbeschl\u00fcsse. An den Ma\u00dfnahmen waren au\u00dferdem die Bundespolizei und eine Spezialeinheit des Zolls beteiligt. <\/p>\n<p> Der Schwerpunkt der Ma\u00dfnahme befand sich in Nordrhein-Westfalen im Ruhrgebiet. <\/p>\n<p> Insgesamt waren mehrere hundert Einsatzkr\u00e4fte der beteiligten Beh\u00f6rden im Einsatz. Die Durchsuchungen fanden in Wohnungen und Firmenr\u00e4umen statt, wobei umfangreiches Beweismaterial sichergestellt wurde. Drei Haftbefehle, gegen den 39-j\u00e4hrigen Hauptbeschuldigten sowie einen 29-j\u00e4hrigen Mann und eine 26-j\u00e4hrige Frau konnten ebenfalls vollstreckt werden. Im Rahmen des Verm\u00f6gensarrestes wurden 174.000, &#8211; Euro Bargeld und sechs E-Lastenr\u00e4der gepf\u00e4ndet oder vorl\u00e4ufig gesichert. <\/p>\n<p> Den Durchsuchungen schlie\u00dft sich nun die intensive Auswertung der beschlagnahmten Unterlagen und Datentr\u00e4ger an. Zur Vermeidung der Gef\u00e4hrdung der Ermittlungen k\u00f6nnen zum jetzigen Zeitpunkt keine weiteren Angaben gemacht werden. <\/p>\n<p class=\"contact-headline\">R\u00fcckfragen bitte an:<\/p>\n<p class=\"contact-text\">Hauptzollamt Duisburg<br \/>Pressestelle<br \/>Telefon: 0203 \/ 6048 &#8211; 1661, &#8211; 1531<br \/>E-Mail: <a href=\"https:\/\/www.presseportal.de\/blaulicht\/pm\/121243\/mailto: presse.hza-duisburg@zoll.bund.de\" class=\"uri-mailto\" rel=\"nofollow noopener\" target=\"_blank\"> presse.hza-duisburg@zoll.bund.de<\/a><br \/><a target=\"_blank\" class=\"uri-ext outbound\" rel=\"noopener nofollow\" href=\"https:\/\/www.zoll.de\">www.zoll.de<\/a><\/p>\n<p class=\"originator\">Original-Content von: Hauptzollamt Duisburg, \u00fcbermittelt durch news aktuell<\/p>\n","protected":false},"excerpt":{"rendered":"25.03.2026 \u2013 13:11 Hauptzollamt Duisburg Duisburg; Essen; M\u00fclheim a. d. Ruhr; Oberhausen; Kreis Kleve; Kreis Wesel (ots) Gemeinsame&hellip;\n","protected":false},"author":2,"featured_media":895603,"comment_status":"","ping_status":"","sticky":false,"template":"","format":"standard","meta":{"footnotes":"","_share_on_mastodon":"0"},"categories":[1838],"tags":[2696,6187,2918,3364,29,3715,30,177,1209,176,178,180,179,181,17273,5719,38044,2149,615],"class_list":["post-895602","post","type-post","status-publish","format-standard","has-post-thumbnail","category-duisburg","tag-bb","tag-bw","tag-by","tag-de","tag-deutschland","tag-duisburg","tag-germany","tag-kriminalitt","tag-nordrhein-westfalen","tag-nrw","tag-presse","tag-pressemeldung","tag-pressemitteilung","tag-pressemitteilungen","tag-rp","tag-schwarzarbeit","tag-sl","tag-steuern","tag-zoll"],"share_on_mastodon":{"url":"https:\/\/pubeurope.com\/@de\/116289865508536744","error":""},"_links":{"self":[{"href":"https:\/\/www.europesays.com\/de\/wp-json\/wp\/v2\/posts\/895602","targetHints":{"allow":["GET"]}}],"collection":[{"href":"https:\/\/www.europesays.com\/de\/wp-json\/wp\/v2\/posts"}],"about":[{"href":"https:\/\/www.europesays.com\/de\/wp-json\/wp\/v2\/types\/post"}],"author":[{"embeddable":true,"href":"https:\/\/www.europesays.com\/de\/wp-json\/wp\/v2\/users\/2"}],"replies":[{"embeddable":true,"href":"https:\/\/www.europesays.com\/de\/wp-json\/wp\/v2\/comments?post=895602"}],"version-history":[{"count":0,"href":"https:\/\/www.europesays.com\/de\/wp-json\/wp\/v2\/posts\/895602\/revisions"}],"wp:featuredmedia":[{"embeddable":true,"href":"https:\/\/www.europesays.com\/de\/wp-json\/wp\/v2\/media\/895603"}],"wp:attachment":[{"href":"https:\/\/www.europesays.com\/de\/wp-json\/wp\/v2\/media?parent=895602"}],"wp:term":[{"taxonomy":"category","embeddable":true,"href":"https:\/\/www.europesays.com\/de\/wp-json\/wp\/v2\/categories?post=895602"},{"taxonomy":"post_tag","embeddable":true,"href":"https:\/\/www.europesays.com\/de\/wp-json\/wp\/v2\/tags?post=895602"}],"curies":[{"name":"wp","href":"https:\/\/api.w.org\/{rel}","templated":true}]}}