{"id":895953,"date":"2026-03-25T15:50:18","date_gmt":"2026-03-25T15:50:18","guid":{"rendered":"https:\/\/www.europesays.com\/de\/895953\/"},"modified":"2026-03-25T15:50:18","modified_gmt":"2026-03-25T15:50:18","slug":"basketball-alba-berlin-plant-neue-riesen-halle-fuer-nba-europe-sport","status":"publish","type":"post","link":"https:\/\/www.europesays.com\/de\/895953\/","title":{"rendered":"Basketball &#8211; Alba Berlin plant neue Riesen-Halle f\u00fcr NBA Europe &#8211; Sport"},"content":{"rendered":"<p data-manual=\"paragraph\" data-schema-org-speakable=\"true\" class=\"css-1eosz7k\"><a href=\"https:\/\/www.sueddeutsche.de\/thema\/Berlin\" rel=\"nofollow noopener\" target=\"_blank\">Berlin<\/a> (dpa) &#8211; <a href=\"https:\/\/www.sueddeutsche.de\/thema\/Basketball\" rel=\"nofollow noopener\" target=\"_blank\">Basketball<\/a>-Bundesligist Alba Berlin plant mit Blick auf eine m\u00f6gliche Teilnahme an der NBA Europe den Bau einer neuen Riesen-Arena in der Hauptstadt. Die NBA-taugliche Halle mit 15.000 Zuschauerpl\u00e4tzen soll in Adlershof im Berliner S\u00fcdosten entstehen, wie die \u201eBerliner Morgenpost\u201c berichtete. Alba best\u00e4tigte der dpa auf Anfrage, dass es Ideen f\u00fcr eine neue Halle gebe, ohne aber Details zu kommentieren. Manager Marco Baldi wird die Pl\u00e4ne und eine Machbarkeitsstudie am Freitag im Sportausschuss des Berliner Abgeordnetenhauses pr\u00e4sentieren.\u00a0<\/p>\n<p data-manual=\"paragraph\" data-schema-org-speakable=\"true\" class=\"css-1eosz7k\">Die Idee wird vom Berliner Senat unterst\u00fctzt. \u201eDie NBA braucht einen Standort in der Sporthauptstadt Berlin \u2013 und Alba hat endlich eine Heimst\u00e4tte f\u00fcr den Profisport und die Nachwuchsf\u00f6rderung\u201c, sagte Sportsenatorin Iris Spranger (SPD) der dpa.\u00a0<\/p>\n<p data-manual=\"paragraph\" data-schema-org-speakable=\"true\" class=\"css-1eosz7k\">Nach bisherigem Kenntnisstand der Senatsverwaltung f\u00fcr Inneres und Sport verfolge der Club im Zusammenhang mit der Teilnahme an der NBA Europe \u00dcberlegungen, eine Mehrzweckhalle auf dem Gel\u00e4nde des Technologieparks Adlershof errichten zu lassen, das in Landesbesitz ist. Konkrete Pl\u00e4ne hierzu l\u00e4gen dem Senat derzeit aber noch nicht vor.\u00a0<\/p>\n<p>NBA Europe soll 2027 an den Start gehen<\/p>\n<p data-manual=\"paragraph\" data-schema-org-speakable=\"true\" class=\"css-1eosz7k\">Die neue Arena soll laut \u201eMorgenpost\u201c Kern eines neuen Sport-Campus werden, zu dem auch ein Trainingszentrum f\u00fcr die Profiteams der M\u00e4nner und Frauen sowie die vielen Jugendmannschaften von Alba geh\u00f6ren soll. Ein freies Gel\u00e4nde zwischen den S-Bahnh\u00f6fen Adlershof und Johannisthal wurde auserkoren. Die Kosten in dreistelliger Millionenh\u00f6he soll ein amerikanisches Bankenkonsortium mitfinanzieren, hie\u00df es.\u00a0<\/p>\n<p data-manual=\"paragraph\" data-schema-org-speakable=\"true\" class=\"css-1eosz7k\">Der Basketball-Club spielt aktuell die meisten seiner Heimspiele in der Uber Arena am Ostbahnhof, die der Anschutz Entertainment Group geh\u00f6rt. Wegen hoher Mietkosten und immer wieder auftretender Terminprobleme sind die Berliner aber schon l\u00e4nger auf der Suche nach einer Alternative.<\/p>\n<p data-manual=\"paragraph\" data-schema-org-speakable=\"true\" class=\"css-1eosz7k\">Die nordamerikanische Profiliga NBA will im Oktober 2027 einen Ableger in Europa an den Start bringen. Alba gilt als einer der aussichtsreichsten Kandidaten f\u00fcr einen der festen Startpl\u00e4tze.<\/p>\n<p data-manual=\"paragraph\" data-schema-org-speakable=\"true\" class=\"css-1eosz7k\">\u00a9 dpa-infocom, dpa:260325-930-863142\/3<\/p>\n","protected":false},"excerpt":{"rendered":"Berlin (dpa) &#8211; Basketball-Bundesligist Alba Berlin plant mit Blick auf eine m\u00f6gliche Teilnahme an der NBA Europe den&hellip;\n","protected":false},"author":2,"featured_media":895954,"comment_status":"","ping_status":"","sticky":false,"template":"","format":"standard","meta":{"footnotes":"","_share_on_mastodon":"0"},"categories":[1825],"tags":[1941,1939,13329,2493,296,1937,29,30,1940,1938,265,149,2247],"class_list":["post-895953","post","type-post","status-publish","format-standard","has-post-thumbnail","category-berlin","tag-aktuelle-nachrichten-aus-berlin","tag-aktuelle-news-aus-berlin","tag-alba","tag-basketball","tag-berlin","tag-berlin-news","tag-deutschland","tag-germany","tag-nachrichten-aus-berlin","tag-news-aus-berlin","tag-sport","tag-sueddeutsche-zeitung","tag-uber-arena"],"share_on_mastodon":{"url":"https:\/\/pubeurope.com\/@de\/116290612566870416","error":""},"_links":{"self":[{"href":"https:\/\/www.europesays.com\/de\/wp-json\/wp\/v2\/posts\/895953","targetHints":{"allow":["GET"]}}],"collection":[{"href":"https:\/\/www.europesays.com\/de\/wp-json\/wp\/v2\/posts"}],"about":[{"href":"https:\/\/www.europesays.com\/de\/wp-json\/wp\/v2\/types\/post"}],"author":[{"embeddable":true,"href":"https:\/\/www.europesays.com\/de\/wp-json\/wp\/v2\/users\/2"}],"replies":[{"embeddable":true,"href":"https:\/\/www.europesays.com\/de\/wp-json\/wp\/v2\/comments?post=895953"}],"version-history":[{"count":0,"href":"https:\/\/www.europesays.com\/de\/wp-json\/wp\/v2\/posts\/895953\/revisions"}],"wp:featuredmedia":[{"embeddable":true,"href":"https:\/\/www.europesays.com\/de\/wp-json\/wp\/v2\/media\/895954"}],"wp:attachment":[{"href":"https:\/\/www.europesays.com\/de\/wp-json\/wp\/v2\/media?parent=895953"}],"wp:term":[{"taxonomy":"category","embeddable":true,"href":"https:\/\/www.europesays.com\/de\/wp-json\/wp\/v2\/categories?post=895953"},{"taxonomy":"post_tag","embeddable":true,"href":"https:\/\/www.europesays.com\/de\/wp-json\/wp\/v2\/tags?post=895953"}],"curies":[{"name":"wp","href":"https:\/\/api.w.org\/{rel}","templated":true}]}}