{"id":895979,"date":"2026-03-25T16:04:17","date_gmt":"2026-03-25T16:04:17","guid":{"rendered":"https:\/\/www.europesays.com\/de\/895979\/"},"modified":"2026-03-25T16:04:17","modified_gmt":"2026-03-25T16:04:17","slug":"switch-2-nintendo-streicht-offenbar-die-produktion-zusammen","status":"publish","type":"post","link":"https:\/\/www.europesays.com\/de\/895979\/","title":{"rendered":"Switch 2: Nintendo streicht offenbar die Produktion zusammen"},"content":{"rendered":"<p>Nintendo plant einem Bericht zufolge, die Produktion der <a class=\"heiseplus-lnk\" href=\"https:\/\/www.heise.de\/tests\/Switch-2-im-Test-Nintendos-Antwort-auf-Steam-Deck-und-PC-Handhelds-10387966.html\" rel=\"nofollow noopener\" target=\"_blank\">Switch 2<\/a> stark zu drosseln, nachdem das Unternehmen seine f\u00fcr das Weihnachtsgesch\u00e4ft 2025 prognostizierten Absatzzahlen nicht erreicht hat. Wie <a href=\"https:\/\/www.bloomberg.com\/news\/articles\/2026-03-24\/nintendo-cuts-switch-2-output-by-over-30-on-weak-holiday-sales?srnd=phx-technology\" rel=\"external noopener nofollow\" target=\"_blank\">Bloomberg berichtet<\/a>, soll der japanische Hersteller die Produktion im laufenden Quartal von 6 Millionen auf 4 Millionen Einheiten senken. Das entspricht einer Reduzierung um ein Drittel gegen\u00fcber dem urspr\u00fcnglichen Plan. Auch im April will Nintendo demnach weniger produzieren als bisher geplant. <\/p>\n<p>        Weiterlesen nach der Anzeige<\/p>\n<p>Switch 2 mit Rekordstart<\/p>\n<p>Die <a href=\"https:\/\/www.heise.de\/thema\/Nintendo\" rel=\"external noopener nofollow\" target=\"_blank\">Nintendo<\/a> Switch 2 legte im Juni 2025 zun\u00e4chst einen rekordverd\u00e4chtigen Start <a href=\"https:\/\/www.heise.de\/news\/Nintendo-Switch-2-legt-wohl-besten-Konsolen-Launch-aller-Zeiten-hin-10439631.html\" rel=\"external noopener nofollow\" target=\"_blank\">mit 3,5 Millionen verkauften Einheiten in den ersten vier Tagen hin<\/a>. Das entsprach rund 800.000 Einheiten mehr, als die urspr\u00fcngliche Switch in ihrem ersten Monat verkauft wurde. Nintendo hatte seine Verkaufsprognose deshalb von 15 Millionen Konsolen auf 19 Millionen St\u00fcck angehoben. Doch danach konnten die Verkaufszahlen der Switch 2 die hohen Erwartungen nicht erf\u00fcllen. W\u00e4hrend laut Bloombergs Quellen die Nachfrage nach einer preisg\u00fcnstigeren, aber weniger profitablen Variante in Japan weiterhin stark ist, habe der Absatz vor allem in den USA nicht an diesen anhaltenden Erfolg ankn\u00fcpfen k\u00f6nnen.<\/p>\n<p>So fiel die Nintendo-Aktie in Tokio um bis zu 6,3 Prozent und verzeichnete damit den st\u00e4rksten Tagesverlust seit dem 4. Februar 2026. Der Kurs sank vor\u00fcbergehend auf 8835 Yen (circa 48 Euro) und machte damit alle Gewinne aus einer Rallye zu Beginn dieses Monats zunichte. Diese wurde durch den <a href=\"https:\/\/www.heise.de\/news\/Pokemon-Pokopia-Nintendo-Kurs-steigt-nach-erfolgreichem-Release-11206818.html\" rel=\"nofollow noopener\" target=\"_blank\">\u00fcberraschenden Erfolg des neuen Pok\u00e9mon-Spiels \u201ePokopia\u201c ausgel\u00f6st<\/a>. Die Produktionsk\u00fcrzung d\u00fcrfte laut Bloombergs Informanten dennoch keinen Einfluss auf die von Analysten gesch\u00e4tzten 20 Millionen verkauften Switch-2-Ger\u00e4ten im Gesch\u00e4ftsjahr haben, das im M\u00e4rz endet.<\/p>\n<p>        Lesen Sie auchMehr anzeigenWeniger anzeigen<\/p>\n<p>Wie alle Elektronikhersteller steht auch Nintendo mit der Switch 2 unter hohem Kostendruck, der unter anderem durch steigende Speicherpreise erzeugt wird. Die h\u00f6heren Kosten hatten Nintendo dazu veranlasst, eine Preiserh\u00f6hung f\u00fcr das Ger\u00e4t in Betracht zu ziehen \u2013 bei der Produktionsdrosselung spielte dieser Faktor keine Rolle. Die Produktionsk\u00fcrzungen seien vor allem auf eine nachlassende Nachfrage seitens der Verbraucher zur\u00fcckzuf\u00fchren, so Bloombergs Quellen.<\/p>\n<p>F\u00fcr den <a href=\"https:\/\/www.heise.de\/news\/Nintendo-Switch-2-koennte-in-Europa-bald-mit-austauschbarem-Akku-erscheinen-11221327.html\" rel=\"nofollow noopener\" target=\"_blank\">europ\u00e4ischen Markt soll Nintendo<\/a> eine Switch-2-Variante mit entnehmbarem Akku vorbereiten, um den EU-Vorgaben zu entsprechen, die ab 2027 leicht wechselbare Akkus verlangen.<\/p>\n<p>        Weiterlesen nach der Anzeige<\/p>\n<p>(<a class=\"redakteurskuerzel__link\" href=\"https:\/\/www.heise.de\/news\/mailto:afl@heise.de\" title=\"Andreas Floemer\" rel=\"nofollow noopener\" target=\"_blank\">afl<\/a>)<\/p>\n<p>\n      Dieser Link ist leider nicht mehr g\u00fcltig.\n    <\/p>\n<p>Links zu verschenkten Artikeln werden ung\u00fcltig,<br \/>\n      wenn diese \u00e4lter als 7\u00a0Tage sind oder zu oft aufgerufen wurden.\n    <\/p>\n<p><strong>Sie ben\u00f6tigen ein heise+ Paket, um diesen Artikel zu lesen. Jetzt eine Woche unverbindlich testen \u2013 ohne Verpflichtung!<\/strong><\/p>\n","protected":false},"excerpt":{"rendered":"Nintendo plant einem Bericht zufolge, die Produktion der Switch 2 stark zu drosseln, nachdem das Unternehmen seine f\u00fcr&hellip;\n","protected":false},"author":2,"featured_media":895980,"comment_status":"","ping_status":"","sticky":false,"template":"","format":"standard","meta":{"footnotes":"","_share_on_mastodon":"0"},"categories":[135],"tags":[29,214,30,11172,41396,205,190,189,8267,194,191,64,55,193,192],"class_list":["post-895979","post","type-post","status-publish","format-standard","has-post-thumbnail","category-wissenschaft-technik","tag-deutschland","tag-entertainment","tag-germany","tag-hardware","tag-marktanalyse","tag-nintendo","tag-science","tag-science-technology","tag-spiele","tag-technik","tag-technology","tag-usa","tag-wirtschaft","tag-wissenschaft","tag-wissenschaft-technik"],"share_on_mastodon":{"url":"https:\/\/pubeurope.com\/@de\/116290667655738566","error":""},"_links":{"self":[{"href":"https:\/\/www.europesays.com\/de\/wp-json\/wp\/v2\/posts\/895979","targetHints":{"allow":["GET"]}}],"collection":[{"href":"https:\/\/www.europesays.com\/de\/wp-json\/wp\/v2\/posts"}],"about":[{"href":"https:\/\/www.europesays.com\/de\/wp-json\/wp\/v2\/types\/post"}],"author":[{"embeddable":true,"href":"https:\/\/www.europesays.com\/de\/wp-json\/wp\/v2\/users\/2"}],"replies":[{"embeddable":true,"href":"https:\/\/www.europesays.com\/de\/wp-json\/wp\/v2\/comments?post=895979"}],"version-history":[{"count":0,"href":"https:\/\/www.europesays.com\/de\/wp-json\/wp\/v2\/posts\/895979\/revisions"}],"wp:featuredmedia":[{"embeddable":true,"href":"https:\/\/www.europesays.com\/de\/wp-json\/wp\/v2\/media\/895980"}],"wp:attachment":[{"href":"https:\/\/www.europesays.com\/de\/wp-json\/wp\/v2\/media?parent=895979"}],"wp:term":[{"taxonomy":"category","embeddable":true,"href":"https:\/\/www.europesays.com\/de\/wp-json\/wp\/v2\/categories?post=895979"},{"taxonomy":"post_tag","embeddable":true,"href":"https:\/\/www.europesays.com\/de\/wp-json\/wp\/v2\/tags?post=895979"}],"curies":[{"name":"wp","href":"https:\/\/api.w.org\/{rel}","templated":true}]}}