{"id":896507,"date":"2026-03-25T20:56:17","date_gmt":"2026-03-25T20:56:17","guid":{"rendered":"https:\/\/www.europesays.com\/de\/896507\/"},"modified":"2026-03-25T20:56:17","modified_gmt":"2026-03-25T20:56:17","slug":"eigene-wohnung-konzept-soll-ausgeweitet-werden-%c2%b7-leipziger-zeitung","status":"publish","type":"post","link":"https:\/\/www.europesays.com\/de\/896507\/","title":{"rendered":"\u201eEigene Wohnung\u201c-Konzept soll ausgeweitet werden \u00b7 Leipziger Zeitung"},"content":{"rendered":"<p>Leipzig m\u00f6chte das Angebot \u201eEigene Wohnung\u201c f\u00fcr wohnungslose Menschen m\u00f6glichst ausbauen. Das hat die Ratsversammlung am Mittwoch, dem 25. M\u00e4rz, mit gro\u00dfer Mehrheit beschlossen. Ob und wie viele zus\u00e4tzliche Pl\u00e4tze in den kommenden Jahren zur Verf\u00fcgung stehen werden, h\u00e4ngt aber vom Wohnungsangebot und von der finanziellen Situation der Stadt ab.<\/p>\n<p>Katharina Krefft, aus deren Gr\u00fcnen-Fraktion der Antrag kam, war ganz klar: Der Bedarf bei Wohnungslosen ist hoch und es gibt viele Interessierte. Dass das tats\u00e4chlich so ist, l\u00e4sst sich aus den Zahlen der ersten Bewerbungsphase ableiten. <a href=\"https:\/\/www.leipzig.de\/leben-in-leipzig\/soziales\/soziale-hilfen\/obdachlosigkeit\/projekt-eigene-wohnung\" target=\"_blank\" rel=\"noopener nofollow\">Damals wurden 25 Pl\u00e4tze unter 52 Personen mit h\u00f6chster \u201eDringlichkeitsstufe\u201c verlost.<\/a> Hinzu kamen Interessierte, die zumindest nicht auf der Stra\u00dfe oder in Abrissh\u00e4usern leben mussten, und deshalb nicht ins Losverfahren kamen.<img decoding=\"async\" src=\"https:\/\/www.europesays.com\/de\/wp-content\/uploads\/2026\/03\/58988950a1ae4cd7b8cd3dec669f26e6.gif\" width=\"https:\/\/www.l-iz.de\/politik\/leipzig\/2026\/03\/1\" height=\"https:\/\/www.l-iz.de\/politik\/leipzig\/2026\/03\/1\" alt=\"\"\/><\/p>\n<p>Nach den urspr\u00fcnglich 25 Wohnungen <a href=\"https:\/\/www.l-iz.de\/politik\/leipzig\/2024\/03\/der-stadtrat-tagte-housing-first-2025-30-wohnungen-erweitert-580533\" target=\"_blank\" rel=\"noopener nofollow\">wurden 25 weitere Wohnungen vergeben<\/a>. 2026 sollen laut Gr\u00fcnen-Antrag zus\u00e4tzliche 15 Wohnungen hinzukommen. Die Gr\u00fcnen wollten einen Mechanismus: j\u00e4hrlich 25 neue Wohnungen im \u201eEigene Wohnung\u201c-Modell.<\/p>\n<p>Krefft wehrte sich in der Ratsversammlung gegen die Behauptung aus dem Sozialamt, dass sich die Stadt das nicht leisten k\u00f6nne. \u201eEigene Wohnung\u201c sei \u201enachweislich\u201c g\u00fcnstiger als die Unterbringung in \u00dcbernachtungsh\u00e4usern.<\/p>\n<p>Nagel vermutet tausende Wohnungslose in Leipzig<\/p>\n<p>Der mutma\u00dflich hohe Bedarf lie\u00df sich auch aus den Worten der Linken-Stadtr\u00e4tin Juliane Nagel entnehmen. Laut Z\u00e4hlung gebe es 1.000 wohnungslose Menschen in Leipzig. \u201eDie Dunkelziffer ist um ein Vielfaches h\u00f6her\u201c, glaubt Nagel. Vor allem junge Menschen, ehemalige Bewohner*innen von Frauenh\u00e4usern, die keine neue Wohnung finden, und Menschen, die gerade aus dem Gef\u00e4ngnis entlassen wurden, w\u00fcrden h\u00e4ufig nicht erfasst.<\/p>\n<p>Die Gr\u00fcnen \u00fcbernahmen einen \u00c4nderungsantrag der Linken, in dem zun\u00e4chst keine konkrete Zahl f\u00fcr zus\u00e4tzliche Wohnungen genannt wurde. Stattdessen soll eine Pr\u00fcfung erfolgen, w\u00e4hrend die Verwaltung den Fachplan Wohnungsnotfallhilfe fortschreibt. Weiter hei\u00dft es: \u201eAuf Grundlage der Bedarfsabfrage bei den Tr\u00e4gern der Wohnungsnotfallhilfe ist eine j\u00e4hrliche Erweiterung des Wohnungsbestandes ab 2027 konkret festzulegen.\u201c<\/p>\n<p>SPD sieht Wohnraumangebot als Kriterium<\/p>\n<p>Doch das ging der SPD-Fraktion zu weit. Diese legte ebenfalls einen \u00c4nderungsantrag vor und baute noch einen Vorbehalt ein: \u201eVerf\u00fcgbarkeit von Wohnraum und finanzieller Mittel\u201c. Das sei ein \u201epragmatischer Ansatz\u201c, den auch die CDU unterst\u00fctzen k\u00f6nne, erkl\u00e4rte deren Stadtrat Marcus M\u00fcndlein.<\/p>\n<p>Linke und AfD stimmten gegen den \u00c4nderungsantrag der SPD, mutma\u00dflich aus unterschiedlichen Gr\u00fcnden. Der von den Gr\u00fcnen \u00fcbernommene \u00c4nderungsantrag der Linken kam damit nicht mehr zur Abstimmung.<\/p>\n<p>Der beschlossene Antrag enth\u00e4lt auch den Satz \u201eAlle Wohnungsanbieter in der Stadt werden f\u00fcr die Wohnraumauswahl aktiv angefragt\u201c. Bislang stammen die \u201eEigenen Wohnungen\u201c nur aus dem Bestand der LWB. Sozialb\u00fcrgermeisterin Martina M\u00fcnch bat vor der Abstimmung um Protokollnotiz, dass nur die \u201egro\u00dfen\u201c Anbieter angefragt werden m\u00fcssen \u2013 wirklich \u201ealle\u201c anzufragen, sei ein viel zu gro\u00dfer Aufwand.<\/p>\n<p>Nach der Abstimmung richtete Gr\u00fcnen-Stadtr\u00e4tin Krefft nochmal das Wort an die Verwaltung: Man m\u00f6ge bitte diesmal nicht nur Briefe schreiben, sondern jene Anbieter um ein pers\u00f6nliches Gespr\u00e4ch bitten.<\/p>\n","protected":false},"excerpt":{"rendered":"Leipzig m\u00f6chte das Angebot \u201eEigene Wohnung\u201c f\u00fcr wohnungslose Menschen m\u00f6glichst ausbauen. Das hat die Ratsversammlung am Mittwoch, dem&hellip;\n","protected":false},"author":2,"featured_media":896508,"comment_status":"","ping_status":"","sticky":false,"template":"","format":"standard","meta":{"footnotes":"","_share_on_mastodon":"0"},"categories":[1832],"tags":[3364,29,30,68214,71,23923,859,1108],"class_list":["post-896507","post","type-post","status-publish","format-standard","has-post-thumbnail","category-leipzig","tag-de","tag-deutschland","tag-germany","tag-housing-first","tag-leipzig","tag-lwb","tag-sachsen","tag-stadtrat"],"share_on_mastodon":{"url":"https:\/\/pubeurope.com\/@de\/116291815811797206","error":""},"_links":{"self":[{"href":"https:\/\/www.europesays.com\/de\/wp-json\/wp\/v2\/posts\/896507","targetHints":{"allow":["GET"]}}],"collection":[{"href":"https:\/\/www.europesays.com\/de\/wp-json\/wp\/v2\/posts"}],"about":[{"href":"https:\/\/www.europesays.com\/de\/wp-json\/wp\/v2\/types\/post"}],"author":[{"embeddable":true,"href":"https:\/\/www.europesays.com\/de\/wp-json\/wp\/v2\/users\/2"}],"replies":[{"embeddable":true,"href":"https:\/\/www.europesays.com\/de\/wp-json\/wp\/v2\/comments?post=896507"}],"version-history":[{"count":0,"href":"https:\/\/www.europesays.com\/de\/wp-json\/wp\/v2\/posts\/896507\/revisions"}],"wp:featuredmedia":[{"embeddable":true,"href":"https:\/\/www.europesays.com\/de\/wp-json\/wp\/v2\/media\/896508"}],"wp:attachment":[{"href":"https:\/\/www.europesays.com\/de\/wp-json\/wp\/v2\/media?parent=896507"}],"wp:term":[{"taxonomy":"category","embeddable":true,"href":"https:\/\/www.europesays.com\/de\/wp-json\/wp\/v2\/categories?post=896507"},{"taxonomy":"post_tag","embeddable":true,"href":"https:\/\/www.europesays.com\/de\/wp-json\/wp\/v2\/tags?post=896507"}],"curies":[{"name":"wp","href":"https:\/\/api.w.org\/{rel}","templated":true}]}}