{"id":896769,"date":"2026-03-25T23:22:13","date_gmt":"2026-03-25T23:22:13","guid":{"rendered":"https:\/\/www.europesays.com\/de\/896769\/"},"modified":"2026-03-25T23:22:13","modified_gmt":"2026-03-25T23:22:13","slug":"hallo-deutschland-aus-fuer-drei-zdf-moderatoren","status":"publish","type":"post","link":"https:\/\/www.europesays.com\/de\/896769\/","title":{"rendered":"&#8222;Hallo Deutschland&#8220;-Aus f\u00fcr drei ZDF-Moderatoren"},"content":{"rendered":"<p>Ein Neuzugang kommt <\/p>\n<p>ZDF-Magazin trennt sich von drei langj\u00e4hrigen Moderatoren<\/p>\n<p>26.03.2026 &#8211; 00:09 UhrLesedauer: 2 Min.<\/p>\n<p><a href=\"#focus-0\" class=\"transition-colors duration-200 block text-current relative\" data-sctrack=\"FocusGalleryImage.Reference\"><img fetchpriority=\"high\" data-testid=\"Opener.Image\" style=\"--lqipURL:url('https:\/\/images.t-online.de\/2026\/03\/vOCSEo7nSgX-\/553x274:1018x573\/fit-in\/150x0\/filters:blur(25)\/tim-niedernolte-er-gehoerte-ueber-zehn-jahre-lang-zum-team-von-hallo-deutschland.jpg')\"   loading=\"eager\" src=\"https:\/\/www.europesays.com\/de\/wp-content\/uploads\/2026\/03\/tim-niedernolte-er-gehoerte-ueber-zehn-jahre-lang-zum-team-von-hallo-deutschland.jpg\" alt=\"Tim Niedernolte: Er geh\u00f6rte \u00fcber zehn Jahre lang zum Team von &quot;Hallo Deutschland&quot;.\" title=\"Tim Niedernolte: Er geh\u00f6rte \u00fcber zehn Jahre lang zum Team von &quot;Hallo Deutschland&quot;.\" width=\"1018\" height=\"573\" class=\"bg-[url:var(--lqipURL)] bg-cover bg-center flex h-full w-full max-w-full\" decoding=\"async\"\/><img style=\"--width:32;--height:32\" loading=\"lazy\" src=\"https:\/\/www.t-online.de\/s\/paper\/_next\/static\/media\/zoom-in.f7dae02f.svg\" alt=\"Vergr\u00f6\u00dfern des Bildes\" title=\"Vergr\u00f6\u00dfern des Bildes\" class=\"block h-[calc(var(--height)_\/_16_*_1rem)] w-[calc(var(--width)_\/_16_*_1rem)] max-w-none absolute bottom-8 right-8 rounded-4 bg-snow p-8\" decoding=\"async\"\/><\/a><\/p>\n<p>Tim Niedernolte: Er geh\u00f6rte \u00fcber zehn Jahre lang zum Team von &#8222;Hallo Deutschland&#8220;. (Quelle: ZDF\/Jana Kay)<\/p>\n<p class=\"font-bold text-18 leading-17 user-text-lg:text-22 user-text-xl:text-24\">Gerade erst verk\u00fcndete das ZDF ein neues Gesicht f\u00fcr &#8222;Hallo Deutschland&#8220;. Nun wird bekannt, dass drei der bisherigen Moderatoren daf\u00fcr gehen m\u00fcssen.<\/p>\n<p class=\"text-18 leading-17 user-text-lg:text-22 user-text-xl:text-24\">&#8222;&#8218;Hallo Deutschland&#8216; feiert im kommenden Jahr seinen 30. Geburtstag \u2013 und dieser langj\u00e4hrige Erfolg hat einen Grund: Das Magazin erneuert sich immer wieder und bleibt dabei seinen St\u00e4rken treu: Es ist verl\u00e4sslich aktuell, thematisch vielf\u00e4ltig und nah am Alltag der Menschen&#8220;, wurde die Leiterin der ZDF-Hauptredaktion Aktuelles in einer Pressemeldung am Dienstag zitiert, mit der sie einen neuen Moderator f\u00fcr die Sendung vorstellte.<\/p>\n<p class=\"text-18 leading-17 user-text-lg:text-22 user-text-xl:text-24\">Neben Sandra Maria Gronewald f\u00fchren seit Jahren auch regelm\u00e4\u00dfig Tim Niedernolte, Lissy Ishag und Babette von Kienlin durch die Sendung. Nun wurde bekannt, dass die drei mit dem Start ihres neuen Kollegen gehen werden.<\/p>\n<p class=\"text-18 leading-17 user-text-lg:text-22 user-text-xl:text-24\">Das aktuelle Quartett sei aus der Zusammenlegung der Moderatorenteams von &#8222;Hallo Deutschland&#8220; und der Sendung &#8222;Drehscheibe&#8220;, die Ende 2023 eingestellt wurde, entstanden. Mit der Reduzierung auf &#8222;zwei pr\u00e4gende K\u00f6pfe&#8220; erhoffe man sich nun &#8222;eine noch h\u00f6here Wiedererkennbarkeit f\u00fcr das Format&#8220;, begr\u00fcndet das <a class=\"transition-colors duration-200 cursor-pointer text-inherit no-underline text-salemsfur md:hover:text-magenta md:hover:border-magenta md:focus:text-magenta border-current border-b border-solid break-words\" data-tracking=\"{&quot;action&quot;:&quot;click&quot;,&quot;category&quot;:&quot;intextLink&quot;,&quot;label&quot;:&quot;\/themen\/zdf\/&quot;}\" href=\"https:\/\/www.t-online.de\/themen\/zdf\/\" data-sctrack=\"BodyAnchor\" rel=\"nofollow noopener\" target=\"_blank\">ZDF<\/a> die Entscheidung.<\/p>\n<p class=\"text-18 leading-17 user-text-lg:text-22 user-text-xl:text-24\">F\u00fcr die Moderatoren selbst offensichtlich keine \u00dcberraschung. Man habe sie und ihre Kollegen &#8222;bereits vor zwei Jahren \u00fcber diese Umstrukturierung informiert und begleitet&#8220;, erkl\u00e4rte Babette von Kienlin RTL auf Anfrage. Dementsprechend sei sie vor allem &#8222;dankbar und fr\u00f6hlich, dass ich seit 1987 f\u00fcr das ZDF arbeiten darf&#8220;, sagte die 63-J\u00e4hrige und betonte: &#8222;Und noch bin ich dabei!&#8220;<\/p>\n<p class=\"text-18 leading-17 user-text-lg:text-22 user-text-xl:text-24\">Wie es f\u00fcr sie, Tim Niedernolte und Lissy Ishag ab Juli dann weitergeht, wurde vom Sender nicht mitgeteilt. Die beiden Letzteren haben sich bisher noch nicht zu ihrem &#8222;Hallo Deutschland&#8220;-Aus zu Wort gemeldet.<\/p>\n","protected":false},"excerpt":{"rendered":"Ein Neuzugang kommt ZDF-Magazin trennt sich von drei langj\u00e4hrigen Moderatoren 26.03.2026 &#8211; 00:09 UhrLesedauer: 2 Min. Tim Niedernolte:&hellip;\n","protected":false},"author":2,"featured_media":896770,"comment_status":"","ping_status":"","sticky":false,"template":"","format":"standard","meta":{"footnotes":"","_share_on_mastodon":"0"},"categories":[2],"tags":[331,3924,332,3922,3364,29,30,13,197011,196600,14,3923,21755,15,3921,197012,12,1448],"class_list":["post-896769","post","type-post","status-publish","format-standard","has-post-thumbnail","category-deutschland","tag-aktuelle-nachrichten","tag-aktuelle-nachrichten-aus-deutschland","tag-aktuelle-news","tag-aktuelle-news-aus-deutschland","tag-de","tag-deutschland","tag-germany","tag-headlines","tag-lissy-ishag","tag-marvin-fischer","tag-nachrichten","tag-nachrichten-aus-deutschland","tag-neuzugang","tag-news","tag-news-aus-deutschland","tag-sandra-maria-gronewald","tag-schlagzeilen","tag-zdf"],"share_on_mastodon":{"url":"https:\/\/pubeurope.com\/@de\/116292389934069589","error":""},"_links":{"self":[{"href":"https:\/\/www.europesays.com\/de\/wp-json\/wp\/v2\/posts\/896769","targetHints":{"allow":["GET"]}}],"collection":[{"href":"https:\/\/www.europesays.com\/de\/wp-json\/wp\/v2\/posts"}],"about":[{"href":"https:\/\/www.europesays.com\/de\/wp-json\/wp\/v2\/types\/post"}],"author":[{"embeddable":true,"href":"https:\/\/www.europesays.com\/de\/wp-json\/wp\/v2\/users\/2"}],"replies":[{"embeddable":true,"href":"https:\/\/www.europesays.com\/de\/wp-json\/wp\/v2\/comments?post=896769"}],"version-history":[{"count":0,"href":"https:\/\/www.europesays.com\/de\/wp-json\/wp\/v2\/posts\/896769\/revisions"}],"wp:featuredmedia":[{"embeddable":true,"href":"https:\/\/www.europesays.com\/de\/wp-json\/wp\/v2\/media\/896770"}],"wp:attachment":[{"href":"https:\/\/www.europesays.com\/de\/wp-json\/wp\/v2\/media?parent=896769"}],"wp:term":[{"taxonomy":"category","embeddable":true,"href":"https:\/\/www.europesays.com\/de\/wp-json\/wp\/v2\/categories?post=896769"},{"taxonomy":"post_tag","embeddable":true,"href":"https:\/\/www.europesays.com\/de\/wp-json\/wp\/v2\/tags?post=896769"}],"curies":[{"name":"wp","href":"https:\/\/api.w.org\/{rel}","templated":true}]}}