{"id":896989,"date":"2026-03-26T01:29:20","date_gmt":"2026-03-26T01:29:20","guid":{"rendered":"https:\/\/www.europesays.com\/de\/896989\/"},"modified":"2026-03-26T01:29:20","modified_gmt":"2026-03-26T01:29:20","slug":"beliebter-teleshopping-sender-pleite-er-feierte-gerade-erst-25-jubilaeum-news","status":"publish","type":"post","link":"https:\/\/www.europesays.com\/de\/896989\/","title":{"rendered":"Beliebter Teleshopping-Sender pleite: Er feierte gerade erst 25. Jubil\u00e4um | News"},"content":{"rendered":"<p><a class=\"skip-content skip-content--link\" href=\"#in-content-skip-link-target-v-0-0\">TTS-Player \u00fcberspringen\u21b5<\/a><a id=\"in-content-skip-link-target-v-0-0\" class=\"skip-content--target-link-hidden skip-content skip-content--target-link\" href=\"#in-content-skip-link-target-v-0-0\">Artikel weiterlesen<\/a><\/p>\n<p>Hannover \u2013 <b>Die Bilder wirkten noch so fr\u00f6hlich: Promis, Gl\u00fcckw\u00fcnsche, gro\u00dfe Partylaune. Erst vor wenigen Tagen feierte der Teleshopping-Sender Channel21 sein 25-j\u00e4hriges Jubil\u00e4um. Doch jetzt folgt die bittere Realit\u00e4t: Insolvenz!<\/b><\/p>\n<p>Wie das Amtsgericht <a href=\"https:\/\/www.bild.de\/regional\/hannover\/hannover-regional\/home-16344348.bild.html\" class=\"text-link\" rel=\"nofollow noopener\" target=\"_blank\">Hannover<\/a> angeordnet hat, l\u00e4uft seit Kurzem ein vorl\u00e4ufiges Insolvenzverfahren bei der Channel21 GmbH. Damit ist klar: Bei dem beliebten Sender geht es ums \u00dcberleben.<\/p>\n<p>200 Mitarbeiter bangen um ihre Arbeit<\/p>\n<p>F\u00fcr die rund 200 Besch\u00e4ftigten ist die Lage besonders dramatisch. Wie es f\u00fcr sie weitergeht, ist v\u00f6llig offen. Wichtige Entscheidungen d\u00fcrfen aktuell nur noch mit Zustimmung der vorl\u00e4ufigen Insolvenzverwalterin Dr. Stefanie Zulauf getroffen werden. Die Anw\u00e4ltin soll nun pr\u00fcfen, ob der Betrieb \u00fcberhaupt noch zu retten ist.<\/p>\n<p><img decoding=\"async\" width=\"992\" height=\"558\" alt=\"Moderatorin Ricarda M. (61) ist das Aush\u00e4ngeschild des Teleshopping-Senders\" src=\"https:\/\/www.europesays.com\/de\/wp-content\/uploads\/2026\/03\/7ff100ba138e65b568747b0679b14f7c,6f04ba3c.jpeg\"   class=\"landscape\" loading=\"lazy\"\/><\/p>\n<p class=\"fig__caption__text\">Moderatorin Ricarda M. (61) ist das Aush\u00e4ngeschild des Teleshopping-Senders <\/p>\n<p>Foto: IMAGO\/Berlinfoto<\/p>\n<p>Besonders bitter: Noch vor wenigen Tagen pr\u00e4sentierte sich Channel21 auf Instagram in Feierlaune. <a href=\"https:\/\/www.bild.de\/unterhaltung\/leute\/leute\/home-15684852.bild.html\" class=\"text-link\" rel=\"nofollow noopener\" target=\"_blank\">Stars<\/a> wie Tine Wittler und \u201eBig Brother\u201c-Gewinnerin Alida Kurras gratulierten \u00f6ffentlich. Jetzt ist von Partystimmung nichts mehr zu sp\u00fcren.<\/p>\n<p> An dieser Stelle findest du Inhalte aus Instagram <\/p>\n<p> Um mit Inhalten aus Instagram und anderen sozialen Netzwerken zu interagieren oder diese darzustellen, brauchen wir deine Zustimmung. <\/p>\n<p> soziale Netzwerke aktivieren  Um eingebettete Inhalte anzuzeigen, ist Ihre jederzeit widerrufliche Einwilligung (\u00fcber den Schalter oder \u00fcber &#8220; <a class=\"embed-placeholder__text-link\" href=\"#\" rel=\"noopener noreferrer\" title=\"Tracking widerrufen\"> Widerruf Tracking und Cookies<\/a> &#8220; am Seitenende) zur Verarbeitung personenbezogener Daten n\u00f6tig.  Dabei k\u00f6nnen Daten in Drittl\u00e4nder wie die USA \u00fcbermittelt werden (Art. 49 Abs. 1 lit. a DSGVO). Mit dem Aktivieren des Inhalts stimmen Sie zu. Weitere Infos finden Sie <a class=\"embed-placeholder__text-link\" href=\"#\" rel=\"noopener noreferrer\" title=\"Zu den Privatsph\u00e4re Einstellungen\"> hier<\/a>. Gr\u00fcnde f\u00fcr die Insolvenz<\/p>\n<p>Die <a href=\"https:\/\/www.bild.de\/themen\/specials\/insolvenz\/finanzen-nachrichten-news-fotos-videos-21175522.bild.html\" class=\"text-link\" rel=\"nofollow noopener\" target=\"_blank\">Insolvenz<\/a> kommt nicht aus heiterem Himmel. Gr\u00fcnde sind tiefgreifende Ver\u00e4nderungen im Konsumverhalten, ein hoher Wettbewerbsdruck und eine Verschiebung hin zu globalen Online-Plattformen. Ein Problem, das die ganze Branche betrifft. Immer weniger Menschen schauen klassisches Fernsehen, sondern kaufen stattdessen direkt im Internet ein.<\/p>\n<p><img decoding=\"async\" width=\"992\" height=\"1178\" alt=\"Auch Harald Gl\u00f6\u00f6ckler hat 2016 seine Mode-Kollektion \u201ePomp\u00f6\u00f6s\u201c auf Channel21 angeboten\" src=\"https:\/\/www.europesays.com\/de\/wp-content\/uploads\/2026\/03\/21e97c49ce831b0e00ac891d6a57a800,5d0529a2.jpeg\"   class=\"portrait\" loading=\"lazy\"\/><\/p>\n<p class=\"fig__caption__text\">Auch Harald Gl\u00f6\u00f6ckler bot 2016 seine Mode-Kollektion \u201ePomp\u00f6\u00f6s\u201c auf Channel21 an<\/p>\n<p>Foto: picture alliance\/Geisler-Fotop .<\/p>\n<p>Vom RTL-Shop zur Dauerbaustelle<\/p>\n<p>Channel21 hat eine lange und bewegte Geschichte. 2001 startete der <a href=\"https:\/\/www.bild.de\/themen\/organisationen\/tv-sender\/news-fotos-videos-17022564.bild.html\" class=\"text-link\" rel=\"nofollow noopener\" target=\"_blank\">TV-Sender<\/a> noch als \u201eRTL Shop\u201c, mit bekannten Gesichtern wie Walter Freiwald und Harry Wijnvoord. Doch wirtschaftlich lief es nicht rund. Verluste f\u00fchrten 2008 zum Verkauf, sp\u00e4ter folgten weitere Eigent\u00fcmerwechsel. Trotzdem blieb der Sender ein fester Bestandteil der Teleshopping-Welt. <\/p>\n<p><img decoding=\"async\" width=\"992\" height=\"1178\" alt=\"Moderator Harry Wijnvoord (hier 2001) pries schon K\u00fcchenger\u00e4te und Haushaltsgegenst\u00e4nde auf dem Channel21-Vorg\u00e4nger \u201eRTLShop\u201c zum Verlauf an\" src=\"https:\/\/www.europesays.com\/de\/wp-content\/uploads\/2026\/03\/fac373de2980289c40135fddc95cbaee,57a5d984.jpeg\"   class=\"portrait\" loading=\"lazy\"\/><\/p>\n<p class=\"fig__caption__text\">Moderator Harry Wijnvoord (hier 2001) pries schon K\u00fcchenger\u00e4te und Haushaltsgegenst\u00e4nde auf dem Channel21-Vorg\u00e4nger \u201eRTLShop\u201c zum Verlauf an<\/p>\n<p>Foto: picture-alliance\/dpa<\/p>\n<p>Channel21 ist kein Einzelfall. Erst vor wenigen Wochen musste auch der \u00f6sterreichische Teleshopping-Sender Mediashop Insolvenz anmelden. 2026 entwickelt sich damit zum Krisenjahr f\u00fcr die Branche.<\/p>\n<p><img decoding=\"async\" width=\"992\" height=\"1178\" alt=\"Auch Walter Freiwald (hier 2004) ging in seiner Aufgabe als Teleshopping-Verk\u00e4ufer auf. Unter anderem brachte er Staubsauger unter die Leute\" src=\"https:\/\/www.europesays.com\/de\/wp-content\/uploads\/2026\/03\/ef5f55d36d732f7ebaaf91eceb4e8243,3a6ceb3d.jpeg\"   class=\"portrait\" loading=\"lazy\"\/><\/p>\n<p class=\"fig__caption__text\">Auch Walter Freiwald (hier 2004) ging in seiner Aufgabe als Teleshopping-Verk\u00e4ufer auf. Unter anderem brachte er Staubsauger unter die Leute<\/p>\n<p>Foto: picture-alliance\/dpa\/dpaweb<\/p>\n<p>Teleshopping-Sender wirken f\u00fcr viele wie aus der Zeit gefallen, doch sie schlie\u00dfen bis heute eine L\u00fccke: In den Innenst\u00e4dten <a href=\"https:\/\/www.bild.de\/news\/inland\/zehntausende-geschlossen-zahl-der-ladengeschaefte-sinkt-auf-rekord-tief-69bfc0e78f5761671715b3c7\" class=\"text-link\" rel=\"nofollow noopener\" target=\"_blank\">verschwinden immer mehr Gesch\u00e4fte<\/a> und mit ihnen die pers\u00f6nliche Beratung. Gleichzeitig w\u00e4chst online das Angebot ins Unendliche. Wer etwas kaufen will, muss sich selbst durch Bewertungen, Daten und Vergleiche k\u00e4mpfen. Wen das \u00fcberfordert, der sucht sein Gl\u00fcck oft im Teleshopping. Produkte werden dort in den Dauerwerbesendungen und Verkaufsshows erkl\u00e4rt und vorgef\u00fchrt.<\/p>\n<p>Mehr zum Thema<\/p>\n<p>Ob Channel21 gerettet werden kann, ist derzeit v\u00f6llig offen. Die Insolvenzverwalterin wird nun pr\u00fcfen, ob eine Sanierung m\u00f6glich ist. Die gro\u00dfe Frage bleibt: Ob klassisches Teleshopping \u00fcberhaupt noch eine Zukunft hat.<\/p>\n","protected":false},"excerpt":{"rendered":"TTS-Player \u00fcberspringen\u21b5Artikel weiterlesen Hannover \u2013 Die Bilder wirkten noch so fr\u00f6hlich: Promis, Gl\u00fcckw\u00fcnsche, gro\u00dfe Partylaune. Erst vor wenigen&hellip;\n","protected":false},"author":2,"featured_media":896990,"comment_status":"","ping_status":"","sticky":false,"template":"","format":"standard","meta":{"footnotes":"","_share_on_mastodon":"0"},"categories":[155],"tags":[2623,29,1072,214,441,5609,30,1551,1158,1371,185455,138370,130487,45,684,43278,197046,215,17591],"class_list":["post-896989","post","type-post","status-publish","format-standard","has-post-thumbnail","category-unterhaltung","tag-bianca-weiner","tag-deutschland","tag-einzelhandel","tag-entertainment","tag-fernsehen","tag-fernsehprogramm","tag-germany","tag-insolvenz","tag-organisationen","tag-pleite","tag-seo-first","tag-team-first","tag-teleshopping","tag-texttospeech","tag-tv","tag-tv-sender","tag-tv-sender-deutschland","tag-unterhaltung","tag-unternehmensformen"],"share_on_mastodon":{"url":"https:\/\/pubeurope.com\/@de\/116292889436322548","error":""},"_links":{"self":[{"href":"https:\/\/www.europesays.com\/de\/wp-json\/wp\/v2\/posts\/896989","targetHints":{"allow":["GET"]}}],"collection":[{"href":"https:\/\/www.europesays.com\/de\/wp-json\/wp\/v2\/posts"}],"about":[{"href":"https:\/\/www.europesays.com\/de\/wp-json\/wp\/v2\/types\/post"}],"author":[{"embeddable":true,"href":"https:\/\/www.europesays.com\/de\/wp-json\/wp\/v2\/users\/2"}],"replies":[{"embeddable":true,"href":"https:\/\/www.europesays.com\/de\/wp-json\/wp\/v2\/comments?post=896989"}],"version-history":[{"count":0,"href":"https:\/\/www.europesays.com\/de\/wp-json\/wp\/v2\/posts\/896989\/revisions"}],"wp:featuredmedia":[{"embeddable":true,"href":"https:\/\/www.europesays.com\/de\/wp-json\/wp\/v2\/media\/896990"}],"wp:attachment":[{"href":"https:\/\/www.europesays.com\/de\/wp-json\/wp\/v2\/media?parent=896989"}],"wp:term":[{"taxonomy":"category","embeddable":true,"href":"https:\/\/www.europesays.com\/de\/wp-json\/wp\/v2\/categories?post=896989"},{"taxonomy":"post_tag","embeddable":true,"href":"https:\/\/www.europesays.com\/de\/wp-json\/wp\/v2\/tags?post=896989"}],"curies":[{"name":"wp","href":"https:\/\/api.w.org\/{rel}","templated":true}]}}