{"id":897002,"date":"2026-03-26T01:36:22","date_gmt":"2026-03-26T01:36:22","guid":{"rendered":"https:\/\/www.europesays.com\/de\/897002\/"},"modified":"2026-03-26T01:36:22","modified_gmt":"2026-03-26T01:36:22","slug":"hier-brauchen-sie-besondere-geduld","status":"publish","type":"post","link":"https:\/\/www.europesays.com\/de\/897002\/","title":{"rendered":"Hier brauchen Sie besondere Geduld"},"content":{"rendered":"<p>Osterferien-Stau in NRW <\/p>\n<p>Aachener erwarten volle Stra\u00dfen zum Ferienbeginn<\/p>\n<p>Aktualisiert am 25.03.2026 &#8211; 15:31 UhrLesedauer: 2 Min.<\/p>\n<p><a href=\"#focus-0\" class=\"transition-colors duration-200 block text-current relative\" data-sctrack=\"FocusGalleryImage.Reference\"><img fetchpriority=\"high\" data-testid=\"Opener.Image\" style=\"--lqipURL:url('https:\/\/images.t-online.de\/2026\/03\/zscGX9FqN-Jg\/0x209:4000x2250\/fit-in\/150x0\/filters:blur(25)\/image.jpg')\"   loading=\"eager\" src=\"https:\/\/www.europesays.com\/de\/wp-content\/uploads\/2026\/03\/1774488982_999_image.jpg\" alt=\"imago images 0846937935\" title=\"imago images 0846937935\" width=\"4000\" height=\"2250\" class=\"bg-[url:var(--lqipURL)] bg-cover bg-center flex h-full w-full max-w-full\" decoding=\"async\"\/><img style=\"--width:32;--height:32\" loading=\"lazy\" src=\"https:\/\/aachen.t-online.de\/s\/paper\/_next\/static\/media\/zoom-in.f7dae02f.svg\" alt=\"Vergr\u00f6\u00dfern des Bildes\" title=\"Vergr\u00f6\u00dfern des Bildes\" class=\"block h-[calc(var(--height)_\/_16_*_1rem)] w-[calc(var(--width)_\/_16_*_1rem)] max-w-none absolute bottom-8 right-8 rounded-4 bg-snow p-8\" decoding=\"async\"\/><\/a><\/p>\n<p>Stau auf der Autobahn A43: Osterferienstart in NRW sorgt f\u00fcr volle Stra\u00dfen. (Quelle: IMAGO\/Jochen Tack)<\/p>\n<p class=\"font-bold text-18 leading-17 user-text-lg:text-22 user-text-xl:text-24\">Vom 27. bis 29. M\u00e4rz drohen auf den Autobahnen bei Aachen lange Staus. Hier m\u00fcssen Autofahrer etwas Geduld haben.<\/p>\n<p class=\"text-18 leading-17 user-text-lg:text-22 user-text-xl:text-24\">Nordrhein-Westfalen muss an diesem Wochenende (27. bis 29. M\u00e4rz) mit hohem Verkehrsaufkommen rechnen. Der Beginn der Osterferien in zehn Bundesl\u00e4ndern sorgt laut ADAC f\u00fcr volle Stra\u00dfen, auch in der Region Aachen.<\/p>\n<p class=\"text-18 leading-17 user-text-lg:text-22 user-text-xl:text-24\">Wer aus der Stadt Richtung Nordsee, Alpen oder Flughafen unterwegs ist, wird auf dichte Kolonnen sto\u00dfen. Der Automobilclub warnt besonders auf den Nord-S\u00fcd-Achsen in Deutschland und den Transitstrecken in die Alpen vor Verz\u00f6gerungen.<\/p>\n<p class=\"text-18 leading-17 user-text-lg:text-22 user-text-xl:text-24\">Aber auch die Zufahrten zum Autobahnring K\u00f6ln (A3, A4, A59) und ins Rhein-Ruhr-Gebiet k\u00f6nnten voll werden. Hinzu kommen Baustellen: Der ADAC z\u00e4hlt derzeit 785 aktive Baustellen auf deutschen Autobahnen, die ebenfalls Staus versch\u00e4rfen k\u00f6nnen.<\/p>\n<p class=\"text-18 leading-17 user-text-lg:text-22 user-text-xl:text-24\">F\u00fcr Aachener Autofahrer k\u00f6nnten also besonders die A4 Richtung K\u00f6ln und Olpe, die A44 Richtung D\u00fcsseldorf und Kassel sowie die A1 Richtung K\u00f6ln, Dortmund und Hamburg zum Problem werden.<\/p>\n<p class=\"text-18 leading-17 user-text-lg:text-22 user-text-xl:text-24\"><strong class=\"font-bold\">Freitag: <\/strong>Ab dem Mittag steigt die Staugefahr, wenn Berufs- und Wochenendpendler zusammentreffen. Autofahrer aus Aachen Richtung Nord- und Ostsee oder Alpen m\u00fcssen laut ADAC mit langen Verz\u00f6gerungen rechnen. Am Abend entspannen sich die Verkehrsstr\u00f6me langsam.<\/p>\n<p class=\"text-18 leading-17 user-text-lg:text-22 user-text-xl:text-24\"><strong class=\"font-bold\">Samstag: <\/strong>Ab dem Vormittag wird es auf den Nord-S\u00fcd-Verbindungen voller. Auch die Routen Richtung Alpen und K\u00fcsten f\u00fcllen sich rasch. Gro\u00dfe Ballungsr\u00e4ume wie K\u00f6ln, D\u00fcsseldorf und das Rhein-Ruhr-Gebiet sind stark frequentiert. Erst gegen Nachmittag nimmt der Verkehr leicht ab.<\/p>\n<p class=\"text-18 leading-17 user-text-lg:text-22 user-text-xl:text-24\"><strong class=\"font-bold\">Sonntag: <\/strong>Der Verkehr beruhigt sich etwas. Ferienverkehr kann aber weiter zu Verz\u00f6gerungen f\u00fchren, vor allem auf den Hauptrouten und Ausfallstra\u00dfen rund um Aachen. Bei gutem Wetter ist auch auf Nebenstrecken mit mehr Ausflugsverkehr zu rechnen.<\/p>\n","protected":false},"excerpt":{"rendered":"Osterferien-Stau in NRW Aachener erwarten volle Stra\u00dfen zum Ferienbeginn Aktualisiert am 25.03.2026 &#8211; 15:31 UhrLesedauer: 2 Min. Stau&hellip;\n","protected":false},"author":2,"featured_media":897003,"comment_status":"","ping_status":"","sticky":false,"template":"","format":"standard","meta":{"footnotes":"","_share_on_mastodon":"0"},"categories":[1853],"tags":[1424,4074,7887,3364,29,3405,548,663,3934,7525,30,13,1420,14,15,1209,7292,197047,5206,5522,12],"class_list":["post-897002","post","type-post","status-publish","format-standard","has-post-thumbnail","category-aachen","tag-aachen","tag-adac","tag-alpen","tag-de","tag-deutschland","tag-duesseldorf","tag-eu","tag-europa","tag-europe","tag-ferienbeginn","tag-germany","tag-headlines","tag-koeln","tag-nachrichten","tag-news","tag-nordrhein-westfalen","tag-nordsee","tag-osterferienstart","tag-rhein","tag-ruhr","tag-schlagzeilen"],"share_on_mastodon":{"url":"https:\/\/pubeurope.com\/@de\/116292916799267334","error":""},"_links":{"self":[{"href":"https:\/\/www.europesays.com\/de\/wp-json\/wp\/v2\/posts\/897002","targetHints":{"allow":["GET"]}}],"collection":[{"href":"https:\/\/www.europesays.com\/de\/wp-json\/wp\/v2\/posts"}],"about":[{"href":"https:\/\/www.europesays.com\/de\/wp-json\/wp\/v2\/types\/post"}],"author":[{"embeddable":true,"href":"https:\/\/www.europesays.com\/de\/wp-json\/wp\/v2\/users\/2"}],"replies":[{"embeddable":true,"href":"https:\/\/www.europesays.com\/de\/wp-json\/wp\/v2\/comments?post=897002"}],"version-history":[{"count":0,"href":"https:\/\/www.europesays.com\/de\/wp-json\/wp\/v2\/posts\/897002\/revisions"}],"wp:featuredmedia":[{"embeddable":true,"href":"https:\/\/www.europesays.com\/de\/wp-json\/wp\/v2\/media\/897003"}],"wp:attachment":[{"href":"https:\/\/www.europesays.com\/de\/wp-json\/wp\/v2\/media?parent=897002"}],"wp:term":[{"taxonomy":"category","embeddable":true,"href":"https:\/\/www.europesays.com\/de\/wp-json\/wp\/v2\/categories?post=897002"},{"taxonomy":"post_tag","embeddable":true,"href":"https:\/\/www.europesays.com\/de\/wp-json\/wp\/v2\/tags?post=897002"}],"curies":[{"name":"wp","href":"https:\/\/api.w.org\/{rel}","templated":true}]}}