{"id":897286,"date":"2026-03-26T04:14:16","date_gmt":"2026-03-26T04:14:16","guid":{"rendered":"https:\/\/www.europesays.com\/de\/897286\/"},"modified":"2026-03-26T04:14:16","modified_gmt":"2026-03-26T04:14:16","slug":"prozess-um-social-media-sucht-geschworene-verdonnern-meta-und-youtube-zu-millionen-bussgeld","status":"publish","type":"post","link":"https:\/\/www.europesays.com\/de\/897286\/","title":{"rendered":"Prozess um Social-Media-Sucht: Geschworene verdonnern Meta und Youtube zu Millionen-Bu\u00dfgeld"},"content":{"rendered":"<p>Prozess um Social-Media-SuchtGeschworene verdonnern Meta und Youtube zu Millionen-Bu\u00dfgeld<\/p>\n<p>26.03.2026, 02:03 Uhr <\/p>\n<p>Artikel anh\u00f6ren(04:20 min)<\/p>\n<p><img decoding=\"async\" class=\"Image_img__fQCi0 Image_Img_16_9__4BLfH widget-picture-inline_maximizable__t_E7h\" loading=\"eager\" fetchpriority=\"high\" src=\"https:\/\/www.europesays.com\/de\/wp-content\/uploads\/2026\/03\/Symbolbild-Social-Media-Nutzung-von-jungen-Menschen-Kindern-Junge-12-Jahre-alt-Ordner-mit-diversen-S.webp\" alt=\"Symbolbild-Social-Media-Nutzung-von-jungen-Menschen-Kindern-Junge-12-Jahre-alt-Ordner-mit-diversen-Social-Media-Plattformen-auf-dem-Handy\"\/>Social-Media-Apps k\u00f6nnen Kinder und Jugendliche abh\u00e4ngig machen, nun sollen die Betreiber daf\u00fcr gerade stehen. (Foto: picture alliance \/ Jochen Tack)TeilenFolgen auf:<a href=\"https:\/\/www.whatsapp.com\/channel\/0029Va5cdVJD8SDp5YZgYF01\" title=\"Auf WhatsApp folgen\" target=\"_blank\" rel=\"nofollow noopener\"><img decoding=\"async\" src=\"https:\/\/www.n-tv.de\/socialIcons\/whatsapp.svg\" alt=\"whatsapp\" class=\"ArticleShare_icon__FsrC2\"\/><\/a><a href=\"https:\/\/news.google.com\/publications\/CAAiEPMdif5mpRNxiLOeUpHCwwsqFAgKIhDzHYn-ZqUTcYiznlKRwsML?hl=de&amp;gl=DE&amp;ceid=DE%3Ade\" title=\"Auf Google News folgen\" target=\"_blank\" rel=\"nofollow noopener\"><img decoding=\"async\" src=\"https:\/\/www.n-tv.de\/socialIcons\/google.svg\" alt=\"whatsapp\" class=\"ArticleShare_icon__FsrC2\"\/><\/a><\/p>\n<p class=\"Typography_text-m__XI0da Typography_weight-bold__uT6mq storyline_lead_text_leadtext__q_wg8\">Eine Kalifornierin bekommt drei Millionen Dollar Schmerzensgeld von Meta und Youtube. Die Onlineplattformen haben die 20-J\u00e4hrige s\u00fcchtig gemacht, entscheiden die Geschworenen. Das Verfahren k\u00f6nnte eine Prozesslawine ausl\u00f6sen.  <\/p>\n<p class=\"Typography_text-default__P3otY Typography_weight-normal__pqUbH storyline_paragraph_p__qSR5N\">In einem wegweisenden Prozess um Social-Media-Sucht hat ein US-Gericht die Onlineplattformen Instagram und Youtube zu Schmerzensgeld in Millionenh\u00f6he verurteilt. Sie sollen der Kl\u00e4gerin insgesamt drei Millionen Dollar (rund 2,6 Millionen Euro) zahlen, wie die Geschworenen in Los Angeles entschieden. Zu dem Schmerzensgeld f\u00fcr die Kl\u00e4gerin kommt ein Bu\u00dfgeld von weiteren drei Millionen Dollar, wie das Gericht in Los Angeles mitteilte.\u00a0Die heute 20-j\u00e4hrige Kl\u00e4gerin hatte den Unternehmen vorgeworfen, sie als Minderj\u00e4hrige abh\u00e4ngig gemacht und ihr schwere psychische Sch\u00e4den zugef\u00fcgt zu haben.<\/p>\n<p class=\"Typography_text-default__P3otY Typography_weight-normal__pqUbH storyline_paragraph_p__qSR5N\">Auf die Instagram-Mutter Meta entfallen demnach 2,1 Millionen Dollar Entsch\u00e4digungszahlung, auf Youtube 900.000 Dollar. Die Geschworenen hielten es in ihrem Grundsatzurteil mit zehn zu zwei Stimmen f\u00fcr erwiesen, dass beide Unternehmen bei Gestaltung wie Betrieb ihrer Plattformen fahrl\u00e4ssig handelten. Die Konzerne h\u00e4tten gewusst oder wissen m\u00fcssen, dass ihre Dienste eine Gefahr f\u00fcr Minderj\u00e4hrige darstellen und h\u00e4tten die Nutzer nicht ausreichend vor den Risiken gewarnt, hie\u00df es in der Begr\u00fcndung des Grundsatzurteils. Der Meta-Konzern von Mark Zuckerberg erkl\u00e4rte sich mit dem Urteil nicht einverstanden. Er pr\u00fcfe alle juristischen M\u00f6glichkeiten. <\/p>\n<p class=\"Typography_text-default__P3otY Typography_weight-normal__pqUbH storyline_paragraph_p__qSR5N\">Der Musterprozess k\u00f6nnte den Weg f\u00fcr Bu\u00dfgelder \u00f6ffnen sowie f\u00fcr eine Klagewelle weiterer mutma\u00dflicher Opfer: In den USA werfen hunderte Nutzerinnen und Nutzer den Internet-Plattformen vor, sie abh\u00e4ngig gemacht und damit f\u00fcr Depressionen, Essst\u00f6rungen oder Psychiatrie-Aufenthalte verantwortlich zu sein. In manchen F\u00e4llen geht es sogar um Suizid.<\/p>\n<p>&#8222;Hatte immer das Gef\u00fchl, etwas zu verpassen&#8220;<\/p>\n<p class=\"Typography_text-default__P3otY Typography_weight-normal__pqUbH storyline_paragraph_p__qSR5N\">Die kalifornische Kl\u00e4gerin, deren Name mit Kaley G. M. angegeben wurde, hatte bei ihrer Aussage Ende Februar von ihrem Suchtverhalten und dadurch ausgel\u00f6sten Angstzust\u00e4nden und Depressionen berichtet. &#8222;Jedes Mal, wenn ich versuchte, mich davon zu l\u00f6sen, funktionierte es einfach nicht&#8220;, sagte sie. Selbst wenn sie auf Instagram gemobbt worden sei, sei sie auf der App geblieben. &#8222;Wenn ich nicht online war, hatte ich einfach das Gef\u00fchl, etwas zu verpassen.&#8220; Nach Angaben ihres Anwalts war Kaley G.M. bis zu 16 Stunden pro Tag auf Instagram.<\/p>\n<p class=\"Typography_text-default__P3otY Typography_weight-normal__pqUbH storyline_paragraph_p__qSR5N\">Der Anwalt Mark Lanier argumentierte vor Gericht, Internetkonzerne wie Meta und oder der Youtube-Mutterkonzern Google h\u00e4tten mit Social-Media-Apps &#8222;eine Sucht in den Gehirnen von Kindern erzeugt&#8220;. Ihnen sei es darum gegangen, sie m\u00f6glichst lange auf den Plattformen zu halten, um die Werbeeinnahmen zu steigern.<\/p>\n<p>Wie Prozesswelle gegen Tabakindustrie<\/p>\n<p class=\"Typography_text-default__P3otY Typography_weight-normal__pqUbH storyline_paragraph_p__qSR5N\">Instagram-Chef Adam Mosseri bestritt dagegen ein Suchtpotenzial der App. In dem gut einmonatigen Prozess sagte auch Meta-Chef Zuckerberg aus. Er r\u00e4umte Probleme bei der Alterskontrolle der Nutzer ein, die nach den Instagram-Regeln mindestens 13 Jahre alt sein sollen. &#8222;Ich habe mir immer gew\u00fcnscht, wir h\u00e4tten das fr\u00fcher geschafft&#8220;, sagte Zuckerberg vor den Geschworenen. Urspr\u00fcnglich richtete sich das Zivilverfahren auch gegen Tiktok und Snapchat. Beide Plattformen erzielten vorab jedoch au\u00dfergerichtliche Einigungen.<\/p>\n<p class=\"Typography_text-default__P3otY Typography_weight-normal__pqUbH storyline_paragraph_p__qSR5N\">In den USA nutzen die Opfer-Anw\u00e4lte in dem Streit um Onlinemedien Strategien wie in der Prozesswelle in den 1990er und 2000er Jahren gegen die Tabakindustrie. Wegen gesundheitlicher Auswirkungen des Rauchens wie Krebserkrankungen hatten damals zahlreiche Konsumenten erfolgreich gegen Tabakkonzerne geklagt. Sie hatten argumentiert, die Unternehmen machten mit einem sch\u00e4dlichen Produkt auf Kosten der Gesundheit ihrer Kunden Geld.<\/p>\n<p class=\"Typography_text-s__wu_cm Typography_weight-normal__pqUbH Typography_color-darkgrey__sZEnP article-detail-footer_source__KslPc\">Quelle: ntv.de, mau\/AFP<\/p>\n","protected":false},"excerpt":{"rendered":"Prozess um Social-Media-SuchtGeschworene verdonnern Meta und Youtube zu Millionen-Bu\u00dfgeld 26.03.2026, 02:03 Uhr Artikel anh\u00f6ren(04:20 min) Social-Media-Apps k\u00f6nnen Kinder&hellip;\n","protected":false},"author":2,"featured_media":897287,"comment_status":"","ping_status":"","sticky":false,"template":"","format":"standard","meta":{"footnotes":"","_share_on_mastodon":"0"},"categories":[134],"tags":[175,170,169,29,30,984,1015,5776,171,174,13924,154,437,173,172,64,1506],"class_list":["post-897286","post","type-post","status-publish","format-standard","has-post-thumbnail","category-unternehmen-maerkte","tag-business","tag-companies","tag-companies-markets","tag-deutschland","tag-germany","tag-international","tag-justiz","tag-mark-zuckerberg","tag-markets","tag-maerkte","tag-meta-platforms","tag-social-media","tag-sucht","tag-unternehmen","tag-unternehmen-maerkte","tag-usa","tag-youtube"],"share_on_mastodon":{"url":"https:\/\/pubeurope.com\/@de\/116293538814831374","error":""},"_links":{"self":[{"href":"https:\/\/www.europesays.com\/de\/wp-json\/wp\/v2\/posts\/897286","targetHints":{"allow":["GET"]}}],"collection":[{"href":"https:\/\/www.europesays.com\/de\/wp-json\/wp\/v2\/posts"}],"about":[{"href":"https:\/\/www.europesays.com\/de\/wp-json\/wp\/v2\/types\/post"}],"author":[{"embeddable":true,"href":"https:\/\/www.europesays.com\/de\/wp-json\/wp\/v2\/users\/2"}],"replies":[{"embeddable":true,"href":"https:\/\/www.europesays.com\/de\/wp-json\/wp\/v2\/comments?post=897286"}],"version-history":[{"count":0,"href":"https:\/\/www.europesays.com\/de\/wp-json\/wp\/v2\/posts\/897286\/revisions"}],"wp:featuredmedia":[{"embeddable":true,"href":"https:\/\/www.europesays.com\/de\/wp-json\/wp\/v2\/media\/897287"}],"wp:attachment":[{"href":"https:\/\/www.europesays.com\/de\/wp-json\/wp\/v2\/media?parent=897286"}],"wp:term":[{"taxonomy":"category","embeddable":true,"href":"https:\/\/www.europesays.com\/de\/wp-json\/wp\/v2\/categories?post=897286"},{"taxonomy":"post_tag","embeddable":true,"href":"https:\/\/www.europesays.com\/de\/wp-json\/wp\/v2\/tags?post=897286"}],"curies":[{"name":"wp","href":"https:\/\/api.w.org\/{rel}","templated":true}]}}