{"id":897334,"date":"2026-03-26T04:40:16","date_gmt":"2026-03-26T04:40:16","guid":{"rendered":"https:\/\/www.europesays.com\/de\/897334\/"},"modified":"2026-03-26T04:40:16","modified_gmt":"2026-03-26T04:40:16","slug":"verteidigung-bundeswehrverband-fordert-schnellere-aufruestung","status":"publish","type":"post","link":"https:\/\/www.europesays.com\/de\/897334\/","title":{"rendered":"Verteidigung: Bundeswehrverband fordert schnellere Aufr\u00fcstung"},"content":{"rendered":"<p class=\"paragraph article__item\">Der Deutsche Bundeswehrverband warnt vor einer &#8222;Abschreckungsl\u00fccke&#8220; in Europa und einem drohenden Angriff durch <a class=\"rtr-entity\" href=\"https:\/\/www.zeit.de\/thema\/russland\" rel=\"nofollow noopener\" target=\"_blank\">Russland<\/a>. Die Situation entstehe aus der milit\u00e4rischen Schw\u00e4che der europ\u00e4ischen L\u00e4nder und der Unzuverl\u00e4ssigkeit der US-Regierung unter Pr\u00e4sident Donald Trump, sagte der Verbandschef Andr\u00e9 W\u00fcstner in verschiedenen Medien. Die Gefahr eines russischen Angriffs auf Nato-L\u00e4nder bestehe bereits jetzt und werde &#8222;t\u00e4glich gr\u00f6\u00dfer&#8220;.\n<\/p>\n<p class=\"paragraph article__item\">Um dem entgegenzutreten, m\u00fcsse <a href=\"https:\/\/www.zeit.de\/politik\/ausland\/2025-10\/eu-programm-foerderung-europaeische-ruestungsindustrie\" target=\"_blank\" rel=\"nofollow noopener\">schneller aufger\u00fcstet<\/a> werden. Die R\u00fcstungsindustrie hierzulande m\u00fcsse ihre Kapazit\u00e4ten erweitern und endlich im Schichtbetrieb arbeiten, &#8222;um bei weiterer Eskalation in eine Art Kriegswirtschaft zu gelangen&#8220;, forderte W\u00fcstner im Handelsblatt.\n<\/p>\n<p class=\"paragraph article__item\">Dass Russland erst 2029 zu einer Konfrontation mit der <a class=\"rtr-entity\" href=\"https:\/\/www.zeit.de\/thema\/nato\" rel=\"nofollow noopener\" target=\"_blank\">Nato<\/a> bereit sei, sei nichts als Wunschdenken, warnte W\u00fcstner. Durch den Krieg im Iran \u00f6ffne sich f\u00fcr den russischen Pr\u00e4sidenten Wladimir Putin zunehmend ein Zeitfenster. Russland sei &#8222;gest\u00e4rkt mit frischen Einnahmen durch \u00d6lverk\u00e4ufe und befl\u00fcgelt durch die abnehmende Versorgung der Ukraine mit Luftverteidigungssystemen&#8220;. Der Eindruck der verunsicherten Verb\u00fcndeten diesseits des Atlantiks k\u00f6nnte Putin ermutigen, seine hybriden Angriffe zu verst\u00e4rken, sagte W\u00fcstner. M\u00f6glich seien auch <a href=\"https:\/\/www.zeit.de\/news\/2026-03\/19\/estland-russischer-kampfjet-verletzt-luftraum\" target=\"_blank\" rel=\"nofollow noopener\">Grenz\u00fcberschreitungen an der Nato-Ostgrenze<\/a>.\n<\/p>\n<p class=\"paragraph article__item\">Auch die <a href=\"https:\/\/www.zeit.de\/politik\/deutschland\/2026-03\/andre-wuestner-bundeswehr-soldaten-wehrpflicht-nato\" target=\"_blank\" rel=\"nofollow noopener\">Gr\u00f6\u00dfe der Bundeswehr m\u00fcsse zunehmen<\/a>. Die Zahl der Soldatinnen und Soldaten m\u00fcsse &#8222;oberhalb von 300.000&#8220; liegen, sagte W\u00fcstner bereits am Montag dem ARD-Hauptstadtstudio. Das Verteidigungsministerium plant derzeit mit 260.000 aktiven Soldatinnen und Soldaten bis Mitte der 2030er-Jahre. W\u00fcstner begr\u00fcndete seine Personalsch\u00e4tzung mit Verpflichtungen, die Deutschland gegen\u00fcber der Nato eingegangen ist.\n<\/p>\n<p>Mehr zum Thema<\/p>\n<p>            Aufr\u00fcstung        <\/p>\n<p>                <a href=\"https:\/\/www.zeit.de\/digital\/internet\/2026-03\/helen-toner-anthropic-pentagon-militaer-streit\" data-ct-label=\"Helen Toner: &quot;Die Kriegsf\u00fchrung hat sich zweifellos dauerhaft ver\u00e4ndert&quot;\" data-uuid=\"009672dc-3ffb-46c8-9894-6ac6a662fc07\" rel=\"nofollow noopener\" target=\"_blank\"><\/p>\n<p>        Z+ (abopflichtiger Inhalt);<\/p>\n<p>    Helen Toner:<br \/>\n                        &#8222;Die Kriegsf\u00fchrung hat sich zweifellos dauerhaft ver\u00e4ndert&#8220;<\/p>\n<p>                <\/a><\/p>\n<p>                <a href=\"https:\/\/www.zeit.de\/politik\/ausland\/2026-03\/aufruestung-europa-frankreich-deutschland-armee-5vor8\" data-ct-label=\"Aufr\u00fcstung in Europa: Deutschland r\u00fcstet auf \u2013 und verteilt schon wieder Hausaufgaben\" data-uuid=\"998dc9ff-c37d-41ce-9c8a-41b93d495821\" rel=\"nofollow noopener\" target=\"_blank\"><\/p>\n<p>        Z+ (abopflichtiger Inhalt);<\/p>\n<p>    Aufr\u00fcstung in Europa:<br \/>\n                        Deutschland r\u00fcstet auf \u2013 und verteilt schon wieder Hausaufgaben<\/p>\n<p>                <\/a><\/p>\n<p>                <a href=\"https:\/\/www.zeit.de\/feuilleton\/2026-03\/aufruestung-emmanuel-macron-freiheit-macht\" data-ct-label=\"Aufr\u00fcstung: Diese Rhetorik ist zum F\u00fcrchten\" data-uuid=\"0299a04e-199e-4742-9c0f-6db7252d8a6e\" rel=\"nofollow noopener\" target=\"_blank\"><\/p>\n<p>        Z+ (abopflichtiger Inhalt);<\/p>\n<p>    Aufr\u00fcstung:<br \/>\n                        Diese Rhetorik ist zum F\u00fcrchten<\/p>\n<p>                <\/a><\/p>\n","protected":false},"excerpt":{"rendered":"Der Deutsche Bundeswehrverband warnt vor einer &#8222;Abschreckungsl\u00fccke&#8220; in Europa und einem drohenden Angriff durch Russland. Die Situation entstehe&hellip;\n","protected":false},"author":2,"featured_media":897335,"comment_status":"","ping_status":"","sticky":false,"template":"","format":"standard","meta":{"footnotes":"","_share_on_mastodon":"0"},"categories":[4013],"tags":[331,332,197132,689,685,99669,106,13,14,1159,15,103259,16,4043,4044,850,307,5694,747,12,4961],"class_list":["post-897334","post","type-post","status-publish","format-standard","has-post-thumbnail","category-russland","tag-aktuelle-nachrichten","tag-aktuelle-news","tag-andre-wuestner","tag-aufruestung","tag-bundeswehr","tag-bundeswehrverband","tag-donald-trump","tag-headlines","tag-nachrichten","tag-nato","tag-news","tag-ostflanke","tag-politik","tag-russia","tag-russian-federation","tag-russische-foederation","tag-russland","tag-ruestung","tag-ruestungsindustrie","tag-schlagzeilen","tag-verteidigung"],"share_on_mastodon":{"url":"https:\/\/pubeurope.com\/@de\/116293640471202005","error":""},"_links":{"self":[{"href":"https:\/\/www.europesays.com\/de\/wp-json\/wp\/v2\/posts\/897334","targetHints":{"allow":["GET"]}}],"collection":[{"href":"https:\/\/www.europesays.com\/de\/wp-json\/wp\/v2\/posts"}],"about":[{"href":"https:\/\/www.europesays.com\/de\/wp-json\/wp\/v2\/types\/post"}],"author":[{"embeddable":true,"href":"https:\/\/www.europesays.com\/de\/wp-json\/wp\/v2\/users\/2"}],"replies":[{"embeddable":true,"href":"https:\/\/www.europesays.com\/de\/wp-json\/wp\/v2\/comments?post=897334"}],"version-history":[{"count":0,"href":"https:\/\/www.europesays.com\/de\/wp-json\/wp\/v2\/posts\/897334\/revisions"}],"wp:featuredmedia":[{"embeddable":true,"href":"https:\/\/www.europesays.com\/de\/wp-json\/wp\/v2\/media\/897335"}],"wp:attachment":[{"href":"https:\/\/www.europesays.com\/de\/wp-json\/wp\/v2\/media?parent=897334"}],"wp:term":[{"taxonomy":"category","embeddable":true,"href":"https:\/\/www.europesays.com\/de\/wp-json\/wp\/v2\/categories?post=897334"},{"taxonomy":"post_tag","embeddable":true,"href":"https:\/\/www.europesays.com\/de\/wp-json\/wp\/v2\/tags?post=897334"}],"curies":[{"name":"wp","href":"https:\/\/api.w.org\/{rel}","templated":true}]}}