{"id":897361,"date":"2026-03-26T04:55:15","date_gmt":"2026-03-26T04:55:15","guid":{"rendered":"https:\/\/www.europesays.com\/de\/897361\/"},"modified":"2026-03-26T04:55:15","modified_gmt":"2026-03-26T04:55:15","slug":"allianz-gegen-rechtsextremismus-afd-klage-gegen-nuernberg-vor-bundesverwaltungsgericht-2","status":"publish","type":"post","link":"https:\/\/www.europesays.com\/de\/897361\/","title":{"rendered":"Allianz gegen Rechtsextremismus: AfD-Klage gegen N\u00fcrnberg vor Bundesverwaltungsgericht"},"content":{"rendered":"<p class=\"mb-4 text-lg md:leading-8 break-words\">Das Bundesverwaltungsgericht in Leipzig verhandelt am Donnerstag (10.00 Uhr) \u00fcber die Klage eines AfD-Kreisverbands gegen die bayerische Stadt N\u00fcrnberg.\u00a0Die AfD will erreichen, dass die Stadt aus der regionalen Allianz gegen Rechtsextremismus austritt. Diesem Verein geh\u00f6ren 165 St\u00e4dte, Gemeinden und Landkreise sowie 322 zivilgesellschaftliche Organisationen und Institutionen an. N\u00fcrnberg war 2009 Gr\u00fcndungsmitglied. (Az. 8 C 3.25)<\/p>\n<p class=\"mb-4 text-lg md:leading-8 break-words\">Der AfD-Kreisverband N\u00fcrnberg\/Schwabach klagte und hatte vor dem Verwaltungsgericht Ansbach zun\u00e4chst keinen Erfolg. In zweiter Instanz bekam er aber vom Verwaltungsgerichtshof in M\u00fcnchen Recht. Die Allianz habe schon oft \u00f6ffentlich deutlich gemacht, dass sie die AfD entschieden ablehne. Die Kommune sei aber parteipolitisch zur Neutralit\u00e4t verpflichtet, begr\u00fcndete der Gerichtshof seine Entscheidung. Dagegen wandte sich die Stadt N\u00fcrnberg an das Bundesverwaltungsgericht, um das Urteil \u00fcberpr\u00fcfen zu lassen.<\/p>\n<p class=\"mb-4 text-lg md:leading-8 break-words\">smb\/cfm<\/p>\n","protected":false},"excerpt":{"rendered":"Das Bundesverwaltungsgericht in Leipzig verhandelt am Donnerstag (10.00 Uhr) \u00fcber die Klage eines AfD-Kreisverbands gegen die bayerische Stadt&hellip;\n","protected":false},"author":2,"featured_media":897362,"comment_status":"","ping_status":"","sticky":false,"template":"","format":"standard","meta":{"footnotes":"","_share_on_mastodon":"0"},"categories":[1837],"tags":[8769,12143,772,24748,3364,29,30,3783],"class_list":["post-897361","post","type-post","status-publish","format-standard","has-post-thumbnail","category-nuernberg","tag-verwaltungsgericht","tag-allianz","tag-bayern","tag-bundes","tag-de","tag-deutschland","tag-germany","tag-nuernberg"],"share_on_mastodon":{"url":"https:\/\/pubeurope.com\/@de\/116293699216905914","error":""},"_links":{"self":[{"href":"https:\/\/www.europesays.com\/de\/wp-json\/wp\/v2\/posts\/897361","targetHints":{"allow":["GET"]}}],"collection":[{"href":"https:\/\/www.europesays.com\/de\/wp-json\/wp\/v2\/posts"}],"about":[{"href":"https:\/\/www.europesays.com\/de\/wp-json\/wp\/v2\/types\/post"}],"author":[{"embeddable":true,"href":"https:\/\/www.europesays.com\/de\/wp-json\/wp\/v2\/users\/2"}],"replies":[{"embeddable":true,"href":"https:\/\/www.europesays.com\/de\/wp-json\/wp\/v2\/comments?post=897361"}],"version-history":[{"count":0,"href":"https:\/\/www.europesays.com\/de\/wp-json\/wp\/v2\/posts\/897361\/revisions"}],"wp:featuredmedia":[{"embeddable":true,"href":"https:\/\/www.europesays.com\/de\/wp-json\/wp\/v2\/media\/897362"}],"wp:attachment":[{"href":"https:\/\/www.europesays.com\/de\/wp-json\/wp\/v2\/media?parent=897361"}],"wp:term":[{"taxonomy":"category","embeddable":true,"href":"https:\/\/www.europesays.com\/de\/wp-json\/wp\/v2\/categories?post=897361"},{"taxonomy":"post_tag","embeddable":true,"href":"https:\/\/www.europesays.com\/de\/wp-json\/wp\/v2\/tags?post=897361"}],"curies":[{"name":"wp","href":"https:\/\/api.w.org\/{rel}","templated":true}]}}