{"id":897387,"date":"2026-03-26T05:10:19","date_gmt":"2026-03-26T05:10:19","guid":{"rendered":"https:\/\/www.europesays.com\/de\/897387\/"},"modified":"2026-03-26T05:10:19","modified_gmt":"2026-03-26T05:10:19","slug":"naherholungsgebiet-in-stuttgart-stadt-spart-kein-sicherheitsdienst-mehr-am-max-eyth-see","status":"publish","type":"post","link":"https:\/\/www.europesays.com\/de\/897387\/","title":{"rendered":"Naherholungsgebiet in Stuttgart: Stadt spart: Kein Sicherheitsdienst mehr am Max-Eyth-See"},"content":{"rendered":"<p>\t\t\t\t\t\t\t\t\t\t\t\t\t\t\t\t\t\t\t\t\t\t\t\t\t\t\t\t      \t\t            \t\t             \t\t\t\t   \t\t\t\t\t   <img decoding=\"async\" id=\"article-image\" fetchpriority=\"high\" alt=\"Naherholungsgebiet in Stuttgart: Stadt spart: Kein Sicherheitsdienst mehr am Max-Eyth-See\" title=\"Naherholungsgebiet in Stuttgart: Stadt spart: Kein Sicherheitsdienst mehr am Max-Eyth-See\" src=\"https:\/\/www.europesays.com\/de\/wp-content\/uploads\/2026\/03\/media.media.467a372a-1b9b-481e-b3d8-6bfbbc46f4d4.16x9_700.jpg\" data-linkto=\"https:\/\/www.stuttgarter-nachrichten.de\/javascript:void(0);\"\/>\t\t\t\t\t\t\t\t\t\t\t\t\t\t\t\t\t\t\t\t\t\t\t\tGrillen am Max-Eyth-See, oft an unerlaubten Stellen, sorgt immer wieder f\u00fcr Probleme und Eins\u00e4tze der Feuerwehr.\u00a0Foto: Archiv\/Lichtgut\t\t\t<\/p>\n<p>Das Naherholungsgebiet am Max-Eyth-See sorgt immer wieder f\u00fcr Konflikte. Jetzt wirkt sich der Sparhaushalt der Stadt auch hier auf besondere Weise aus.<\/p>\n<p>Die Probleme rund um den <a href=\"https:\/\/www.stuttgarter-nachrichten.de\/thema\/Max-Eyth-See\" title=\"Max-Eyth-See\" class=\"art_thema\" rel=\"nofollow noopener\" target=\"_blank\">Max-Eyth-See<\/a> sind bekannt: <a href=\"https:\/\/www.stuttgarter-nachrichten.de\/thema\/Falschparker\" title=\"Falschparker\" class=\"art_thema\" rel=\"nofollow noopener\" target=\"_blank\">Falschparker<\/a>, M\u00fcll, Br\u00e4nde durch<a href=\"https:\/\/www.stuttgarter-nachrichten.de\/inhalt.bewuchs-im-max-eyth-see-wegen-pflanzenwachstum-bezirksbeiraete-laden-zum-ortstermin.6e0828fc-d613-44d3-ba1a-36686f2ffcec.html\" target=\"_blank\" rel=\"nofollow noopener\"> illegales Grillen, L\u00e4rm und Konflikte <\/a>zwischen Fu\u00dfg\u00e4ngern und Radfahrern. Die Stadt reagierte in den letzten Jahren mit verschiedenen Ma\u00dfnahmen und richtete <a href=\"https:\/\/www.stuttgarter-nachrichten.de\/inhalt.viele-regelverstoesse-fuenf-banner-sollen-ueber-grillzeiten-am-see-informieren.14818128-7bdf-41fa-91c0-0899913e45f7.html\" target=\"_blank\" rel=\"nofollow noopener\">gleichfalls einen Sicherheitsdienst ein<\/a>, der die Besucher des Sees auf die Fehler aufmerksam macht. Jetzt gab es erstaunte Gesichter im Bezirksbeirat M\u00fchlhausen, als Bezirksvorsteher Ralf Bohlmann \u00fcber die wichtigsten Ergebnisse und Neuigkeiten des Runden Tisches mit Anrainern und der Stadt informierte.<\/p>\n<p> <a href=\"https:\/\/www.stuttgarter-nachrichten.de\/inhalt.naherholungsgebiet-max-eyth-see-weiter-streit-um-grillverbot.b6d134ef-8451-49ed-8a72-766cb79adbbf.html\" target=\"_blank\" rel=\"nofollow noopener\">\u201eEs gibt keinen Sicherheitsdienst <\/a>mehr, die Stadt hat keine Mittel\u201c, erkl\u00e4rte Bohlmann. Weiterhin solle es aber Poller an der Wagrainstra\u00dfe <a href=\"https:\/\/www.stuttgarter-nachrichten.de\/inhalt.viele-regelverstoesse-ein-zaeher-kampf-gegen-falschparker.f89c6144-3a8f-4371-9ccb-ef709df6a2b3.html\" target=\"_blank\" rel=\"nofollow noopener\">geben gegen Falschparker<\/a>. An der Schranke bei der Zufahrt zum See an der Haltestelle Wagrainstra\u00dfe sollen neue Schl\u00f6sser eingewechselt werden, damit auch hier verhindert wird, dass unerlaubt Besucher an den See mit dem Auto fahren.<\/p>\n<p>  <img decoding=\"async\" loading=\"lazy\" src=\"https:\/\/www.europesays.com\/de\/wp-content\/uploads\/2026\/03\/media.media.6b1d0c29-1819-41ba-a1ca-663f484f1346.original1024.media.jpeg\"\/>     B\u00fcrger kritisieren die un\u00fcbersichtlichen Info-Tafeln am See.    Foto: Iris Frey    <\/p>\n<p>In diesem Jahr sei, so Bohlmann, auch wieder eine viermalige Mahd (naturvertr\u00e4gliches M\u00e4hen) des Hornblatts im See geplant, damit die <a href=\"https:\/\/www.stuttgarter-nachrichten.de\/inhalt.wildwuchs-im-max-eyth-see-die-jugendsegelsportwoche-muss-ausfallen.330b2265-3430-45c4-a2aa-fa84fec98261.html\" target=\"_blank\" rel=\"nofollow noopener\">Segler und Bootsfahrer weiterhin <\/a>das Gew\u00e4sser nutzen k\u00f6nnen. <\/p>\n<p>  <img decoding=\"async\" loading=\"lazy\" src=\"https:\/\/www.europesays.com\/de\/wp-content\/uploads\/2026\/03\/media.media.2a24ca39-8434-4ea5-bb0d-1ab27a82f359.original1024.media.jpeg\"\/>     Noch ist der See fast frei von Wasserpflanzen. Am 1. Juli soll er gem\u00e4ht werden.    Foto: Thomas B\u00f6lz    <\/p>\n<p> <a href=\"https:\/\/www.stuttgarter-nachrichten.de\/inhalt.zu-viele-pflanzen-im-max-eyth-see-nicht-nur-der-bootsverleih-wird-ausgebremst.61842290-d59d-4eae-9eb0-0225eabca95d.html\" target=\"_blank\" rel=\"nofollow noopener\">Die erste Mahd starte am 1. Juli<\/a>. Am See werden zudem zwei neue automatische Toilettenanlagen aufgestellt, eine im Bereich Wagrainstra\u00dfe, die andere am Klassenzimmer am See. Im Sommer w\u00fcrden noch mobile Toiletten hinzukommen.<\/p>\n<p>  <img decoding=\"async\" loading=\"lazy\" src=\"https:\/\/www.europesays.com\/de\/wp-content\/uploads\/2026\/03\/media.media.e6fa075d-f03f-4f10-9327-c93dd564b04b.original1024.media.jpeg\"\/>     Fu\u00dfg\u00e4nger sehen sich gest\u00f6rt, wenn   <a href=\"https:\/\/www.stuttgarter-nachrichten.de\/thema\/Radfahrer\" title=\"Radfahrer\" class=\"art_thema\" rel=\"nofollow noopener\" target=\"_blank\">Radfahrer<\/a> am Wochenende hier fahren.    Foto: Iris Frey    <\/p>\n<p>Das Radwegekonzept solle Mitte des Jahres am See umgesetzt werden, welches den Neckardammweg von Radlern freihalten soll. Hierzu <a href=\"https:\/\/www.stuttgarter-nachrichten.de\/inhalt.stuttgarts-groesstes-gewaesser-probleme-am-max-eyth-see-wo-hakt-der-bezirksbeirat-jetzt-nach.147ad250-9d55-4a82-8623-f8e98642f8d4.html\" target=\"_blank\" rel=\"nofollow noopener\">gab es immer wieder Kritik <\/a>von betroffenen B\u00fcrgern, Anrainern und Vereinen \u00fcber die unzureichende Beschilderung und Aufkl\u00e4rung der Stadt etwa auf der Homepage zum Radfahrverbot an Wochenenden und Feiertagen. Auch wurde die Un\u00fcbersichtlichkeit der gro\u00dfen Infotafeln der Stadt am See moniert. <a href=\"https:\/\/www.stuttgarter-nachrichten.de\/inhalt.grosse-aenderung-im-nahverkehr-fellbach-erweitert-busangebot-neue-verbindung-zum-max-eyth-see.e0672889-74b4-4ce6-8518-2b6f03df5c2a.html\" target=\"_blank\" rel=\"nofollow noopener\">Zuletzt hinterfragte CDU-Bezirksbeir\u00e4tin <\/a>Monika Kurfe\u00df, inwieweit der Radwegeplan Max-Eyth-See denn zum Verkehrsstrukturplan der Stadtbezirke M\u00fchlhausen und <a href=\"https:\/\/www.stuttgarter-nachrichten.de\/thema\/Stuttgart-Hofen\" title=\"Hofen\" class=\"art_thema\" rel=\"nofollow noopener\" target=\"_blank\">Hofen<\/a> passe, der ja ebenfalls noch nicht verwirklicht sei.<\/p>\n<p> Nilgansmanagement am See: Weitere Ma\u00dfnahmen der Stadt <\/p>\n<p>Zur <a href=\"https:\/\/www.stuttgarter-nachrichten.de\/inhalt.probleme-am-max-eyth-see-landwirte-nilgaense-muessen-eingedaemmt-werden.04d7ce39-7c5b-4380-ba55-0d3cfe57b548.html\" target=\"_blank\" rel=\"nofollow noopener\">Umsetzung des Nilgansmanagements <\/a>f\u00fcr die ganze Stadt k\u00fcndigte Bohlmann weitere Informationen in einer der n\u00e4chsten Sitzungen an, w\u00e4hrend der landwirtschaftliche Obmann Jochen Brust einmal mehr den Einsatz des Jagdp\u00e4chters forderte, um gegen die Nilg\u00e4nse auf den Feldern vorzugehen und die Population zu minimieren.<\/p>\n","protected":false},"excerpt":{"rendered":"Grillen am Max-Eyth-See, oft an unerlaubten Stellen, sorgt immer wieder f\u00fcr Probleme und Eins\u00e4tze der Feuerwehr.\u00a0Foto: Archiv\/Lichtgut Das&hellip;\n","protected":false},"author":2,"featured_media":897388,"comment_status":"","ping_status":"","sticky":false,"template":"","format":"standard","meta":{"footnotes":"","_share_on_mastodon":"0"},"categories":[1830],"tags":[83938,1634,3364,29,9832,30,14482,2465,1441,17493],"class_list":["post-897387","post","type-post","status-publish","format-standard","has-post-thumbnail","category-stuttgart","tag-sicherheitsdienst","tag-baden-wuerttemberg","tag-de","tag-deutschland","tag-falschparker","tag-germany","tag-max-eyth-see","tag-radfahrer","tag-stuttgart","tag-stuttgart-hofen"],"share_on_mastodon":{"url":"https:\/\/pubeurope.com\/@de\/116293758487527021","error":""},"_links":{"self":[{"href":"https:\/\/www.europesays.com\/de\/wp-json\/wp\/v2\/posts\/897387","targetHints":{"allow":["GET"]}}],"collection":[{"href":"https:\/\/www.europesays.com\/de\/wp-json\/wp\/v2\/posts"}],"about":[{"href":"https:\/\/www.europesays.com\/de\/wp-json\/wp\/v2\/types\/post"}],"author":[{"embeddable":true,"href":"https:\/\/www.europesays.com\/de\/wp-json\/wp\/v2\/users\/2"}],"replies":[{"embeddable":true,"href":"https:\/\/www.europesays.com\/de\/wp-json\/wp\/v2\/comments?post=897387"}],"version-history":[{"count":0,"href":"https:\/\/www.europesays.com\/de\/wp-json\/wp\/v2\/posts\/897387\/revisions"}],"wp:featuredmedia":[{"embeddable":true,"href":"https:\/\/www.europesays.com\/de\/wp-json\/wp\/v2\/media\/897388"}],"wp:attachment":[{"href":"https:\/\/www.europesays.com\/de\/wp-json\/wp\/v2\/media?parent=897387"}],"wp:term":[{"taxonomy":"category","embeddable":true,"href":"https:\/\/www.europesays.com\/de\/wp-json\/wp\/v2\/categories?post=897387"},{"taxonomy":"post_tag","embeddable":true,"href":"https:\/\/www.europesays.com\/de\/wp-json\/wp\/v2\/tags?post=897387"}],"curies":[{"name":"wp","href":"https:\/\/api.w.org\/{rel}","templated":true}]}}