{"id":897870,"date":"2026-03-26T09:42:13","date_gmt":"2026-03-26T09:42:13","guid":{"rendered":"https:\/\/www.europesays.com\/de\/897870\/"},"modified":"2026-03-26T09:42:13","modified_gmt":"2026-03-26T09:42:13","slug":"ios-26-4-apple-veraendert-app-store-update-funktion","status":"publish","type":"post","link":"https:\/\/www.europesays.com\/de\/897870\/","title":{"rendered":"iOS 26.4: Apple ver\u00e4ndert App-Store-Update-Funktion"},"content":{"rendered":"<p>Nanu, wo sind denn meine Aktualisierungen hin? Wer in dieser Woche <a href=\"https:\/\/www.heise.de\/news\/iOS-26-4-ist-da-Diese-Neuerungen-bringen-die-Apple-Updates-11223122.html\" rel=\"nofollow noopener\" target=\"_blank\">iOS 26.4<\/a> installiert hat, wird sich das schnell fragen, denn Apple hat an der Bedienung seiner App-Store-Anwendung geschraubt. Warum dies ausgerechnet jetzt erfolgte und nicht etwa mit <a href=\"https:\/\/www.heise.de\/news\/Apple-laesst-Liquid-Glass-frei-iOS-26-Co-zum-Download-verfuegbar-10646514.html\" rel=\"nofollow noopener\" target=\"_blank\">Einf\u00fchrung von iOS 26<\/a> im Herbst, ist unklar. Der Umfang f\u00fchrt jedenfalls dazu, dass Nutzer eine wichtige Funktion nur mit einem Klick mehr erreichen. Gl\u00fccklicherweise gibt es allerdings auch einen schnelleren Weg.<\/p>\n<p>        Weiterlesen nach der Anzeige<\/p>\n<p>Gut versteckt, Updates immer noch lahm<\/p>\n<p>Bislang erfolgten Updates von iOS-Apps so: Man begab sich in den App Store, klickte auf das eigene Icon rechts oben \u2013 und sah die vorhandenen Aktualisierungen. Fehlten welche, lohnte es sich, die Ziehgeste durchzuf\u00fchren, um die Ansicht auf den neuesten Stand zu bringen. Per Klick konnte man dann alle Updates durchf\u00fchren oder einzelne. Da Apple sich auch bei aktiven automatischen Updates f\u00fcr iOS-Apps gerne etwas Zeit lie\u00df, nutzten auch User die Funktion des \u00d6fteren, die dem Betriebssystem die Aktualisierung \u00fcberlassen hatten.<\/p>\n<p>Nun taucht, wenn man das eigene Icon anklickt, nicht sofort die Update-\u00dcbersicht auf. Stattdessen werden unter anderem das Einstellungsmen\u00fc f\u00fcr das eigene App-Store-Profil, vorhandene Abos, Benachrichtigungseinstellungen oder die Einstellungen f\u00fcr Bewertungen und Reviews aufgef\u00fchrt. Zudem gibt es Kn\u00f6pfe, um etwa Geld hinzuzuf\u00fcgen, Gutscheincodes einzul\u00f6sen, Apps zu verschenken oder die App-Store-Konfiguration zu \u00e4ndern. Die Updates selbst sind noch da, wenn auch auf den ersten Blick versteckt: Man findet sie nun an Stelle drei auf diesem Screen. <\/p>\n<p>\u00dcber den Homescreen geht es schneller<\/p>\n<p>Klickt man die Option an, erscheint der \u00fcbliche Aktualisierungsbildschirm, wenn auch nun im Vollbild. Auch ein \u201eZiehen um zu aktualisieren\u201c funktioniert hier weiterhin. Updates arbeiten wie gehabt. Auch an der teils langsamen Aktualisierungsgeschwindigkeit bei automatischen Updates hat Apple nichts ge\u00e4ndert, oft muss man pr\u00fcfen, ob nicht noch weitere Aktualisierungen vorliegen.<\/p>\n<p>Wem der Zusatzklick unn\u00f6tig erscheint, hat zum Gl\u00fcck einen schnelleren Weg zur Verf\u00fcgung: Wie Mac &amp; i <a class=\"heiseplus-lnk\" href=\"https:\/\/www.heise.de\/ratgeber\/21-Tipps-zu-iOS-26-4-Akku-Limit-Untertitel-Ambient-Widget-und-mehr-11224708.html\" rel=\"nofollow noopener\" target=\"_blank\">in seinen ausf\u00fchrlichen Tipps zu iOS 26.4<\/a> beschreibt, reicht es, l\u00e4nger auf das App-Store-Icon auf dem Homescreen zu dr\u00fccken: Legen Sie den Finger auf das App-Store-Icon, bis das Kontextmen\u00fc aufklappt, und w\u00e4hlen Sie dort \u201eUpdates\u201c. Dann landet man ohne Umwege direkt in den Aktualisierungen.<\/p>\n<p>        Weiterlesen nach der Anzeige<\/p>\n<p>(<a class=\"redakteurskuerzel__link\" href=\"https:\/\/www.heise.de\/news\/mailto:bsc@heise.de\" title=\"Ben Schwan\" rel=\"nofollow noopener\" target=\"_blank\">bsc<\/a>)<\/p>\n<p>\n      Dieser Link ist leider nicht mehr g\u00fcltig.\n    <\/p>\n<p>Links zu verschenkten Artikeln werden ung\u00fcltig,<br \/>\n      wenn diese \u00e4lter als 7\u00a0Tage sind oder zu oft aufgerufen wurden.\n    <\/p>\n<p><strong>Sie ben\u00f6tigen ein heise+ Paket, um diesen Artikel zu lesen. Jetzt eine Woche unverbindlich testen \u2013 ohne Verpflichtung!<\/strong><\/p>\n","protected":false},"excerpt":{"rendered":"Nanu, wo sind denn meine Aktualisierungen hin? Wer in dieser Woche iOS 26.4 installiert hat, wird sich das&hellip;\n","protected":false},"author":2,"featured_media":897871,"comment_status":"","ping_status":"","sticky":false,"template":"","format":"standard","meta":{"footnotes":"","_share_on_mastodon":"0"},"categories":[135],"tags":[27706,231,29,30,1274,197262,5553,1273,190,189,194,191,1314,134999,193,192],"class_list":["post-897870","post","type-post","status-publish","format-standard","has-post-thumbnail","category-wissenschaft-technik","tag-app-store","tag-apple","tag-deutschland","tag-germany","tag-ios","tag-ios-26-4","tag-iphone","tag-mobiles","tag-science","tag-science-technology","tag-technik","tag-technology","tag-updates","tag-usability","tag-wissenschaft","tag-wissenschaft-technik"],"share_on_mastodon":{"url":"https:\/\/pubeurope.com\/@de\/116294827891448705","error":""},"_links":{"self":[{"href":"https:\/\/www.europesays.com\/de\/wp-json\/wp\/v2\/posts\/897870","targetHints":{"allow":["GET"]}}],"collection":[{"href":"https:\/\/www.europesays.com\/de\/wp-json\/wp\/v2\/posts"}],"about":[{"href":"https:\/\/www.europesays.com\/de\/wp-json\/wp\/v2\/types\/post"}],"author":[{"embeddable":true,"href":"https:\/\/www.europesays.com\/de\/wp-json\/wp\/v2\/users\/2"}],"replies":[{"embeddable":true,"href":"https:\/\/www.europesays.com\/de\/wp-json\/wp\/v2\/comments?post=897870"}],"version-history":[{"count":0,"href":"https:\/\/www.europesays.com\/de\/wp-json\/wp\/v2\/posts\/897870\/revisions"}],"wp:featuredmedia":[{"embeddable":true,"href":"https:\/\/www.europesays.com\/de\/wp-json\/wp\/v2\/media\/897871"}],"wp:attachment":[{"href":"https:\/\/www.europesays.com\/de\/wp-json\/wp\/v2\/media?parent=897870"}],"wp:term":[{"taxonomy":"category","embeddable":true,"href":"https:\/\/www.europesays.com\/de\/wp-json\/wp\/v2\/categories?post=897870"},{"taxonomy":"post_tag","embeddable":true,"href":"https:\/\/www.europesays.com\/de\/wp-json\/wp\/v2\/tags?post=897870"}],"curies":[{"name":"wp","href":"https:\/\/api.w.org\/{rel}","templated":true}]}}