{"id":898063,"date":"2026-03-26T11:27:20","date_gmt":"2026-03-26T11:27:20","guid":{"rendered":"https:\/\/www.europesays.com\/de\/898063\/"},"modified":"2026-03-26T11:27:20","modified_gmt":"2026-03-26T11:27:20","slug":"ein-gericht-in-russland-hat-den-gerade-mit-dem-oscar-fuer-den-besten-dokumentarfilm-ausgezeichneten","status":"publish","type":"post","link":"https:\/\/www.europesays.com\/de\/898063\/","title":{"rendered":"Ein Gericht in Russland hat den gerade mit dem Oscar f\u00fcr den besten Dokumentarfilm ausgezeichneten"},"content":{"rendered":"<p>Ein Gericht in Russland hat den gerade mit dem Oscar f\u00fcr den besten Dokumentarfilm ausgezeichneten Streifen &#8222;Ein Nobody gegen Putin&#8220; des Filmemachers Pawel Talankin verboten.<\/p>\n<p>Das Zentrale Bezirksgericht von Tscheljabinsk, in der Heimatregion Talankins, habe die Entscheidung aufgrund einer Verwaltungsklage getroffen, meldete das lokale Portal &#8222;It&#8217;s My City&#8220; aus dem Verhandlungssaal.<\/p>\n<p>Demnach sieht das Gericht in dem Film Propaganda f\u00fcr Terrorismus und extremistische Symbolik. Bei Arte ist die Doku in der Mediathek bis Ende April 2030 abrufbar.<\/p>\n<p>Die Klage sei eingereicht worden, weil in dem Film Kinder zu sehen sind, &#8222;deren Eltern der Ver\u00f6ffentlichung nicht zugestimmt hatten&#8220;, hie\u00df es. Demnach verh\u00e4ngte das Gericht ein Verbot, den auf verschiedenen Internetportalen in Russland abrufbaren Film zu zeigen oder zu verbreiten. Nach Darstellung der Staatsanwaltschaft zielt der Film darauf ab, eine negative Haltung gegen\u00fcber der russischen F\u00fchrung und zum Krieg in der Ukraine zu erzeugen.<\/p>\n<p>Talankin in seiner Heimat als &#8222;Verr\u00e4ter&#8220; geschm\u00e4ht<\/p>\n<p>Talankin hatte als Lehrer und Videobeauftragter einer Schule in seiner Heimatstadt Karabasch im Gebiet Tscheljabinsk unter anderem patriotische Veranstaltungen als Beweis f\u00fcr eine Militarisierung des Alltags von Kindern aufgenommen und auch Sch\u00fcler interviewt mit Fragen zum Krieg.<\/p>\n<p>Mit diesem Filmmaterial, das die Ver\u00e4nderungen in der russischen Gesellschaft durch den russischen Angriffskrieg gegen die Ukraine dokumentiert, floh er aus Russland. Der in Kopenhagen lebende US-Regisseur David Borenstein montierte aus den Aufnahmen einen Film, der auch die Wandlung Talankins zu einem entschlossenen Kriegsgegner zeigt.<\/p>\n<p>Talankin wird in seiner Heimat als Verr\u00e4ter geschm\u00e4ht. Als unversch\u00e4mtes &#8222;Manifest des Russenhasses&#8220; kritisiert der russische Starregisseur Nikita Michalkow, selbst Oscar-Preistr\u00e4ger von 1995 f\u00fcr seinen Film &#8222;Die Sonne, die uns t\u00e4uscht&#8220;, die Doku. Es handele sich klar um ein antirussisches Machwerk im Auftrag westlicher Geldgeber, meint er mit Blick auf die Koproduktion von D\u00e4nemarks \u00f6ffentlich-rechtlicher Rundfunkanstalt DR, der britischen BBC sowie von ZDF und Arte.<\/p>\n","protected":false},"excerpt":{"rendered":"Ein Gericht in Russland hat den gerade mit dem Oscar f\u00fcr den besten Dokumentarfilm ausgezeichneten Streifen &#8222;Ein Nobody&hellip;\n","protected":false},"author":2,"featured_media":9969,"comment_status":"","ping_status":"","sticky":false,"template":"","format":"standard","meta":{"footnotes":"","_share_on_mastodon":"0"},"categories":[4013],"tags":[331,332,15756,1903,197304,2690,13,14,15,197303,3583,111,4043,4044,850,94662,307,12,120631],"class_list":["post-898063","post","type-post","status-publish","format-standard","has-post-thumbnail","category-russland","tag-aktuelle-nachrichten","tag-aktuelle-news","tag-doku","tag-dokumentarfilm","tag-filmemachers","tag-gericht","tag-headlines","tag-nachrichten","tag-news","tag-nobody","tag-oscar","tag-putin","tag-russia","tag-russian-federation","tag-russische-foederation","tag-russisches","tag-russland","tag-schlagzeilen","tag-streifen"],"share_on_mastodon":{"url":"https:\/\/pubeurope.com\/@de\/116295240734766248","error":""},"_links":{"self":[{"href":"https:\/\/www.europesays.com\/de\/wp-json\/wp\/v2\/posts\/898063","targetHints":{"allow":["GET"]}}],"collection":[{"href":"https:\/\/www.europesays.com\/de\/wp-json\/wp\/v2\/posts"}],"about":[{"href":"https:\/\/www.europesays.com\/de\/wp-json\/wp\/v2\/types\/post"}],"author":[{"embeddable":true,"href":"https:\/\/www.europesays.com\/de\/wp-json\/wp\/v2\/users\/2"}],"replies":[{"embeddable":true,"href":"https:\/\/www.europesays.com\/de\/wp-json\/wp\/v2\/comments?post=898063"}],"version-history":[{"count":0,"href":"https:\/\/www.europesays.com\/de\/wp-json\/wp\/v2\/posts\/898063\/revisions"}],"wp:featuredmedia":[{"embeddable":true,"href":"https:\/\/www.europesays.com\/de\/wp-json\/wp\/v2\/media\/9969"}],"wp:attachment":[{"href":"https:\/\/www.europesays.com\/de\/wp-json\/wp\/v2\/media?parent=898063"}],"wp:term":[{"taxonomy":"category","embeddable":true,"href":"https:\/\/www.europesays.com\/de\/wp-json\/wp\/v2\/categories?post=898063"},{"taxonomy":"post_tag","embeddable":true,"href":"https:\/\/www.europesays.com\/de\/wp-json\/wp\/v2\/tags?post=898063"}],"curies":[{"name":"wp","href":"https:\/\/api.w.org\/{rel}","templated":true}]}}