{"id":898448,"date":"2026-03-26T15:04:13","date_gmt":"2026-03-26T15:04:13","guid":{"rendered":"https:\/\/www.europesays.com\/de\/898448\/"},"modified":"2026-03-26T15:04:13","modified_gmt":"2026-03-26T15:04:13","slug":"whatsapp-vereinfacht-geraetewechsel-und-bringt-zwei-konten-nutzung-auf-iphones","status":"publish","type":"post","link":"https:\/\/www.europesays.com\/de\/898448\/","title":{"rendered":"WhatsApp vereinfacht Ger\u00e4tewechsel und bringt Zwei-Konten-Nutzung auf iPhones"},"content":{"rendered":"<p>WhatsApp \u00fcberarbeitet die Speicher- und Chatverwaltung. K\u00fcnftig sollen Nutzende innerhalb eines einzelnen Chats gezielt gro\u00dfe Dateien aufsp\u00fcren und entfernen k\u00f6nnen. Der Zugriff erfolgt \u00fcber die Chat-Info unter \u201eSpeicher verwalten\u201c. Dabei lassen sich ausschlie\u00dflich Medien l\u00f6schen, w\u00e4hrend der Gespr\u00e4chsverlauf bestehen bleibt. So soll verhindert werden, dass komplette Unterhaltungen verschwinden, nur um Platz freizugeben.<\/p>\n<p>        Weiterlesen nach der Anzeige<\/p>\n<p>Zwei Konten auf einem iPhone und einfacherer Umzug<\/p>\n<p>Parallel dazu bringt WhatsApp eine Funktion, <a href=\"https:\/\/www.heise.de\/news\/WhatsApp-Mit-mehreren-Konten-gleichzeitig-angemeldet-sein-9341235.html\" rel=\"nofollow noopener\" target=\"_blank\">die bislang Android vorbehalten<\/a> war, auf iPhones: die Nutzung von zwei Konten auf einem Ger\u00e4t. Wer etwa berufliche und private Kommunikation trennen will, braucht dazu nicht mehr zwingend ein Zweitger\u00e4t. Welches Konto aktiv ist, zeigt die App k\u00fcnftig \u00fcber das Profilbild im unteren Bereich an.<\/p>\n<p>Auch der <a class=\"heiseplus-lnk\" href=\"https:\/\/www.heise.de\/ratgeber\/Keine-Angst-vor-dem-Smartphone-Wechsel-Tipps-fuer-den-Umzug-9189141.html\" rel=\"nofollow noopener\" target=\"_blank\">Smartphone-Wechsel<\/a> wird vereinfacht. WhatsApp erkl\u00e4rt, dass sich Chats nun nicht mehr nur innerhalb eines Systems \u00fcbertragen lassen, sondern auch zwischen iOS und Android. Der Transfer umfasst Nachrichten, Bilder und Videos und soll nur wenige Eingaben erfordern.<\/p>\n<p>        Lesen Sie auchMehr anzeigenWeniger anzeigen<\/p>\n<p>Bildbearbeitung und Textverbesserung mit KI<\/p>\n<p>Zus\u00e4tzlich baut der Dienst die Personalisierung aus. Beim <a href=\"https:\/\/www.heise.de\/tipps-tricks\/WhatsApp-Emojis-Die-Bedeutung-hinter-den-Zeichen-9632407.html\" rel=\"nofollow noopener\" target=\"_blank\">Eingeben von Emojis<\/a> schl\u00e4gt die App automatisch passende Sticker vor, die sich direkt einsetzen lassen. F\u00fcr Bilder integriert WhatsApp zudem Bearbeitungsfunktionen direkt im Chat. Mithilfe von MetaAI sollen sich etwa Hintergr\u00fcnde anpassen oder st\u00f6rende Elemente entfernen lassen.<\/p>\n<p>Auch der Schreibassistent wird \u00fcberarbeitet. Dieser generiert jetzt Vorschl\u00e4ge f\u00fcr Antworten auf Basis des bisherigen Gespr\u00e4chsverlaufs. WhatsApp betont, dass die <a href=\"https:\/\/blog.whatsapp.com\/get-the-tone-of-your-message-right-with-private-writing-help\" rel=\"external noopener nofollow\" target=\"_blank\">Inhalte dabei privat bleiben sollen.<\/a> Die neuen Funktionen werden schrittweise an alle Nutzerinnen und Nutzer verteilt und sollen in den kommenden Wochen breit verf\u00fcgbar sein.<\/p>\n<p>        Weiterlesen nach der Anzeige<\/p>\n<p>(<a class=\"redakteurskuerzel__link\" href=\"https:\/\/www.heise.de\/news\/mailto:joe@heise.de\" title=\"Josef Erl\" rel=\"nofollow noopener\" target=\"_blank\">joe<\/a>)<\/p>\n<p>\n      Dieser Link ist leider nicht mehr g\u00fcltig.\n    <\/p>\n<p>Links zu verschenkten Artikeln werden ung\u00fcltig,<br \/>\n      wenn diese \u00e4lter als 7\u00a0Tage sind oder zu oft aufgerufen wurden.\n    <\/p>\n<p><strong>Sie ben\u00f6tigen ein heise+ Paket, um diesen Artikel zu lesen. Jetzt eine Woche unverbindlich testen \u2013 ohne Verpflichtung!<\/strong><\/p>\n","protected":false},"excerpt":{"rendered":"WhatsApp \u00fcberarbeitet die Speicher- und Chatverwaltung. K\u00fcnftig sollen Nutzende innerhalb eines einzelnen Chats gezielt gro\u00dfe Dateien aufsp\u00fcren und&hellip;\n","protected":false},"author":2,"featured_media":898449,"comment_status":"","ping_status":"","sticky":false,"template":"","format":"standard","meta":{"footnotes":"","_share_on_mastodon":"0"},"categories":[135],"tags":[5356,29,214,30,1274,14419,13924,1273,190,189,769,194,191,672,193,192],"class_list":["post-898448","post","type-post","status-publish","format-standard","has-post-thumbnail","category-wissenschaft-technik","tag-android","tag-deutschland","tag-entertainment","tag-germany","tag-ios","tag-messenger","tag-meta-platforms","tag-mobiles","tag-science","tag-science-technology","tag-smartphone","tag-technik","tag-technology","tag-whatsapp","tag-wissenschaft","tag-wissenschaft-technik"],"share_on_mastodon":{"url":"https:\/\/pubeurope.com\/@de\/116296094228180985","error":""},"_links":{"self":[{"href":"https:\/\/www.europesays.com\/de\/wp-json\/wp\/v2\/posts\/898448","targetHints":{"allow":["GET"]}}],"collection":[{"href":"https:\/\/www.europesays.com\/de\/wp-json\/wp\/v2\/posts"}],"about":[{"href":"https:\/\/www.europesays.com\/de\/wp-json\/wp\/v2\/types\/post"}],"author":[{"embeddable":true,"href":"https:\/\/www.europesays.com\/de\/wp-json\/wp\/v2\/users\/2"}],"replies":[{"embeddable":true,"href":"https:\/\/www.europesays.com\/de\/wp-json\/wp\/v2\/comments?post=898448"}],"version-history":[{"count":0,"href":"https:\/\/www.europesays.com\/de\/wp-json\/wp\/v2\/posts\/898448\/revisions"}],"wp:featuredmedia":[{"embeddable":true,"href":"https:\/\/www.europesays.com\/de\/wp-json\/wp\/v2\/media\/898449"}],"wp:attachment":[{"href":"https:\/\/www.europesays.com\/de\/wp-json\/wp\/v2\/media?parent=898448"}],"wp:term":[{"taxonomy":"category","embeddable":true,"href":"https:\/\/www.europesays.com\/de\/wp-json\/wp\/v2\/categories?post=898448"},{"taxonomy":"post_tag","embeddable":true,"href":"https:\/\/www.europesays.com\/de\/wp-json\/wp\/v2\/tags?post=898448"}],"curies":[{"name":"wp","href":"https:\/\/api.w.org\/{rel}","templated":true}]}}