{"id":898476,"date":"2026-03-26T15:20:20","date_gmt":"2026-03-26T15:20:20","guid":{"rendered":"https:\/\/www.europesays.com\/de\/898476\/"},"modified":"2026-03-26T15:20:20","modified_gmt":"2026-03-26T15:20:20","slug":"vier-fuehrungen-im-maerz-und-april-im-pfinzgaumuseum","status":"publish","type":"post","link":"https:\/\/www.europesays.com\/de\/898476\/","title":{"rendered":"Vier F\u00fchrungen im M\u00e4rz und April im Pfinzgaumuseum"},"content":{"rendered":"<p>F\u00fchrung durch die Sonderausstellung \u201eAls die Karlsburg Kaserne war. Das Badische Train-Bataillon Nr. 14 in Durlach\u201c<\/p>\n<p>Am Sonntag, 29. M\u00e4rz 2026, um 15 Uhr f\u00fchrt Eva Unterburg durch die Sonderausstellung \u201eAls die Karlsburg Kaserne war. Das Badische Train-Bataillon Nr. 14 in Durlach\u201c im Pfinzgaumuseum in der Karlsburg Durlach. Bei dieser Zeitreise tauchen die Teilnehmenden in ein vergangenes Durlach ein, in dem blau-uniformierte Soldaten auf den Stra\u00dfen und Reiter auf dem Schlossplatz ein allt\u00e4glicher Anblick waren und die Karlsburg als Kaserne diente. Bei dem kurzweiligen Rundgang berichtet Frau Unterburg Spannendes \u00fcber Aufgaben und Ausbildung der Train-Soldaten, \u00fcber die vom Milit\u00e4r genutzten Geb\u00e4ude und die eindrucksvollen pers\u00f6nlichen Erinnerungsst\u00fccke, mit denen die Soldaten ihrer Dienstzeit gedachten. Eine Anmeldung ist nicht erforderlich, die Teilnahme an der F\u00fchrung ist im Eintrittspreis inbegriffen.<\/p>\n<p>F\u00fchrung durch die Dauerausstellung<\/p>\n<p>Bei der Themenf\u00fchrung \u201eVon Z\u00fcndh\u00f6lzern und Zahnradbahnen: Innovationen aus Durlach\u201c am Sonntag, 29. M\u00e4rz 2026, um 16.30 Uhr f\u00fchrt Eva Unterburg durch die Dauerausstellung und gibt einen kompakten und spannenden \u00dcberblick \u00fcber innovative Durlacher Ideen und ihre Umsetzung. Die F\u00fchrung ist kostenlos, eine Anmeldung ist nicht erforderlich.<\/p>\n<p>Oster-Special f\u00fcr Familien<\/p>\n<p>Bei der Familienf\u00fchrung \u201eTrepp\u2018 auf, Trepp\u2018 ab durchs ganze Haus. Ein Rundgang zur Stadt- und Schlossgeschichte\u201c am Ostersonntag, 5. April 2026, um 15 Uhr erkunden die Teilnehmenden gemeinsam mit Susanne Stephan-Kabierske das Pfinzgaumuseum und die Durlacher Karlsburg. Auf dem Rundgang mit Ostereiersuche gibt es f\u00fcr Klein und Gro\u00df allerlei Spannendes zur Stadt- und Schlossgeschichte zu entdecken. Die F\u00fchrung ist kostenlos, eine Anmeldung ist nicht erforderlich.<\/p>\n<p>F\u00fchrung durch die Sonderausstellung \u201eAls die Karlsburg Kaserne war. Das Badische Train-Bataillon Nr. 14 in Durlach\u201c<\/p>\n<p>Am Sonntag, 12. April 2026, um 15 Uhr f\u00fchrt Georg Hertweck durch die Sonderausstellung \u201eAls die Karlsburg Kaserne war. Das Badische Train-Bataillon Nr. 14 in Durlach\u201c im Pfinzgaumuseum in der Karlsburg Durlach. Bei dieser Zeitreise tauchen die Teilnehmenden in ein vergangenes Durlach ein, in dem blau-uniformierte Soldaten auf den Stra\u00dfen und Reiter auf dem Schlossplatz ein allt\u00e4glicher Anblick waren und die Karlsburg als Kaserne diente. Bei dem kurzweiligen Rundgang berichtet Herr Hertweck Spannendes \u00fcber Aufgaben und Ausbildung der Train-Soldaten, \u00fcber die vom Milit\u00e4r genutzten Geb\u00e4ude und die eindrucksvollen pers\u00f6nlichen Erinnerungsst\u00fccke, mit denen die Soldaten ihrer Dienstzeit gedachten. Eine Anmeldung ist nicht erforderlich, die Teilnahme an der F\u00fchrung im Eintrittspreis inbegriffen.<\/p>\n","protected":false},"excerpt":{"rendered":"F\u00fchrung durch die Sonderausstellung \u201eAls die Karlsburg Kaserne war. Das Badische Train-Bataillon Nr. 14 in Durlach\u201c Am Sonntag,&hellip;\n","protected":false},"author":2,"featured_media":847294,"comment_status":"","ping_status":"","sticky":false,"template":"","format":"standard","meta":{"footnotes":"","_share_on_mastodon":"0"},"categories":[1844],"tags":[2076,1634,3364,29,20957,30,8903,48935,29640,188585],"class_list":["post-898476","post","type-post","status-publish","format-standard","has-post-thumbnail","category-karlsruhe","tag-ausstellung","tag-baden-wuerttemberg","tag-de","tag-deutschland","tag-durlach","tag-germany","tag-karlsruhe","tag-kaserne","tag-pfinzgaumuseum","tag-train-bataillon-nr-14"],"share_on_mastodon":{"url":"https:\/\/pubeurope.com\/@de\/116296156928177085","error":""},"_links":{"self":[{"href":"https:\/\/www.europesays.com\/de\/wp-json\/wp\/v2\/posts\/898476","targetHints":{"allow":["GET"]}}],"collection":[{"href":"https:\/\/www.europesays.com\/de\/wp-json\/wp\/v2\/posts"}],"about":[{"href":"https:\/\/www.europesays.com\/de\/wp-json\/wp\/v2\/types\/post"}],"author":[{"embeddable":true,"href":"https:\/\/www.europesays.com\/de\/wp-json\/wp\/v2\/users\/2"}],"replies":[{"embeddable":true,"href":"https:\/\/www.europesays.com\/de\/wp-json\/wp\/v2\/comments?post=898476"}],"version-history":[{"count":0,"href":"https:\/\/www.europesays.com\/de\/wp-json\/wp\/v2\/posts\/898476\/revisions"}],"wp:featuredmedia":[{"embeddable":true,"href":"https:\/\/www.europesays.com\/de\/wp-json\/wp\/v2\/media\/847294"}],"wp:attachment":[{"href":"https:\/\/www.europesays.com\/de\/wp-json\/wp\/v2\/media?parent=898476"}],"wp:term":[{"taxonomy":"category","embeddable":true,"href":"https:\/\/www.europesays.com\/de\/wp-json\/wp\/v2\/categories?post=898476"},{"taxonomy":"post_tag","embeddable":true,"href":"https:\/\/www.europesays.com\/de\/wp-json\/wp\/v2\/tags?post=898476"}],"curies":[{"name":"wp","href":"https:\/\/api.w.org\/{rel}","templated":true}]}}