{"id":898900,"date":"2026-03-26T19:15:16","date_gmt":"2026-03-26T19:15:16","guid":{"rendered":"https:\/\/www.europesays.com\/de\/898900\/"},"modified":"2026-03-26T19:15:16","modified_gmt":"2026-03-26T19:15:16","slug":"mutmassliches-raf-mitglied-bundesanwaltschaft-erhebt-anklage-gegen-klette","status":"publish","type":"post","link":"https:\/\/www.europesays.com\/de\/898900\/","title":{"rendered":"Mutma\u00dfliches RAF-Mitglied: Bundesanwaltschaft erhebt Anklage gegen Klette"},"content":{"rendered":"<p>            <img loading=\"lazy\" decoding=\"async\" class=\"ts-image\" src=\"https:\/\/www.europesays.com\/de\/wp-content\/uploads\/2026\/03\/klette-194.jpg\" alt=\"Daniela Klette\" title=\"Daniela Klette | dpa\"\/><\/p>\n<p>                    <strong>exklusiv<\/strong><\/p>\n<p class=\"metatextline\">Stand: 26.03.2026 \u2022 18:00 Uhr<\/p>\n<p class=\"article-head__shorttext\">\n        <strong>Vor dem Landgericht in Verden l\u00e4uft bereits ein Prozess gegen die mutma\u00dfliche Ex-RAF-Terroristin Klette. Nun hat die Bundesanwaltschaft nach Informationen von NDR, WDR und SZ Anklage erhoben &#8211; zu Taten, die der RAF zugerechnet werden.<\/strong>\n    <\/p>\n<p>Von Martin Kaul, WDR, und Reiko Pinkert, NDR\n                    <\/p>\n<p class=\"textabsatz m-ten m-offset-one l-eight l-offset-two columns twelve\">Die Bundesanwaltschaft hat nach Informationen von NDR, WDR und S\u00fcddeutscher Zeitung Anklage gegen das mutma\u00dfliche Ex-RAF-Mitglied Daniela Klette erhoben.<\/p>\n<p class=\"textabsatz m-ten m-offset-one l-eight l-offset-two columns twelve\">Demnach werfen die Ankl\u00e4ger der 67-J\u00e4hrigen unter anderem 20-fachen versuchten Mord im Zusammenhang mit einem Angriff auf die US-Botschaft im Jahr 1991 in Bonn vor. Klette und zwei weitere Personen sollen damals mit Maschinengewehren mindestens 250 Sch\u00fcsse auf die Botschaft abgegeben haben.<\/p>\n<p>    DNA-Spuren an Tatorten gefunden<\/p>\n<p class=\"textabsatz m-ten m-offset-one l-eight l-offset-two columns twelve\">Daneben wird ihr erpresserischer Menschenraub und die Beteiligung an einem Sprengstoffanschlag 1993 im s\u00fcdhessischen Weiterstadt zur Last gelegt. Bei dem Bombenanschlag war das in Bau befindliche Gef\u00e4ngnis damals massiv zerst\u00f6rt worden. Au\u00dferdem beschuldigt die Bundesanwaltschaft Klette des dreifachen versuchten Mordes bei einem versuchten Anschlag auf ein Geb\u00e4ude der Deutschen Bank im hessischen Eschborn im Jahr 1990.<\/p>\n<p class=\"textabsatz m-ten m-offset-one l-eight l-offset-two columns twelve\">Im Umfeld aller drei Tatorte hatten Ermittler DNA-Spuren gefunden, die sie Daniela Klette zugeordnet haben. Wie die DNA-Spuren dort hingekommen sind, ist unklar. Ob dies reicht, um eine Tatbeteiligung zu belegen, wird der Prozess zeigen.<\/p>\n<p class=\"textabsatz m-ten m-offset-one l-eight l-offset-two columns twelve\">Klettes Rechtsanw\u00e4lte, Lukas Theune und Berthold Fresenius, teilten auf Anfrage mit, dass die DNA-Nachermittlungen gegen die Angeklagte &#8222;gr\u00f6\u00dftenteils erfolglos&#8220; verlaufen seien. Die Bundesanwaltschaft st\u00fctze sich laut den Verteidigern wesentlich auf die Aussagen eines Zeugen. Dieser habe, so die Verteidiger, bereits in der Vergangenheit gelogen.<\/p>\n<p>    Jahrelanges Leben im Untergrund<\/p>\n<p class=\"textabsatz m-ten m-offset-one l-eight l-offset-two columns twelve\">Klette soll laut Ermittlern in der sogenannten Kommandoebene der Rote Armee Fraktion (RAF) aktiv gewesen sein. Die RAF war eine linksradikale Terrorgruppe, die von 1970 bis zu ihrer Selbstaufl\u00f6sung im Jahr 1998 f\u00fcr zahlreiche Bombenangriffe, Entf\u00fchrungen und Morde verantwortlich war.<\/p>\n<p class=\"textabsatz m-ten m-offset-one l-eight l-offset-two columns twelve\">Klette, die sich in Untersuchungshaft befindet, war im Februar 2024 in einer Berliner Wohnung festgenommen worden, nachdem sie zuvor offenbar \u00fcber Jahrzehnte unter falscher Identit\u00e4t, mit verschiedenen Nachnamen und dem Decknamen &#8222;Claudia&#8220; in der Hauptstadt gelebt hatte. Nach ihren mutma\u00dflichen Komplizen Burkhard Garweg und Ernst-Volker Staub wird weiter gefahndet. Die Bundesanwaltschaft rechnet die drei der sogenannten 3. Generation der RAF zu.<\/p>\n<p class=\"textabsatz m-ten m-offset-one l-eight l-offset-two columns twelve\">Gegen Klette wurde in der Vergangenheit auch wegen Mitgliedschaft in einer terroristischen Vereinigung ermittelt. Dieser Straftatbestand ist inzwischen verj\u00e4hrt. Der anstehende Prozess gilt dennoch als bedeutsam, weil viele der RAF-Taten bis heute nicht endg\u00fcltig aufgekl\u00e4rt werden konnten. Wird die Anklage zugelassen, soll sie vor dem Oberlandesgericht in Frankfurt am Main verhandelt werden.<\/p>\n<p>    Erster Prozess l\u00e4uft bereits<\/p>\n<p class=\"textabsatz m-ten m-offset-one l-eight l-offset-two columns twelve\">Seit M\u00e4rz 2025 l\u00e4uft bereits vor dem Landgericht Verden ein <a href=\"https:\/\/www.tagesschau.de\/inland\/prozessbeginn-ex-raf-terroristin-klette-100.html\" title=\"Prozess gegen Ex-RAF-Terroristin Klette in Celle gestartet\" rel=\"nofollow noopener\" target=\"_blank\">Prozess gegen Klette<\/a>. Hier wird ihr neben versuchtem Mord und unerlaubtem Waffenbesitz vorgeworfen, zwischen 1999 und 2016, w\u00e4hrend ihrer Zeit im Untergrund, an bewaffneten Raub\u00fcberf\u00e4llen auf Superm\u00e4rkte und Geldtransporter beteiligt gewesen zu sein, um sich mit dem Geld ihr Leben im Untergrund finanzieren zu k\u00f6nnen.<\/p>\n","protected":false},"excerpt":{"rendered":"exklusiv Stand: 26.03.2026 \u2022 18:00 Uhr Vor dem Landgericht in Verden l\u00e4uft bereits ein Prozess gegen die mutma\u00dfliche&hellip;\n","protected":false},"author":2,"featured_media":898901,"comment_status":"","ping_status":"","sticky":false,"template":"","format":"standard","meta":{"footnotes":"","_share_on_mastodon":"0"},"categories":[2],"tags":[1999,18294,29,30,13,14,15,18295,12,10,8,9,11],"class_list":["post-898900","post","type-post","status-publish","format-standard","has-post-thumbnail","category-deutschland","tag-anklage","tag-daniela-klette","tag-deutschland","tag-germany","tag-headlines","tag-nachrichten","tag-news","tag-raf","tag-schlagzeilen","tag-top-news","tag-top-meldungen","tag-topmeldungen","tag-topnews"],"share_on_mastodon":{"url":"https:\/\/pubeurope.com\/@de\/116297081117827227","error":""},"_links":{"self":[{"href":"https:\/\/www.europesays.com\/de\/wp-json\/wp\/v2\/posts\/898900","targetHints":{"allow":["GET"]}}],"collection":[{"href":"https:\/\/www.europesays.com\/de\/wp-json\/wp\/v2\/posts"}],"about":[{"href":"https:\/\/www.europesays.com\/de\/wp-json\/wp\/v2\/types\/post"}],"author":[{"embeddable":true,"href":"https:\/\/www.europesays.com\/de\/wp-json\/wp\/v2\/users\/2"}],"replies":[{"embeddable":true,"href":"https:\/\/www.europesays.com\/de\/wp-json\/wp\/v2\/comments?post=898900"}],"version-history":[{"count":0,"href":"https:\/\/www.europesays.com\/de\/wp-json\/wp\/v2\/posts\/898900\/revisions"}],"wp:featuredmedia":[{"embeddable":true,"href":"https:\/\/www.europesays.com\/de\/wp-json\/wp\/v2\/media\/898901"}],"wp:attachment":[{"href":"https:\/\/www.europesays.com\/de\/wp-json\/wp\/v2\/media?parent=898900"}],"wp:term":[{"taxonomy":"category","embeddable":true,"href":"https:\/\/www.europesays.com\/de\/wp-json\/wp\/v2\/categories?post=898900"},{"taxonomy":"post_tag","embeddable":true,"href":"https:\/\/www.europesays.com\/de\/wp-json\/wp\/v2\/tags?post=898900"}],"curies":[{"name":"wp","href":"https:\/\/api.w.org\/{rel}","templated":true}]}}