{"id":898979,"date":"2026-03-26T19:58:14","date_gmt":"2026-03-26T19:58:14","guid":{"rendered":"https:\/\/www.europesays.com\/de\/898979\/"},"modified":"2026-03-26T19:58:14","modified_gmt":"2026-03-26T19:58:14","slug":"buten-un-binnen-vom-26-maerz","status":"publish","type":"post","link":"https:\/\/www.europesays.com\/de\/898979\/","title":{"rendered":"buten un binnen vom 26. M\u00e4rz"},"content":{"rendered":"<p>Die Linksfraktion in Bremen fordert, dass Polizei und Justiz besser f\u00fcr den Kampf gegen geschlechtsspezifische Gewalt ausger\u00fcstet werden. In Spanien seien solche Ma\u00dfnahmen bereits erfolgreich. Die Spargelbauern er\u00f6ffnen die Saison und hoffen aufgrund der warmen Temperaturen Anfang M\u00e4rz auf gute Ausbeute. Zwei Frauen haben als junge M\u00e4dchen ihren Vater verloren. Bereits vor neun Jahren hat unser Reporter sie besucht \u2013 doch wie blicken sie heute auf ihre Kindheit und ihr Aufwachsen?<\/p>\n","protected":false},"excerpt":{"rendered":"Die Linksfraktion in Bremen fordert, dass Polizei und Justiz besser f\u00fcr den Kampf gegen geschlechtsspezifische Gewalt ausger\u00fcstet werden.&hellip;\n","protected":false},"author":2,"featured_media":898980,"comment_status":"","ping_status":"","sticky":false,"template":"","format":"standard","meta":{"footnotes":"","_share_on_mastodon":"0"},"categories":[1824],"tags":[169596,9296,2420,6703,31,3364,29,1459,21647,3236,30,142490,1000,1015,2180,1665,14,121,4026,4975,3259,4191,2166],"class_list":["post-898979","post","type-post","status-publish","format-standard","has-post-thumbnail","category-bremen","tag-aufwachsen","tag-bauern","tag-bremen","tag-bremerhaven","tag-cdu","tag-de","tag-deutschland","tag-eltern","tag-ernte","tag-frauen","tag-germany","tag-geschlechtsspezifische-gewalt","tag-gewalt","tag-justiz","tag-linke","tag-maerz","tag-nachrichten","tag-polizei","tag-spanien","tag-spargel","tag-tod","tag-vater","tag-waerme"],"share_on_mastodon":{"url":"https:\/\/pubeurope.com\/@de\/116297250080443446","error":""},"_links":{"self":[{"href":"https:\/\/www.europesays.com\/de\/wp-json\/wp\/v2\/posts\/898979","targetHints":{"allow":["GET"]}}],"collection":[{"href":"https:\/\/www.europesays.com\/de\/wp-json\/wp\/v2\/posts"}],"about":[{"href":"https:\/\/www.europesays.com\/de\/wp-json\/wp\/v2\/types\/post"}],"author":[{"embeddable":true,"href":"https:\/\/www.europesays.com\/de\/wp-json\/wp\/v2\/users\/2"}],"replies":[{"embeddable":true,"href":"https:\/\/www.europesays.com\/de\/wp-json\/wp\/v2\/comments?post=898979"}],"version-history":[{"count":0,"href":"https:\/\/www.europesays.com\/de\/wp-json\/wp\/v2\/posts\/898979\/revisions"}],"wp:featuredmedia":[{"embeddable":true,"href":"https:\/\/www.europesays.com\/de\/wp-json\/wp\/v2\/media\/898980"}],"wp:attachment":[{"href":"https:\/\/www.europesays.com\/de\/wp-json\/wp\/v2\/media?parent=898979"}],"wp:term":[{"taxonomy":"category","embeddable":true,"href":"https:\/\/www.europesays.com\/de\/wp-json\/wp\/v2\/categories?post=898979"},{"taxonomy":"post_tag","embeddable":true,"href":"https:\/\/www.europesays.com\/de\/wp-json\/wp\/v2\/tags?post=898979"}],"curies":[{"name":"wp","href":"https:\/\/api.w.org\/{rel}","templated":true}]}}