{"id":898999,"date":"2026-03-26T20:08:14","date_gmt":"2026-03-26T20:08:14","guid":{"rendered":"https:\/\/www.europesays.com\/de\/898999\/"},"modified":"2026-03-26T20:08:14","modified_gmt":"2026-03-26T20:08:14","slug":"s-bahn-strecke-stuttgart-vaihingen-und-schwabstrasse-nicht-mehr-unterbrochen-nachrichten-aus-dem-rems-murr-kreis-2","status":"publish","type":"post","link":"https:\/\/www.europesays.com\/de\/898999\/","title":{"rendered":"S-Bahn-Strecke Stuttgart-Vaihingen und Schwabstra\u00dfe nicht mehr unterbrochen &#8211; Nachrichten aus dem Rems-Murr-Kreis"},"content":{"rendered":"<p><strong>Rems-Murr-Kreis\/Stuttgart. <\/strong> Gute Nachrichten f\u00fcr S-Bahn-Fahrer aus dem Rems-Murr-Kreis in Richtung Stuttgart -Vaihingen: Die S-Bahn-Strecke Stuttgart-Vaihingen und Stuttgart  Schwabstra\u00dfe ist nicht mehr unterbrochen. Die S-Bahnen der S 1, S 2, S 3, S 4, S 5, S 6 und S 60 k\u00f6nnen nach einer St\u00f6rung wieder regul\u00e4r verkehren. Es kommt noch vor\u00fcbergehend zu Folgeabweichungen, bis sich der S-Bahnverkehr wieder eingetaktet hat, so der VVS.<\/p>\n<p>Reisende sollten daher auch<\/p>\n","protected":false},"excerpt":{"rendered":"Rems-Murr-Kreis\/Stuttgart. Gute Nachrichten f\u00fcr S-Bahn-Fahrer aus dem Rems-Murr-Kreis in Richtung Stuttgart -Vaihingen: Die S-Bahn-Strecke Stuttgart-Vaihingen und Stuttgart Schwabstra\u00dfe&hellip;\n","protected":false},"author":2,"featured_media":898998,"comment_status":"","ping_status":"","sticky":false,"template":"","format":"standard","meta":{"footnotes":"","_share_on_mastodon":"0"},"categories":[1830],"tags":[1634,3364,29,30,197498,5721,1441,197499,6843],"class_list":["post-898999","post","type-post","status-publish","format-standard","has-post-thumbnail","category-stuttgart","tag-baden-wuerttemberg","tag-de","tag-deutschland","tag-germany","tag-s-bahn-s1-vvs","tag-s-bahn-stuttgart","tag-stuttgart","tag-verspaetungen-s-bahn","tag-vvs"],"share_on_mastodon":{"url":"https:\/\/pubeurope.com\/@de\/116297289430308526","error":""},"_links":{"self":[{"href":"https:\/\/www.europesays.com\/de\/wp-json\/wp\/v2\/posts\/898999","targetHints":{"allow":["GET"]}}],"collection":[{"href":"https:\/\/www.europesays.com\/de\/wp-json\/wp\/v2\/posts"}],"about":[{"href":"https:\/\/www.europesays.com\/de\/wp-json\/wp\/v2\/types\/post"}],"author":[{"embeddable":true,"href":"https:\/\/www.europesays.com\/de\/wp-json\/wp\/v2\/users\/2"}],"replies":[{"embeddable":true,"href":"https:\/\/www.europesays.com\/de\/wp-json\/wp\/v2\/comments?post=898999"}],"version-history":[{"count":0,"href":"https:\/\/www.europesays.com\/de\/wp-json\/wp\/v2\/posts\/898999\/revisions"}],"wp:featuredmedia":[{"embeddable":true,"href":"https:\/\/www.europesays.com\/de\/wp-json\/wp\/v2\/media\/898998"}],"wp:attachment":[{"href":"https:\/\/www.europesays.com\/de\/wp-json\/wp\/v2\/media?parent=898999"}],"wp:term":[{"taxonomy":"category","embeddable":true,"href":"https:\/\/www.europesays.com\/de\/wp-json\/wp\/v2\/categories?post=898999"},{"taxonomy":"post_tag","embeddable":true,"href":"https:\/\/www.europesays.com\/de\/wp-json\/wp\/v2\/tags?post=898999"}],"curies":[{"name":"wp","href":"https:\/\/api.w.org\/{rel}","templated":true}]}}