{"id":899675,"date":"2026-03-27T02:24:14","date_gmt":"2026-03-27T02:24:14","guid":{"rendered":"https:\/\/www.europesays.com\/de\/899675\/"},"modified":"2026-03-27T02:24:14","modified_gmt":"2026-03-27T02:24:14","slug":"putin-soll-oligarchen-um-spenden-bitten","status":"publish","type":"post","link":"https:\/\/www.europesays.com\/de\/899675\/","title":{"rendered":"Putin soll Oligarchen um Spenden bitten"},"content":{"rendered":"<p class=\"text-18 leading-17 user-text-lg:text-22 user-text-xl:text-24\">Nach den Angriffen waren jeweils Br\u00e4nde und kilometerlange Rauchs\u00e4ulen zu beobachten. Gesicherte Angaben zu Sch\u00e4den an den Anlagen gibt es aber nicht. In Primorsk sei es nach drei Tagen gelungen, den Brand der \u00d6ltanks einzud\u00e4mmen, teilte Gouverneur Drosdenko am Donnerstag mit. Es bestehe keine Gefahr mehr, dass das Feuer sich ausbreite.<\/p>\n<p class=\"text-18 leading-17 user-text-lg:text-22 user-text-xl:text-24\">Nato-Generalsekret\u00e4r Mark Rutte hat ausweichend auf einen Bericht reagiert, nach dem die USA wegen des Iran-Kriegs f\u00fcr die Ukraine vorgesehene R\u00fcstungsg\u00fcter in den Nahen Osten umleiten k\u00f6nnten. Aus den USA w\u00fcrden weiter Abfangraketen und andere entscheidende Ausr\u00fcstung in die Ukraine geliefert, sagte Rutte bei einer Pressekonferenz. Er \u00e4u\u00dferte sich allerdings nicht dazu, ob m\u00f6glicherweise K\u00fcrzungen vorgenommen oder angek\u00fcndigt wurden. Aus B\u00fcndniskreisen hatte es zuvor gehei\u00dfen, der Bericht der &#8222;Washington Post&#8220; komme nicht \u00fcberraschend.<\/p>\n<p class=\"text-18 leading-17 user-text-lg:text-22 user-text-xl:text-24\">Die Zeitung hatte unter Berufung auf mehrere nicht genannte Quellen berichtet, das Pentagon pr\u00fcfe, ob Waffen, die eigentlich f\u00fcr die Ukraine bestimmt sind, in den Nahen Osten umgeleitet werden sollten, da der Krieg mit dem <a class=\"transition-colors duration-200 cursor-pointer text-inherit no-underline text-salemsfur md:hover:text-magenta md:hover:border-magenta md:focus:text-magenta border-current border-b border-solid break-words\" data-tracking=\"{&quot;action&quot;:&quot;click&quot;,&quot;category&quot;:&quot;intextLink&quot;,&quot;label&quot;:&quot;\/themen\/iran\/&quot;}\" href=\"https:\/\/www.t-online.de\/themen\/iran\/\" data-sctrack=\"BodyAnchor\" rel=\"nofollow noopener\" target=\"_blank\">Iran<\/a> einige der wichtigsten Munitionsbest\u00e4nde des US-Milit\u00e4rs aufzehre. Konkret gehe es auch um Flugabwehrraketen, die eigentlich \u00fcber die sogenannte Purl-Initiative der <a class=\"transition-colors duration-200 cursor-pointer text-inherit no-underline text-salemsfur md:hover:text-magenta md:hover:border-magenta md:focus:text-magenta border-current border-b border-solid break-words\" data-tracking=\"{&quot;action&quot;:&quot;click&quot;,&quot;category&quot;:&quot;intextLink&quot;,&quot;label&quot;:&quot;\/themen\/nato\/&quot;}\" href=\"https:\/\/www.t-online.de\/themen\/nato\/\" data-sctrack=\"BodyAnchor\" rel=\"nofollow noopener\" target=\"_blank\">Nato<\/a> an die Ukraine geliefert werden sollen. \u00dcber Purl finanzieren europ\u00e4ische Nato-Staaten und <a class=\"transition-colors duration-200 cursor-pointer text-inherit no-underline text-salemsfur md:hover:text-magenta md:hover:border-magenta md:focus:text-magenta border-current border-b border-solid break-words\" data-tracking=\"{&quot;action&quot;:&quot;click&quot;,&quot;category&quot;:&quot;intextLink&quot;,&quot;label&quot;:&quot;\/themen\/kanada\/&quot;}\" href=\"https:\/\/www.t-online.de\/themen\/kanada\/\" data-sctrack=\"BodyAnchor\" rel=\"nofollow noopener\" target=\"_blank\">Kanada<\/a> US-R\u00fcstungsg\u00fcter f\u00fcr die Ukraine, weil die USA ihre finanzielle Unterst\u00fctzung drastisch heruntergefahren haben. Sie stellte zuletzt einen Gro\u00dfteil der Munition f\u00fcr die Flugabwehrraketensysteme vom Typ Patriot und andere Luftverteidigungssysteme bereit.<\/p>\n<p class=\"text-18 leading-17 user-text-lg:text-22 user-text-xl:text-24\">Nach Angaben der &#8222;Washington Post&#8220; informierte das Pentagon zudem den Kongress dar\u00fcber, dass es beabsichtige, etwa 750 Millionen Dollar (651 Mio. Euro) aus dem Purl-Programm umzuleiten, um die eigenen Best\u00e4nde des US-Milit\u00e4rs aufzuf\u00fcllen, anstatt zus\u00e4tzliche Hilfe an die Ukraine zu senden. Ob die an der Initiative beteiligten europ\u00e4ischen L\u00e4nder w\u00fcssten, wie die Mittel verwendet w\u00fcrden, sei unklar. Rutte wollte sich am Donnerstag nicht dazu \u00e4u\u00dfern, ob die Nato dar\u00fcber informiert wurde.<\/p>\n","protected":false},"excerpt":{"rendered":"Nach den Angriffen waren jeweils Br\u00e4nde und kilometerlange Rauchs\u00e4ulen zu beobachten. Gesicherte Angaben zu Sch\u00e4den an den Anlagen&hellip;\n","protected":false},"author":2,"featured_media":899676,"comment_status":"","ping_status":"","sticky":false,"template":"","format":"standard","meta":{"footnotes":"","_share_on_mastodon":"0"},"categories":[4012],"tags":[1217,326,6079,331,332,197556,2140,2919,49674,1478,32118,23012,13,345,5793,5020,4543,451,42656,308,14,1159,15,2852,195776,38210,307,4769,12,11032,317,312,8412,64,15050,306,107,156302],"class_list":["post-899675","post","type-post","status-publish","format-standard","has-post-thumbnail","category-ukraine","tag-1217","tag-326","tag-6079","tag-aktuelle-nachrichten","tag-aktuelle-news","tag-alexander-schochin","tag-angriff","tag-brand","tag-donezbecken","tag-drohne","tag-dschidda","tag-financial-times","tag-headlines","tag-iran","tag-kiew","tag-kreml","tag-mark-rutte","tag-militaer","tag-mohammed-bin-salman","tag-moskau","tag-nachrichten","tag-nato","tag-news","tag-ostsee","tag-primorsk","tag-ria-novosti","tag-russland","tag-saudi-arabien","tag-schlagzeilen","tag-spende","tag-ukraine","tag-ukrainekrieg","tag-unmut","tag-usa","tag-ust-luga","tag-wladimir-putin","tag-wolodymyr-selenskyj","tag-x-ziel"],"share_on_mastodon":{"url":"https:\/\/pubeurope.com\/@de\/116298767579658394","error":""},"_links":{"self":[{"href":"https:\/\/www.europesays.com\/de\/wp-json\/wp\/v2\/posts\/899675","targetHints":{"allow":["GET"]}}],"collection":[{"href":"https:\/\/www.europesays.com\/de\/wp-json\/wp\/v2\/posts"}],"about":[{"href":"https:\/\/www.europesays.com\/de\/wp-json\/wp\/v2\/types\/post"}],"author":[{"embeddable":true,"href":"https:\/\/www.europesays.com\/de\/wp-json\/wp\/v2\/users\/2"}],"replies":[{"embeddable":true,"href":"https:\/\/www.europesays.com\/de\/wp-json\/wp\/v2\/comments?post=899675"}],"version-history":[{"count":0,"href":"https:\/\/www.europesays.com\/de\/wp-json\/wp\/v2\/posts\/899675\/revisions"}],"wp:featuredmedia":[{"embeddable":true,"href":"https:\/\/www.europesays.com\/de\/wp-json\/wp\/v2\/media\/899676"}],"wp:attachment":[{"href":"https:\/\/www.europesays.com\/de\/wp-json\/wp\/v2\/media?parent=899675"}],"wp:term":[{"taxonomy":"category","embeddable":true,"href":"https:\/\/www.europesays.com\/de\/wp-json\/wp\/v2\/categories?post=899675"},{"taxonomy":"post_tag","embeddable":true,"href":"https:\/\/www.europesays.com\/de\/wp-json\/wp\/v2\/tags?post=899675"}],"curies":[{"name":"wp","href":"https:\/\/api.w.org\/{rel}","templated":true}]}}