{"id":899685,"date":"2026-03-27T02:29:29","date_gmt":"2026-03-27T02:29:29","guid":{"rendered":"https:\/\/www.europesays.com\/de\/899685\/"},"modified":"2026-03-27T02:29:29","modified_gmt":"2026-03-27T02:29:29","slug":"labubu-geschaeft-in-europa-passage-oeffnet-heute-ansturm-erwartet","status":"publish","type":"post","link":"https:\/\/www.europesays.com\/de\/899685\/","title":{"rendered":"Labubu-Gesch\u00e4ft in Europa-Passage \u00f6ffnet heute \u2013 Ansturm erwartet"},"content":{"rendered":"<p>Europa Passage <\/p>\n<p>Gehyptes Pl\u00fcschtier bekommt neuen Laden in Hamburg<\/p>\n<p>Aktualisiert am 27.03.2026 &#8211; 03:05 UhrLesedauer: 2 Min.<\/p>\n<p><a href=\"#focus-0\" class=\"transition-colors duration-200 block text-current relative\" data-sctrack=\"FocusGalleryImage.Reference\"><img fetchpriority=\"high\" data-testid=\"Opener.Image\" style=\"--lqipURL:url('https:\/\/images.t-online.de\/2026\/03\/0nvCmU5Go21a\/78x59:3628x2041\/fit-in\/150x0\/filters:blur(25)\/die-trendigen-plueschtiere-gibt-es-bald-auch-in-hamburg-zu-kaufen.jpg')\"   loading=\"eager\" src=\"https:\/\/www.europesays.com\/de\/wp-content\/uploads\/2026\/03\/die-trendigen-plueschtiere-gibt-es-bald-auch-in-hamburg-zu-kaufen.jpg\" alt=\"&quot;Labubus&quot; in einem Gesch\u00e4ft in Bangkok\" title=\"&quot;Labubus&quot; in einem Gesch\u00e4ft in Bangkok\" width=\"3628\" height=\"2041\" class=\"bg-[url:var(--lqipURL)] bg-cover bg-center flex h-full w-full max-w-full\" decoding=\"async\"\/><img style=\"--width:32;--height:32\" loading=\"lazy\" src=\"https:\/\/hamburg.t-online.de\/s\/paper\/_next\/static\/media\/zoom-in.f7dae02f.svg\" alt=\"Vergr\u00f6\u00dfern des Bildes\" title=\"Vergr\u00f6\u00dfern des Bildes\" class=\"block h-[calc(var(--height)_\/_16_*_1rem)] w-[calc(var(--width)_\/_16_*_1rem)] max-w-none absolute bottom-8 right-8 rounded-4 bg-snow p-8\" decoding=\"async\"\/><\/a><\/p>\n<p>&#8222;Labubus&#8220; in einem Gesch\u00e4ft in Bangkok: Die trendigen Pl\u00fcschtiere gibt es bald auch in Hamburg zu kaufen. (Quelle: IMAGO\/Patrick Chengzhi Wang\/imago)<\/p>\n<p class=\"font-bold text-18 leading-17 user-text-lg:text-22 user-text-xl:text-24\">Die kultigen &#8222;Labubu&#8220;-Pl\u00fcschfiguren kommen nach Hamburg. In der Europa Passage er\u00f6ffnet am Freitag ein &#8222;Pop-Mart&#8220;-Store \u2013 und der Centermanager r\u00fcstet sich bereits f\u00fcr den Ansturm.<\/p>\n<p class=\"text-18 leading-17 user-text-lg:text-22 user-text-xl:text-24\">Bunt, auff\u00e4llig und mit frechem Grinsen: Die beliebten Pl\u00fcschfiguren &#8222;Labubus&#8220; kommen nach Hamburg. In die Europa Passage zieht ein neuer Laden ein: &#8222;Pop Mart&#8220; soll dort am 27. M\u00e4rz er\u00f6ffnen, wie das &#8222;Hamburger Abendblatt&#8220; berichtet.<\/p>\n<p class=\"text-18 leading-17 user-text-lg:text-22 user-text-xl:text-24\">Der Laden hat sich auf Designer-Spielzeug und Sammelfiguren spezialisiert. Zum Sortiment geh\u00f6ren vorwiegend Sammelfiguren wie &#8222;Labubu&#8220; oder &#8222;Molly&#8220;. Au\u00dferdem bietet der Shop weitere Pl\u00fcschtiere und Accessoires an, die sich eines enormen Hypes erfreuen \u2013 wie sich bei der Er\u00f6ffnung voraussichtlich zeigen wird.<\/p>\n<p class=\"text-18 leading-17 user-text-lg:text-22 user-text-xl:text-24\">Laut &#8222;Abendblatt&#8220; habe der Centermanager der Europa Passage Karsten B\u00e4rschneider zus\u00e4tzliches Sicherheitspersonal f\u00fcr den Er\u00f6ffnungstag bestellt, da er selbst mit zahlreichen Kunden vor Ostern rechnet.<\/p>\n<p class=\"text-18 leading-17 user-text-lg:text-22 user-text-xl:text-24\">Der Laden \u00f6ffnet zwischen der Parf\u00fcmerie &#8222;Schuback&#8220; und dem Kleidungsgesch\u00e4ft &#8222;Gilly Hicks&#8220; im zweiten Erdgeschoss der beliebten Europa Passage. Damit bezieht er die ehemalige Tamaris-Ladenfl\u00e4che.<\/p>\n<p class=\"text-18 leading-17 user-text-lg:text-22 user-text-xl:text-24\">Ziel der meisten Besucher ist es, den Store mit einem &#8222;Labubu&#8220; zu verlassen. Dabei sind die Preise f\u00fcr die kleinen Pl\u00fcschtiere, die viele Jugendliche an ihren Taschen tragen, hoch. Zwar sind vereinzelte &#8222;Labubus&#8220; bereits ab 30 Euro erh\u00e4ltlich, es gibt aber auch Sammlerst\u00fccke, die \u00fcber Tausend Euro wert sind.<\/p>\n<p class=\"text-18 leading-17 user-text-lg:text-22 user-text-xl:text-24\">Die teuerste &#8222;Labubu&#8220;-Figur wurde \u00fcber Ebay f\u00fcr umgerechnet etwa 9.000 Euro verkauft. Inzwischen gibt es au\u00dferdem lebensgro\u00dfe &#8222;Labubus&#8220;, die teils sogar f\u00fcr mehr als 100.000 Euro verkauft werden.<\/p>\n","protected":false},"excerpt":{"rendered":"Europa Passage Gehyptes Pl\u00fcschtier bekommt neuen Laden in Hamburg Aktualisiert am 27.03.2026 &#8211; 03:05 UhrLesedauer: 2 Min. &#8222;Labubus&#8220;&hellip;\n","protected":false},"author":2,"featured_media":899686,"comment_status":"","ping_status":"","sticky":false,"template":"","format":"standard","meta":{"footnotes":"","_share_on_mastodon":"0"},"categories":[3933],"tags":[331,332,296,548,663,158,3934,3935,692,46690,13,14,15,197671,83039,12,12832,521,197670],"class_list":["post-899685","post","type-post","status-publish","format-standard","has-post-thumbnail","category-eu","tag-aktuelle-nachrichten","tag-aktuelle-news","tag-berlin","tag-eu","tag-europa","tag-europaeische-union","tag-europe","tag-european-union","tag-hamburg","tag-hamburger-abendblatt","tag-headlines","tag-nachrichten","tag-news","tag-pluesch","tag-pop-mart","tag-schlagzeilen","tag-shoppingcenter","tag-spielzeug","tag-trendprodukt"],"share_on_mastodon":{"url":"https:\/\/pubeurope.com\/@de\/116298787536170126","error":""},"_links":{"self":[{"href":"https:\/\/www.europesays.com\/de\/wp-json\/wp\/v2\/posts\/899685","targetHints":{"allow":["GET"]}}],"collection":[{"href":"https:\/\/www.europesays.com\/de\/wp-json\/wp\/v2\/posts"}],"about":[{"href":"https:\/\/www.europesays.com\/de\/wp-json\/wp\/v2\/types\/post"}],"author":[{"embeddable":true,"href":"https:\/\/www.europesays.com\/de\/wp-json\/wp\/v2\/users\/2"}],"replies":[{"embeddable":true,"href":"https:\/\/www.europesays.com\/de\/wp-json\/wp\/v2\/comments?post=899685"}],"version-history":[{"count":0,"href":"https:\/\/www.europesays.com\/de\/wp-json\/wp\/v2\/posts\/899685\/revisions"}],"wp:featuredmedia":[{"embeddable":true,"href":"https:\/\/www.europesays.com\/de\/wp-json\/wp\/v2\/media\/899686"}],"wp:attachment":[{"href":"https:\/\/www.europesays.com\/de\/wp-json\/wp\/v2\/media?parent=899685"}],"wp:term":[{"taxonomy":"category","embeddable":true,"href":"https:\/\/www.europesays.com\/de\/wp-json\/wp\/v2\/categories?post=899685"},{"taxonomy":"post_tag","embeddable":true,"href":"https:\/\/www.europesays.com\/de\/wp-json\/wp\/v2\/tags?post=899685"}],"curies":[{"name":"wp","href":"https:\/\/api.w.org\/{rel}","templated":true}]}}