{"id":899728,"date":"2026-03-27T02:53:20","date_gmt":"2026-03-27T02:53:20","guid":{"rendered":"https:\/\/www.europesays.com\/de\/899728\/"},"modified":"2026-03-27T02:53:20","modified_gmt":"2026-03-27T02:53:20","slug":"vorfall-nach-vfb-spiel-in-esslingen-vier-eintracht-fans-attackiert-angreifer-waren-wohl-vfb-ultras","status":"publish","type":"post","link":"https:\/\/www.europesays.com\/de\/899728\/","title":{"rendered":"Vorfall nach VfB-Spiel in Esslingen: Vier Eintracht-Fans attackiert \u2013 Angreifer waren wohl VfB-Ultras"},"content":{"rendered":"<p>\t\t\t\t\t\t\t\t\t\t\t\t\t\t\t\t\t\t\t\t\t\t\t\t\t\t\t\t      \t\t            \t\t             \t\t\t\t   \t\t\t\t\t   <img decoding=\"async\" id=\"article-image\" fetchpriority=\"high\" alt=\"Vorfall nach VfB-Spiel in Esslingen: Vier Eintracht-Fans attackiert \u2013 Angreifer waren wohl VfB-Ultras\" title=\"Vorfall nach VfB-Spiel in Esslingen: Vier Eintracht-Fans attackiert \u2013 Angreifer waren wohl VfB-Ultras\" src=\"https:\/\/www.europesays.com\/de\/wp-content\/uploads\/2026\/03\/media.media.c2c787cb-c57a-4d75-bc4c-c734fba1be20.16x9_700.jpg\" data-linkto=\"https:\/\/www.stuttgarter-nachrichten.de\/javascript:void(0);\"\/>\t\t\t\t\t\t\t\t\t\t\t\t\t\t\t\t\t\t\t\t\t\t\t\tDie Tatverd\u00e4chtigen stammen aus der Hooligan- und Ultra-Szene des VfB Stuttgart (Symbolbilder).\u00a0Foto: IMAGO\/Sportfoto Rudel, Rolf Vennenbernd\/dpa\t\t\t<\/p>\n<p>Im Januar werden vier Eintracht-Fans nach einem VfB-Spiel in Esslingen von einer gro\u00dfen Gruppe angegriffen und verletzt. Jetzt wurden Tatverd\u00e4chtige ermittelt.<\/p>\n<p>Nachdem im Januar nach einem VfB-Spiel vier Fans von <a href=\"https:\/\/www.stuttgarter-nachrichten.de\/thema\/Eintracht_Frankfurt\" title=\"Eintracht Frankfurt\" class=\"art_thema\" rel=\"nofollow noopener\" target=\"_blank\">Eintracht Frankfurt<\/a> am Bahnhof Oberesslingen angegriffen worden waren, sind nun Tatverd\u00e4chtige ermittelt worden: Sie geh\u00f6ren zur Hooligan- und Ultra-Szene des <a href=\"https:\/\/www.stuttgarter-nachrichten.de\/thema\/VfB_Stuttgart\" title=\"VfB Stuttgart\" class=\"art_thema\" rel=\"nofollow noopener\" target=\"_blank\">VfB Stuttgart<\/a>, wie die Staatsanwaltschaft und die <a href=\"https:\/\/www.stuttgarter-nachrichten.de\/thema\/Polizei\" title=\"Polizei\" class=\"art_thema\" rel=\"nofollow noopener\" target=\"_blank\">Polizei<\/a> Stuttgart mitteilen.<\/p>\n<p>Im Januar hatte nach dem VfB-Spiel gegen Eintracht Frankfurt eine gr\u00f6\u00dfere Gruppe vier Fans der G\u00e4stemannschaft in <a href=\"https:\/\/www.stuttgarter-nachrichten.de\/thema\/Esslingen\" title=\"Esslingen\" class=\"art_thema\" rel=\"nofollow noopener\" target=\"_blank\">Esslingen<\/a> angegriffen und beraubt. Die Fans waren gerade dabei, an ihrem Auto ihre Fankleidung abzulegen, als sie eine Gruppe aus 30 bis 40 M\u00e4nnern angegriffen haben soll, wie damals die Polizei berichtete. <\/p>\n<p>  Zwei Eintracht-Fans m\u00fcssen in einem Krankenhaus behandelt werden <\/p>\n<p>Nach Angaben der Polizei wurden zwei der vier Fans der G\u00e4stemannschaft im Alter zwischen 20 und 21 Jahren so schwer verletzt, dass sie in einer Klinik behandelt werden mussten. Au\u00dferdem sollen die Angreifer einem der Eintracht-Fans einen Fahrzeugschl\u00fcssel und einen Geldbeutel geraubt haben. Die Angegriffenen fl\u00fcchteten in ihr Fahrzeug, daraufhin schlugen die Unbekannten eine Seitenscheibe ein und klauten au\u00dferdem Kleidungsst\u00fccke und Fanartikel aus dem ge\u00f6ffneten Kofferraum des Autos.<\/p>\n<p><img decoding=\"async\" class=\"meinvfbIcon\" src=\"https:\/\/www.stuttgarter-nachrichten.de\/media.media.0ea35dc3-cd0f-4f5f-9738-e5db772ac229.original.svg\"\/> <\/p>\n<p> Polizeibeamte durchsuchten am Mittwoch die Wohnungen von sieben Tatverd\u00e4chtigen im Alter von 23 bis 34 Jahren in Stuttgart, Calw, Fellbach und Renningen. Bei den Durchsuchungen beschlagnahmten die Ermittler Beweismaterial, das nun ausgewertet werden muss. Die Tatverd\u00e4chtigen wurden nach Abschluss der polizeilichen Ma\u00dfnahmen wieder auf freien Fu\u00df gesetzt.<\/p>\n","protected":false},"excerpt":{"rendered":"Die Tatverd\u00e4chtigen stammen aus der Hooligan- und Ultra-Szene des VfB Stuttgart (Symbolbilder).\u00a0Foto: IMAGO\/Sportfoto Rudel, Rolf Vennenbernd\/dpa Im Januar&hellip;\n","protected":false},"author":2,"featured_media":899729,"comment_status":"","ping_status":"","sticky":false,"template":"","format":"standard","meta":{"footnotes":"","_share_on_mastodon":"0"},"categories":[1830],"tags":[2140,1634,3364,29,460,3439,30,56065,121,3440,8248,5321,1441,10439,2915],"class_list":["post-899728","post","type-post","status-publish","format-standard","has-post-thumbnail","category-stuttgart","tag-angriff","tag-baden-wuerttemberg","tag-de","tag-deutschland","tag-eintracht-frankfurt","tag-esslingen","tag-germany","tag-hooligans","tag-polizei","tag-polizeibericht-region-stuttgart","tag-polizeibericht-stuttgart","tag-stadt-esslingen","tag-stuttgart","tag-ultras","tag-vfb-stuttgart"],"share_on_mastodon":{"url":"https:\/\/pubeurope.com\/@de\/116298881909360364","error":""},"_links":{"self":[{"href":"https:\/\/www.europesays.com\/de\/wp-json\/wp\/v2\/posts\/899728","targetHints":{"allow":["GET"]}}],"collection":[{"href":"https:\/\/www.europesays.com\/de\/wp-json\/wp\/v2\/posts"}],"about":[{"href":"https:\/\/www.europesays.com\/de\/wp-json\/wp\/v2\/types\/post"}],"author":[{"embeddable":true,"href":"https:\/\/www.europesays.com\/de\/wp-json\/wp\/v2\/users\/2"}],"replies":[{"embeddable":true,"href":"https:\/\/www.europesays.com\/de\/wp-json\/wp\/v2\/comments?post=899728"}],"version-history":[{"count":0,"href":"https:\/\/www.europesays.com\/de\/wp-json\/wp\/v2\/posts\/899728\/revisions"}],"wp:featuredmedia":[{"embeddable":true,"href":"https:\/\/www.europesays.com\/de\/wp-json\/wp\/v2\/media\/899729"}],"wp:attachment":[{"href":"https:\/\/www.europesays.com\/de\/wp-json\/wp\/v2\/media?parent=899728"}],"wp:term":[{"taxonomy":"category","embeddable":true,"href":"https:\/\/www.europesays.com\/de\/wp-json\/wp\/v2\/categories?post=899728"},{"taxonomy":"post_tag","embeddable":true,"href":"https:\/\/www.europesays.com\/de\/wp-json\/wp\/v2\/tags?post=899728"}],"curies":[{"name":"wp","href":"https:\/\/api.w.org\/{rel}","templated":true}]}}