{"id":899913,"date":"2026-03-27T04:36:18","date_gmt":"2026-03-27T04:36:18","guid":{"rendered":"https:\/\/www.europesays.com\/de\/899913\/"},"modified":"2026-03-27T04:36:18","modified_gmt":"2026-03-27T04:36:18","slug":"luke-littler-pfeile-krimi-um-das-darts-wunderkind-vor-berlin-knaller-sport","status":"publish","type":"post","link":"https:\/\/www.europesays.com\/de\/899913\/","title":{"rendered":"Luke Littler: Pfeile-Krimi um das Darts-Wunderkind vor Berlin-Knaller | Sport"},"content":{"rendered":"<p><a class=\"skip-content skip-content--link\" href=\"#in-content-skip-link-target-v-0-0\">TTS-Player \u00fcberspringen\u21b5<\/a><a id=\"in-content-skip-link-target-v-0-0\" class=\"skip-content--target-link-hidden skip-content skip-content--target-link\" href=\"#in-content-skip-link-target-v-0-0\">Artikel weiterlesen<\/a><\/p>\n<p><b>Der Premier-League-Trip nach Berlin begann f\u00fcr Darts-Wunderkind <\/b><a href=\"https:\/\/www.bild.de\/sport\/mehr-sport\/darts-luke-littler-gewinnt-premier-league-in-berlin-69c5a004af187d606b8145e7\" class=\"text-link\" rel=\"nofollow noopener\" target=\"_blank\"><b>Luke Littler (19)<\/b><\/a><b> mit \u00c4rger am Flughafen! Der Doppel-Weltmeister bekam seine Pfeile am Mittwoch beim Abflug in England pl\u00f6tzlich nicht durch die Sicherheitskontrolle. Anders als sonst durften seine schwarzen Spitzen nicht mit an Bord \u2013 sie mussten zur\u00fcckbleiben. Gemeint sind die vorderen Metallspitzen der Darts, die im Board stecken bleiben.<\/b><\/p>\n<p>F\u00fcr Littler ein echtes Problem, denn im <a href=\"https:\/\/www.bild.de\/sport\/mehr-sport\/darts\/startseite-darts-49279462.bild.html\" class=\"text-link\" rel=\"nofollow noopener\" target=\"_blank\">Darts<\/a> entscheiden oft kleinste Details \u00fcber Sieg oder Niederlage. Ohne seine gewohnten Spitzen ging es f\u00fcr den 19-J\u00e4hrigen zun\u00e4chst nach Berlin.<\/p>\n<p>Immerhin bekam Littler schnell Hilfe: Direkt nach der Landung organisierte sein Ausr\u00fcster Target Ersatz. Der Dartshop Berlin in Gesundbrunnen versorgte ihn mit goldenen und silbernen Spitzen, baugleich \u2013 doch nicht perfekt f\u00fcr den Ausnahmespieler.<\/p>\n<p>Littler wollte \u201eseine\u201c Spitzen haben! \u00dcber Ausr\u00fcster Target lie\u00df er am Morgen des Spieltags kurzerhand seine gewohnten schwarzen Spitzen aus der Heimat einfliegen.<\/p>\n<p>Mehr zum ThemaLittler dominiert in Berlin<\/p>\n<p>Es sollte sich lohnen. Die Spitzen kamen rechtzeitig an \u2013 und am Abend steckten sie dann auch wieder dort, wo sie hingeh\u00f6ren: im Board. Und wie! Vor 12.000 Fans in der Berliner Uber Arena gewann Littler den 8. Spieltag der Premier League und zeigte einmal mehr, warum er aktuell kaum zu stoppen ist.<\/p>\n<p>Im Finale gegen Michael van Gerwen z\u00fcndete der 19-J\u00e4hrige ein echtes Feuerwerk und demonstrierte seine Extraklasse eindrucksvoll. Gleich zweimal checkte Littler 170 Punkte \u2013 das h\u00f6chstm\u00f6gliche Finish im Darts \u2013 und brachte die Halle damit zum Kochen.<\/p>\n<p>F\u00fcr den Tagessieg kassierte das Wunderkind 10.000 Pfund (rund 11.500 Euro) und schob sich damit an die Spitze der Premier-League-Tabelle. F\u00fcr den Gesamtsieg winken am Ende sogar 350.000 Pfund (etwa 405.000 Euro). Der Flughafen-\u00c4rger? Am Ende nur eine Randnotiz in einer weiteren Littler-Show.<\/p>\n","protected":false},"excerpt":{"rendered":"TTS-Player \u00fcberspringen\u21b5Artikel weiterlesen Der Premier-League-Trip nach Berlin begann f\u00fcr Darts-Wunderkind Luke Littler (19) mit \u00c4rger am Flughafen! Der&hellip;\n","protected":false},"author":2,"featured_media":899914,"comment_status":"","ping_status":"","sticky":false,"template":"","format":"standard","meta":{"footnotes":"","_share_on_mastodon":"0"},"categories":[136],"tags":[5500,3867,5498,5499,29,30,265,45,5501],"class_list":["post-899913","post","type-post","status-publish","format-standard","has-post-thumbnail","category-sport","tag-dart-sportler","tag-darts","tag-darts-ereignisse","tag-darts-wm","tag-deutschland","tag-germany","tag-sport","tag-texttospeech","tag-van-gerwen-michael"],"share_on_mastodon":{"url":"https:\/\/pubeurope.com\/@de\/116299286697392692","error":""},"_links":{"self":[{"href":"https:\/\/www.europesays.com\/de\/wp-json\/wp\/v2\/posts\/899913","targetHints":{"allow":["GET"]}}],"collection":[{"href":"https:\/\/www.europesays.com\/de\/wp-json\/wp\/v2\/posts"}],"about":[{"href":"https:\/\/www.europesays.com\/de\/wp-json\/wp\/v2\/types\/post"}],"author":[{"embeddable":true,"href":"https:\/\/www.europesays.com\/de\/wp-json\/wp\/v2\/users\/2"}],"replies":[{"embeddable":true,"href":"https:\/\/www.europesays.com\/de\/wp-json\/wp\/v2\/comments?post=899913"}],"version-history":[{"count":0,"href":"https:\/\/www.europesays.com\/de\/wp-json\/wp\/v2\/posts\/899913\/revisions"}],"wp:featuredmedia":[{"embeddable":true,"href":"https:\/\/www.europesays.com\/de\/wp-json\/wp\/v2\/media\/899914"}],"wp:attachment":[{"href":"https:\/\/www.europesays.com\/de\/wp-json\/wp\/v2\/media?parent=899913"}],"wp:term":[{"taxonomy":"category","embeddable":true,"href":"https:\/\/www.europesays.com\/de\/wp-json\/wp\/v2\/categories?post=899913"},{"taxonomy":"post_tag","embeddable":true,"href":"https:\/\/www.europesays.com\/de\/wp-json\/wp\/v2\/tags?post=899913"}],"curies":[{"name":"wp","href":"https:\/\/api.w.org\/{rel}","templated":true}]}}