{"id":900137,"date":"2026-03-27T06:39:35","date_gmt":"2026-03-27T06:39:35","guid":{"rendered":"https:\/\/www.europesays.com\/de\/900137\/"},"modified":"2026-03-27T06:39:35","modified_gmt":"2026-03-27T06:39:35","slug":"preisgekroente-pflanzen-aus-dem-berggarten-beim-welt-treffen-der-orchideen-szene","status":"publish","type":"post","link":"https:\/\/www.europesays.com\/de\/900137\/","title":{"rendered":"Preisgekr\u00f6nte Pflanzen aus dem Berggarten beim Welt-Treffen der Orchideen-Szene"},"content":{"rendered":"<p><a href=\"https:\/\/www.hannover-entdecken.de\/wp-content\/uploads\/2026\/03\/Ann-Kathrin_Becker_DendrobiumcHerrenhaeuserGaerten.jpg\" rel=\"nofollow noopener\" target=\"_blank\"><img loading=\"lazy\" decoding=\"async\" aria-describedby=\"caption-attachment-109318\" class=\"size-medium wp-image-109318\" src=\"https:\/\/www.europesays.com\/de\/wp-content\/uploads\/2026\/03\/Ann-Kathrin_Becker_DendrobiumcHerrenhaeuserGaerten-225x300.jpg\" alt=\"G\u00e4rtnerin Ann-Kathrin Becker mit der preisgekr\u00f6nten Dendrobium speciosum-Orchidee\" width=\"225\" height=\"300\"  \/><\/a><\/p>\n<p id=\"caption-attachment-109318\" class=\"wp-caption-text\">G\u00e4rtnerin Ann-Kathrin Becker mit der preisgekr\u00f6nten Dendrobium speciosum-Orchidee<\/p>\n<p>Auf der 24. Welt-Orchideen-Konferenz (WOC) in Dresden bestaunen die Besucher*innen atemberaubende Orchideen aus aller Welt. Auch bl\u00fchende Prachtexemplare aus den <a href=\"https:\/\/www.hannover-entdecken.de\/herrenhaeuser-gaerten\/\" data-internallinksmanager029f6b8e52c=\"3735\" title=\"Herrenh\u00e4user G\u00e4rten - Das barocke Highlight in Hannover\" rel=\"nofollow noopener\" target=\"_blank\">Herrenh\u00e4user G\u00e4rten<\/a> in Hannover sind darunter.<\/p>\n<p>Die <a href=\"https:\/\/www.hannover-entdecken.de\/veranstaltungen-hannover\/\" data-internallinksmanager029f6b8e52c=\"3964\" title=\"Veranstaltungen Hannover\" rel=\"nofollow noopener\" target=\"_blank\">Veranstaltung<\/a> , die vom 26. bis 29. M\u00e4rz auf dem Dresdner <a href=\"https:\/\/www.hannover-entdecken.de\/messegelaende-hannover\/\" data-internallinksmanager029f6b8e52c=\"2446\" title=\"Messegel\u00e4nde\" rel=\"nofollow noopener\" target=\"_blank\">Messegel\u00e4nde<\/a> stattfindet, ist ein Muss f\u00fcr alle Liebhaber*innen von Orchideen. Hier treffen sich 500 Ausstellerinnen aus Europa und \u00dcbersee und zeigen ihre sch\u00f6nsten Pflanzen. Zum ersten Mal dabei ist ein Ausstellungsstand der Herrenh\u00e4user G\u00e4rten mit ausgew\u00e4hlten Orchideen aus dem <a href=\"https:\/\/www.hannover-entdecken.de\/berggarten-hannover\/\" data-internallinksmanager029f6b8e52c=\"3733\" title=\"Berggarten Hannover - Botanischer Garten mit gro\u00dfer Pflanzenvielfalt\" rel=\"nofollow noopener\" target=\"_blank\">Berggarten<\/a> \u2013 und gleich mit gro\u00dfem Erfolg: Die internationale Jury der WOC verlieh den Herrenhausen-Pflanzen sieben Auszeichnungen. Die \u00fcppig bl\u00fchende Dendrobium speciosum wurde sogar als Champion ausgezeichnet, ein Ritterschlag in der Szene. Sie ist auch im Orchideenhaus des Berggartens zu bewundern \u2013 Gartenmeister Nandino Baillot nennt sie liebevoll \u201eMonsterorchidee\u201c.<\/p>\n<p>Baillot und sein Team bauten \u00fcber mehrere Tage den Stand auf. Nach dem Motto \u201emehr ist mehr\u201c setzten sie rund 200 Orchideen ein. Asiatische Deko-Elemente wie Schirme, Bambus, eine Rikscha und eine Winkekatze setzen die Pflanzenpracht in Szene.<\/p>\n<p><a href=\"https:\/\/www.hannover-entdecken.de\/wp-content\/uploads\/2026\/03\/WOC-Stand-2cHerrenhaeuserGaerten.jpg\" rel=\"nofollow noopener\" target=\"_blank\"><img loading=\"lazy\" decoding=\"async\" data-attachment-id=\"109315\" data-orig-file=\"https:\/\/www.hannover-entdecken.de\/wp-content\/uploads\/2026\/03\/WOC-Stand-2cHerrenhaeuserGaerten.jpg\" data-orig-size=\"1200,900\" data-comments-opened=\"1\" data-image-meta=\"{&quot;aperture&quot;:&quot;0&quot;,&quot;credit&quot;:&quot;&quot;,&quot;camera&quot;:&quot;&quot;,&quot;caption&quot;:&quot;&quot;,&quot;created_timestamp&quot;:&quot;0&quot;,&quot;copyright&quot;:&quot;&quot;,&quot;focal_length&quot;:&quot;0&quot;,&quot;iso&quot;:&quot;0&quot;,&quot;shutter_speed&quot;:&quot;0&quot;,&quot;title&quot;:&quot;&quot;,&quot;orientation&quot;:&quot;0&quot;}\" data-image-title=\"Bl\u00fctenpracht auf dem Stand der Herrenh\u00e4user G\u00e4rten\" data-image-description=\"&lt;p&gt;Bl\u00fctenpracht auf dem Stand der Herrenh\u00e4user G\u00e4rten&lt;\/p&gt;&#10;\" data-medium-file=\"https:\/\/www.hannover-entdecken.de\/wp-content\/uploads\/2026\/03\/WOC-Stand-2cHerrenhaeuserGaerten-300x225.jpg\" data-large-file=\"https:\/\/www.hannover-entdecken.de\/wp-content\/uploads\/2026\/03\/WOC-Stand-2cHerrenhaeuserGaerten-1024x768.jpg\" src=\"https:\/\/www.europesays.com\/de\/wp-content\/uploads\/2026\/03\/WOC-Stand-2cHerrenhaeuserGaerten-321x241.jpg\" width=\"321\" height=\"241\" align=\"left\" title=\"Bl\u00fctenpracht auf dem Stand der Herrenh\u00e4user G\u00e4rten\"\/><\/a><\/p>\n<p>Bl\u00fctenpracht auf dem Stand der Herrenh\u00e4user G\u00e4rten<\/p>\n<p><a href=\"https:\/\/www.hannover-entdecken.de\/wp-content\/uploads\/2026\/03\/WOC-Stand-1cHerrenhaeuserGaerten.jpg\" rel=\"nofollow noopener\" target=\"_blank\"><img loading=\"lazy\" decoding=\"async\" data-attachment-id=\"109316\" data-orig-file=\"https:\/\/www.hannover-entdecken.de\/wp-content\/uploads\/2026\/03\/WOC-Stand-1cHerrenhaeuserGaerten.jpg\" data-orig-size=\"900,1200\" data-comments-opened=\"1\" data-image-meta=\"{&quot;aperture&quot;:&quot;0&quot;,&quot;credit&quot;:&quot;&quot;,&quot;camera&quot;:&quot;&quot;,&quot;caption&quot;:&quot;&quot;,&quot;created_timestamp&quot;:&quot;0&quot;,&quot;copyright&quot;:&quot;&quot;,&quot;focal_length&quot;:&quot;0&quot;,&quot;iso&quot;:&quot;0&quot;,&quot;shutter_speed&quot;:&quot;0&quot;,&quot;title&quot;:&quot;&quot;,&quot;orientation&quot;:&quot;0&quot;}\" data-image-title=\"Der Herrenh\u00e4user Stand auf der Welt-Orchideen-Konferenz\" data-image-description=\"&lt;p&gt;Der Herrenh\u00e4user Stand auf der Welt-Orchideen-Konferenz&lt;\/p&gt;&#10;\" data-medium-file=\"https:\/\/www.hannover-entdecken.de\/wp-content\/uploads\/2026\/03\/WOC-Stand-1cHerrenhaeuserGaerten-225x300.jpg\" data-large-file=\"https:\/\/www.hannover-entdecken.de\/wp-content\/uploads\/2026\/03\/WOC-Stand-1cHerrenhaeuserGaerten-768x1024.jpg\" src=\"https:\/\/www.europesays.com\/de\/wp-content\/uploads\/2026\/03\/WOC-Stand-1cHerrenhaeuserGaerten-181x241.jpg\" width=\"181\" height=\"241\" align=\"left\" title=\"Der Herrenh\u00e4user Stand auf der Welt-Orchideen-Konferenz\"\/><\/a><\/p>\n<p>Der Herrenh\u00e4user Stand auf der Welt-Orchideen-Konferenz<\/p>\n<p><a href=\"https:\/\/www.hannover-entdecken.de\/wp-content\/uploads\/2026\/03\/Dendrobium-SchauhauscHerrenhaeuserGaerten.jpg\" rel=\"nofollow noopener\" target=\"_blank\"><img loading=\"lazy\" decoding=\"async\" data-attachment-id=\"109317\" data-orig-file=\"https:\/\/www.hannover-entdecken.de\/wp-content\/uploads\/2026\/03\/Dendrobium-SchauhauscHerrenhaeuserGaerten.jpg\" data-orig-size=\"1200,900\" data-comments-opened=\"1\" data-image-meta=\"{&quot;aperture&quot;:&quot;0&quot;,&quot;credit&quot;:&quot;&quot;,&quot;camera&quot;:&quot;&quot;,&quot;caption&quot;:&quot;&quot;,&quot;created_timestamp&quot;:&quot;0&quot;,&quot;copyright&quot;:&quot;&quot;,&quot;focal_length&quot;:&quot;0&quot;,&quot;iso&quot;:&quot;0&quot;,&quot;shutter_speed&quot;:&quot;0&quot;,&quot;title&quot;:&quot;&quot;,&quot;orientation&quot;:&quot;0&quot;}\" data-image-title=\"\u201eMonsterorchidee\u201c Dendrobium speciosum im Schauhaus des Berggartens.\" data-image-description=\"&lt;p&gt;\u201eMonsterorchidee\u201c Dendrobium speciosum im Schauhaus des Berggartens.&lt;\/p&gt;&#10;\" data-medium-file=\"https:\/\/www.hannover-entdecken.de\/wp-content\/uploads\/2026\/03\/Dendrobium-SchauhauscHerrenhaeuserGaerten-300x225.jpg\" data-large-file=\"https:\/\/www.hannover-entdecken.de\/wp-content\/uploads\/2026\/03\/Dendrobium-SchauhauscHerrenhaeuserGaerten-1024x768.jpg\" src=\"https:\/\/www.europesays.com\/de\/wp-content\/uploads\/2026\/03\/Dendrobium-SchauhauscHerrenhaeuserGaerten-321x241.jpg\" width=\"321\" height=\"241\" align=\"left\" title=\"\u201eMonsterorchidee\u201c Dendrobium speciosum im Schauhaus des Berggartens.\"\/><\/a><\/p>\n<p>\u201eMonsterorchidee\u201c Dendrobium speciosum im Schauhaus des Berggartens.<\/p>\n<p>Der Berggarten in Herrenhausen beherbergt eine der gr\u00f6\u00dften Orchideensammlungen der Welt mit etwa 25000 Pflanzen aus 3000 Arten und 800 Sorten. Zwischen 300 und 800 bl\u00fchende Pflanzen sind stets im Schauhaus des Berggartens zu erleben.<\/p>\n<p>Neben Nandino Baillot komplettieren Ulrike Gessert, Jonathan Jesiek und Ann-Kathrin Becker das Herrenh\u00e4user Team bei der Welt-Orchideen-Konferenz.<br \/>(WOC in Dresden, 26. bis 29. M\u00e4rz 2026, 10 bis 18 Uhr, Informationen: <a href=\"http:\/\/www.woc-2026.com\" target=\"_blank\" rel=\"noopener nofollow\">www.woc-2026.com<\/a>.)<\/p>\n<p class=\"isc_image_list_title\">Bildquellen:<\/p>\n<ul class=\"isc_image_list\">\n<li>G\u00e4rtnerin Ann-Kathrin Becker mit der preisgekr\u00f6nten Dendrobium speciosum-Orchidee: \u00a9 Herrenh\u00e4user G\u00e4rten<\/li>\n<li>Bl\u00fctenpracht auf dem Stand der Herrenh\u00e4user G\u00e4rten: \u00a9 Herrenh\u00e4user G\u00e4rten<\/li>\n<li>Der Herrenh\u00e4user Stand auf der Welt-Orchideen-Konferenz: \u00a9 Herrenh\u00e4user G\u00e4rten<\/li>\n<li>\u201eMonsterorchidee\u201c Dendrobium speciosum im Schauhaus des Berggartens.: \u00a9 Herrenh\u00e4user G\u00e4rten<\/li>\n<li>Fr\u00fchling im Berggarten: www.hannover-entdecken.de<\/li>\n<li>Schauh\u00e4user im Berggarten: www.hannover-entdecken.de<\/li>\n<li>Visualisierung des neuen Schauhaus: Stadt Hannover<\/li>\n<\/ul>\n<p><a href=\"https:\/\/www.hannover-entdecken.de\/author\/pressemitteilung-stadt\/\" title=\"Alle Artikel von Pressemitteilung Stadt Hannover\" rel=\"nofollow noopener\" target=\"_blank\">Pressemitteilung Stadt Hannover<\/a>                                <\/p>\n","protected":false},"excerpt":{"rendered":"G\u00e4rtnerin Ann-Kathrin Becker mit der preisgekr\u00f6nten Dendrobium speciosum-Orchidee Auf der 24. Welt-Orchideen-Konferenz (WOC) in Dresden bestaunen die Besucher*innen&hellip;\n","protected":false},"author":2,"featured_media":900138,"comment_status":"","ping_status":"","sticky":false,"template":"","format":"standard","meta":{"footnotes":"","_share_on_mastodon":"0"},"categories":[1836],"tags":[18527,3364,29,30,46,10693,10688,1411],"class_list":["post-900137","post","type-post","status-publish","format-standard","has-post-thumbnail","category-hannover","tag-berggarten","tag-de","tag-deutschland","tag-germany","tag-hannover","tag-herrenhausen","tag-herrenhaeuser-gaerten","tag-niedersachsen"],"share_on_mastodon":{"url":"https:\/\/pubeurope.com\/@de\/116299770768342138","error":""},"_links":{"self":[{"href":"https:\/\/www.europesays.com\/de\/wp-json\/wp\/v2\/posts\/900137","targetHints":{"allow":["GET"]}}],"collection":[{"href":"https:\/\/www.europesays.com\/de\/wp-json\/wp\/v2\/posts"}],"about":[{"href":"https:\/\/www.europesays.com\/de\/wp-json\/wp\/v2\/types\/post"}],"author":[{"embeddable":true,"href":"https:\/\/www.europesays.com\/de\/wp-json\/wp\/v2\/users\/2"}],"replies":[{"embeddable":true,"href":"https:\/\/www.europesays.com\/de\/wp-json\/wp\/v2\/comments?post=900137"}],"version-history":[{"count":0,"href":"https:\/\/www.europesays.com\/de\/wp-json\/wp\/v2\/posts\/900137\/revisions"}],"wp:featuredmedia":[{"embeddable":true,"href":"https:\/\/www.europesays.com\/de\/wp-json\/wp\/v2\/media\/900138"}],"wp:attachment":[{"href":"https:\/\/www.europesays.com\/de\/wp-json\/wp\/v2\/media?parent=900137"}],"wp:term":[{"taxonomy":"category","embeddable":true,"href":"https:\/\/www.europesays.com\/de\/wp-json\/wp\/v2\/categories?post=900137"},{"taxonomy":"post_tag","embeddable":true,"href":"https:\/\/www.europesays.com\/de\/wp-json\/wp\/v2\/tags?post=900137"}],"curies":[{"name":"wp","href":"https:\/\/api.w.org\/{rel}","templated":true}]}}