{"id":900164,"date":"2026-03-27T06:54:17","date_gmt":"2026-03-27T06:54:17","guid":{"rendered":"https:\/\/www.europesays.com\/de\/900164\/"},"modified":"2026-03-27T06:54:17","modified_gmt":"2026-03-27T06:54:17","slug":"idee-fuers-heizen-aus-stuttgart-bleibt-die-badewanne-mit-einer-etagen-waermepumpe-kalt","status":"publish","type":"post","link":"https:\/\/www.europesays.com\/de\/900164\/","title":{"rendered":"Idee f\u00fcrs Heizen aus Stuttgart: Bleibt die Badewanne mit einer Etagen-W\u00e4rmepumpe kalt?"},"content":{"rendered":"<p>\t\t\t\t\t\t\t\t\t\t\t\t\t\t\t\t\t\t\t\t\t\t\t\t\t\t\t\t      \t\t            \t\t             \t\t\t\t   \t\t\t\t\t   <img decoding=\"async\" id=\"article-image\" fetchpriority=\"high\" alt=\"Idee f\u00fcrs Heizen aus Stuttgart: Bleibt die Badewanne mit einer Etagen-W\u00e4rmepumpe kalt?\" title=\"Idee f\u00fcrs Heizen aus Stuttgart: Bleibt die Badewanne mit einer Etagen-W\u00e4rmepumpe kalt?\" src=\"https:\/\/www.europesays.com\/de\/wp-content\/uploads\/2026\/03\/media.media.acc33b95-5855-4869-9279-627b087a9c2b.16x9_700.jpg\" data-linkto=\"https:\/\/www.stuttgarter-nachrichten.de\/javascript:void(0);\"\/>\t\t\t\t\t\t\t\t\t\t\t\t\t\t\t\t\t\t\t\t\t\t\t\tDie beiden Gr\u00fcnder des Stuttgarter Start-ups Heatpump23: Georg Barbunopulos (l.) und Frederik Janzen\u00a0Foto: Judith A. S\u00e4gesser\t\t\t<\/p>\n<p>Als Ersatz f\u00fcr Gas-Etagenheizungen sind in Stuttgart seit Neuestem Etagen-W\u00e4rmepumpen auf dem Markt. Die innovative Technologie hat Fans, ein paar Punkte m\u00fcssen Nutzer aber beachten.<\/p>\n<p>Seit dieser Woche <a href=\"https:\/\/www.stuttgarter-nachrichten.de\/inhalt.heatpump23-aus-stuttgart-neue-etagen-waermepumpe-erstmals-in-stuttgart-installiert.a0bcf2f7-19f7-45cd-8121-87df9c71960b.html\" target=\"_blank\" rel=\"nofollow noopener\">werden die ersten Etagen-W\u00e4rmepumpen<\/a> des Start-ups Heatpump23 in <a href=\"https:\/\/www.stuttgarter-nachrichten.de\/thema\/Stuttgart\" title=\"Stuttgart\" class=\"art_thema\" rel=\"nofollow noopener\" target=\"_blank\">Stuttgart<\/a> installiert. Es handelt sich dabei nach Herstellerangaben um einen Eins-zu-eins-Ersatz <a href=\"https:\/\/www.stuttgarter-nachrichten.de\/inhalt.waermepumpen-in-stuttgart-city-wand-waermepumpen-in-stuttgarter-innenstadt-vermieter-nennt-amt-baupolizei.48b480b8-da47-40cc-8131-e5052c79277a.html\" target=\"_blank\" rel=\"nofollow noopener\">f\u00fcr eine Gas-Etagenheizung<\/a>. Damit <a href=\"https:\/\/www.stuttgarter-nachrichten.de\/inhalt.start-up-aus-baden-wuerttemberg-etagen-waermepumpe-ist-beste-idee-2025.fe908d33-09a2-4e47-818e-f06081c27dfa.html\" target=\"_blank\" rel=\"nofollow noopener\">die innovative L\u00f6sung,<\/a> die heizt und Warmwasser bereitstellt, von ihrer Leistung her ausreicht, sind von Nutzern ein paar Dinge zu beachten.<\/p>\n<p>  <img decoding=\"async\" loading=\"lazy\" src=\"https:\/\/www.europesays.com\/de\/wp-content\/uploads\/2026\/03\/media.media.2e5b1dd0-3d93-4dc0-9908-6f6ebf748f6a.original1024.media.jpeg\"\/>     Neu installierte Etagen-  <a href=\"https:\/\/www.stuttgarter-nachrichten.de\/thema\/W%C3%A4rmepumpe\" title=\"W\u00e4rmepumpe\" class=\"art_thema\" rel=\"nofollow noopener\" target=\"_blank\">W\u00e4rmepumpe<\/a> in Stuttgart-Sillenbuch    Foto: Lichtgut\/Christian Hass    Wie gro\u00df darf die Wohnung maximal sein? <\/p>\n<p>Die neuen Etagen-W\u00e4rmepumpen des Stuttgarter Start-ups Heatpump23 eignen sich nicht f\u00fcr alle Wohnungen \u2013 besonders gro\u00dfe scheiden aus. Die Technologie ist aktuell f\u00fcr Wohnungen mit bis zu 110 Quadratmetern ausgelegt. Heatpump23 schlie\u00dft aber nicht aus, dass sie die Technik an dieser Stelle noch weiterentwickeln werden.<\/p>\n<p>Was gibt es beim Duschen mit Etagen-W\u00e4rmepumpe zu beachten? <\/p>\n<p>Ein anderer Punkt ist, dass es die Kapazit\u00e4t der Etagen-W\u00e4rmepumpe nicht zul\u00e4sst, dass f\u00fcnf Leute direkt nacheinander duschen. Daf\u00fcr ist der Warmwasser-Speicher in der Inneneinheit schlicht zu klein. Hei\u00dft, es sollten entweder weniger Bewohner zu Hause sein, oder sie sollten sich mit dem Duschen zeitlich abstimmen.<\/p>\n<p>Ist die Badewanne mit Etagen-W\u00e4rmepumpe pass\u00e9? <\/p>\n<p>Die Aussage mancher Installateure, mit einer Etagen-W\u00e4rmepumpe lasse sich keine warme Badewanne f\u00fcllen, sei ein Ger\u00fccht, sagt Frederik Janzen, einer der beiden Gr\u00fcnder von Heatpump23. Man m\u00fcsse den Speicher dann einfach vorher h\u00f6her einstellen als f\u00fcrs Duschen \u2013 etwa auf 55 Grad Celsius.<\/p>\n<p>Etwa 448 000 Wohnungen in Baden-W\u00fcrttemberg werden mit einer <a href=\"https:\/\/www.stuttgarter-nachrichten.de\/thema\/Gas\" title=\"Gas\" class=\"art_thema\" rel=\"nofollow noopener\" target=\"_blank\">Gas<\/a>-Etagenheizung warm gehalten. In ganz Deutschland sind es knapp 4,9 Millionen St\u00fcck, was 11,6 Prozent entspricht. Das hat eine Studie des Bundesverbands der Energie- und Wasserwirtschaft ergeben. <\/p>\n<p>Die <a href=\"https:\/\/www.stuttgarter-nachrichten.de\/inhalt.heatpump23-aus-stuttgart-innovative-etagen-waermepumpe-ist-jetzt-auf-dem-markt.4cfe8f61-ad2e-476a-88a3-291df6e4285c.html\" target=\"_blank\" rel=\"nofollow noopener\">Etagen-W\u00e4rmepumpe des Stuttgarter Start-ups<\/a> kostet aktuell zwischen 20.000 und 25.000 Euro \u2013 und dieser Betrag ist f\u00f6rderf\u00e4hig. Die ersten Chargen sollen vor allem in Stuttgart und Heilbronn installiert werden; in Heilbronn sitzt das junge Unternehmen mittlerweile.<\/p>\n","protected":false},"excerpt":{"rendered":"Die beiden Gr\u00fcnder des Stuttgarter Start-ups Heatpump23: Georg Barbunopulos (l.) und Frederik Janzen\u00a0Foto: Judith A. S\u00e4gesser Als Ersatz&hellip;\n","protected":false},"author":2,"featured_media":900165,"comment_status":"","ping_status":"","sticky":false,"template":"","format":"standard","meta":{"footnotes":"","_share_on_mastodon":"0"},"categories":[1830],"tags":[1634,16279,3364,29,1213,30,11387,632,1441,5329,1139],"class_list":["post-900164","post","type-post","status-publish","format-standard","has-post-thumbnail","category-stuttgart","tag-baden-wuerttemberg","tag-badewanne","tag-de","tag-deutschland","tag-gas","tag-germany","tag-heizen","tag-heizung","tag-stuttgart","tag-video","tag-waermepumpe"],"share_on_mastodon":{"url":"https:\/\/pubeurope.com\/@de\/116299829657997025","error":""},"_links":{"self":[{"href":"https:\/\/www.europesays.com\/de\/wp-json\/wp\/v2\/posts\/900164","targetHints":{"allow":["GET"]}}],"collection":[{"href":"https:\/\/www.europesays.com\/de\/wp-json\/wp\/v2\/posts"}],"about":[{"href":"https:\/\/www.europesays.com\/de\/wp-json\/wp\/v2\/types\/post"}],"author":[{"embeddable":true,"href":"https:\/\/www.europesays.com\/de\/wp-json\/wp\/v2\/users\/2"}],"replies":[{"embeddable":true,"href":"https:\/\/www.europesays.com\/de\/wp-json\/wp\/v2\/comments?post=900164"}],"version-history":[{"count":0,"href":"https:\/\/www.europesays.com\/de\/wp-json\/wp\/v2\/posts\/900164\/revisions"}],"wp:featuredmedia":[{"embeddable":true,"href":"https:\/\/www.europesays.com\/de\/wp-json\/wp\/v2\/media\/900165"}],"wp:attachment":[{"href":"https:\/\/www.europesays.com\/de\/wp-json\/wp\/v2\/media?parent=900164"}],"wp:term":[{"taxonomy":"category","embeddable":true,"href":"https:\/\/www.europesays.com\/de\/wp-json\/wp\/v2\/categories?post=900164"},{"taxonomy":"post_tag","embeddable":true,"href":"https:\/\/www.europesays.com\/de\/wp-json\/wp\/v2\/tags?post=900164"}],"curies":[{"name":"wp","href":"https:\/\/api.w.org\/{rel}","templated":true}]}}