{"id":900212,"date":"2026-03-27T07:21:15","date_gmt":"2026-03-27T07:21:15","guid":{"rendered":"https:\/\/www.europesays.com\/de\/900212\/"},"modified":"2026-03-27T07:21:15","modified_gmt":"2026-03-27T07:21:15","slug":"vorwurf-der-versuchten-morde-bundesanwaltschaft-erhebt-anklage-gegen-fruehere-raf-terroristin-klette","status":"publish","type":"post","link":"https:\/\/www.europesays.com\/de\/900212\/","title":{"rendered":"Vorwurf der versuchten Morde: Bundesanwaltschaft erhebt Anklage gegen fr\u00fchere RAF-Terroristin Klette"},"content":{"rendered":"<p>Vorwurf der versuchten MordeBundesanwaltschaft erhebt Anklage gegen fr\u00fchere RAF-Terroristin Klette <\/p>\n<p>26.03.2026, 22:04 Uhr <\/p>\n<p>Artikel anh\u00f6ren(03:05 min)<\/p>\n<p><img decoding=\"async\" class=\"Image_img__fQCi0 Image_Img_16_9__4BLfH widget-picture-inline_maximizable__t_E7h\" loading=\"eager\" fetchpriority=\"high\" src=\"https:\/\/www.europesays.com\/de\/wp-content\/uploads\/2026\/03\/Die-Angeklagte-Daniela-Klette-erscheint-im-provisorischen-Saal-des-Landgerichts-Verden-Klette-werden.webp\" alt=\"Die-Angeklagte-Daniela-Klette-erscheint-im-provisorischen-Saal-des-Landgerichts-Verden-Klette-werden-versuchter-Mord-und-mehrere-Raubueberfaelle-zur-Last-gelegt-die-sie-gemeinsam-mit-Komplizen-begangen-haben-soll-An-diesem-Verhandlungstag-soll-erstmals-vor-Gericht-ueber-einen-Ueberfall-am-2-Januar-2015-in-Osnabrueck-gesprochen-werden\"\/>Daniela Klette an einem Verhandlungstag im provisorischen Saal des Landgerichts Verden. (Foto: picture alliance\/dpa)TeilenFolgen auf:<a href=\"https:\/\/www.whatsapp.com\/channel\/0029Va5cdVJD8SDp5YZgYF01\" title=\"Auf WhatsApp folgen\" target=\"_blank\" rel=\"nofollow noopener\"><img decoding=\"async\" src=\"https:\/\/www.n-tv.de\/socialIcons\/whatsapp.svg\" alt=\"whatsapp\" class=\"ArticleShare_icon__FsrC2\"\/><\/a><a href=\"https:\/\/news.google.com\/publications\/CAAiEPMdif5mpRNxiLOeUpHCwwsqFAgKIhDzHYn-ZqUTcYiznlKRwsML?hl=de&amp;gl=DE&amp;ceid=DE%3Ade\" title=\"Auf Google News folgen\" target=\"_blank\" rel=\"nofollow noopener\"><img decoding=\"async\" src=\"https:\/\/www.n-tv.de\/socialIcons\/google.svg\" alt=\"whatsapp\" class=\"ArticleShare_icon__FsrC2\"\/><\/a><\/p>\n<p class=\"Typography_text-m__XI0da Typography_weight-bold__uT6mq storyline_lead_text_leadtext__q_wg8\">Daniela Klette werden versuchter Mord und mehrere Raub\u00fcberf\u00e4lle zur Last gelegt. Die ehemalige RAF-Terroristin soll die Taten gemeinsam mit Komplizen begangen haben. In Verden l\u00e4uft seit einem Jahr der Prozess. Nun schaltet sich die Bundesanwaltschaft\u00a0ein.  <\/p>\n<p class=\"Typography_text-default__P3otY Typography_weight-normal__pqUbH storyline_paragraph_p__qSR5N\">Die Bundesanwaltschaft in Karlsruhe hat offenbar Anklage gegen die fr\u00fchere RAF-Terroristin Daniela Klette erhoben. Der 67-J\u00e4hrigen wird unter anderem 20-facher versuchter Mord im Zusammenhang mit einem Schusswaffenangriff auf die US-Botschaft in Bonn im Jahr 1991 vorgeworfen. Zuerst berichteten NDR, WDR und &#8222;S\u00fcddeutsche Zeitung&#8220; (SZ) unter Berufung auf gemeinsame Recherchen.<\/p>\n<p class=\"Typography_text-default__P3otY Typography_weight-normal__pqUbH storyline_paragraph_p__qSR5N\">Bei dem Angriff 1991 sollen Klette und zwei weitere Beteiligte mit Maschinengewehren mindestens 250 Sch\u00fcsse auf die Botschaft abgegeben haben. Verletzt wurde damals niemand. Klette soll auch an einem Sprengstoffanschlag auf einen Gef\u00e4ngnisneubau im hessischen Weiterstadt 1993 beteiligt gewesen sein. Das Geb\u00e4ude wurde schwer besch\u00e4digt. Es handelte sich um den letzten Anschlag, zu dem sich die RAF bekannte, bevor sie sich 1998 f\u00fcr aufgel\u00f6st erkl\u00e4rte.<\/p>\n<p class=\"Typography_text-default__P3otY Typography_weight-normal__pqUbH storyline_paragraph_p__qSR5N\">Zudem soll sich Klette wegen dreier versuchter Morde bei einem gescheiterten Sprengstoffanschlag auf ein Geb\u00e4ude der Deutschen Bank in Eschborn in Hessen im Jahr 1990 verantworten. Im dortigen Wachraum waren zu dem Zeitpunkt drei Sicherheitsbedienstete. Die Autobombe z\u00fcndete aber nicht. Im Umfeld aller drei Tatorte h\u00e4tten die Ermittler Haare oder DNA-Spuren gefunden, die Klette zugeordnet worden seien, berichteten NDR, WDR und SZ. Wie die DNA-Spuren dort hinkamen, sei unklar.<\/p>\n<p class=\"Typography_text-default__P3otY Typography_weight-normal__pqUbH storyline_paragraph_p__qSR5N\">Klettes Rechtsanw\u00e4lte erkl\u00e4rten den Berichten zufolge, dass die DNA-Nachermittlungen gegen Klette &#8222;gr\u00f6\u00dftenteils erfolglos&#8220; verlaufen seien. Die Bundesanwaltschaft st\u00fctze sich den Anw\u00e4lten zufolge wesentlich auf die Aussagen eines Zeugen, der schon in der Vergangenheit gelogen habe. Die Bundesanwaltschaft wollte sich auf Anfrage nicht \u00e4u\u00dfern.<\/p>\n<p class=\"Typography_text-default__P3otY Typography_weight-normal__pqUbH storyline_paragraph_p__qSR5N\">Nach mehr als 30 Jahren im Untergrund war Klette im Februar 2024 in Berlin festgenommen worden. Seit etwa einem Jahr steht sie bereits wegen mutma\u00dflicher Raub\u00fcberf\u00e4lle vor dem Landgericht im nieders\u00e4chsischen Verden. Die \u00dcberf\u00e4lle soll sie nach der Selbstaufl\u00f6sung der RAF gemeinsam mit den beiden weiterhin fl\u00fcchtigen RAF-Terroristen Burkhard Garweg und Ernst-Volker Staub begangen haben. Nach ihrer Festnahme wurde ihr auch der seit l\u00e4ngerer Zeit bestehende Haftbefehl der Bundesanwaltschaft er\u00f6ffnet.<\/p>\n<p class=\"Typography_text-s__wu_cm Typography_weight-normal__pqUbH Typography_color-darkgrey__sZEnP article-detail-footer_source__KslPc\">Quelle: ntv.de, gut\/AFP<\/p>\n","protected":false},"excerpt":{"rendered":"Vorwurf der versuchten MordeBundesanwaltschaft erhebt Anklage gegen fr\u00fchere RAF-Terroristin Klette 26.03.2026, 22:04 Uhr Artikel anh\u00f6ren(03:05 min) Daniela Klette&hellip;\n","protected":false},"author":2,"featured_media":900213,"comment_status":"","ping_status":"","sticky":false,"template":"","format":"standard","meta":{"footnotes":"","_share_on_mastodon":"0"},"categories":[2],"tags":[18330,29,30,13,1015,12623,14,15,16,18295,12,2544,10,8,9,11],"class_list":["post-900212","post","type-post","status-publish","format-standard","has-post-thumbnail","category-deutschland","tag-bundesanwaltschaft","tag-deutschland","tag-germany","tag-headlines","tag-justiz","tag-linksextremismus","tag-nachrichten","tag-news","tag-politik","tag-raf","tag-schlagzeilen","tag-terrorismus","tag-top-news","tag-top-meldungen","tag-topmeldungen","tag-topnews"],"share_on_mastodon":{"url":"https:\/\/pubeurope.com\/@de\/116299936027671345","error":""},"_links":{"self":[{"href":"https:\/\/www.europesays.com\/de\/wp-json\/wp\/v2\/posts\/900212","targetHints":{"allow":["GET"]}}],"collection":[{"href":"https:\/\/www.europesays.com\/de\/wp-json\/wp\/v2\/posts"}],"about":[{"href":"https:\/\/www.europesays.com\/de\/wp-json\/wp\/v2\/types\/post"}],"author":[{"embeddable":true,"href":"https:\/\/www.europesays.com\/de\/wp-json\/wp\/v2\/users\/2"}],"replies":[{"embeddable":true,"href":"https:\/\/www.europesays.com\/de\/wp-json\/wp\/v2\/comments?post=900212"}],"version-history":[{"count":0,"href":"https:\/\/www.europesays.com\/de\/wp-json\/wp\/v2\/posts\/900212\/revisions"}],"wp:featuredmedia":[{"embeddable":true,"href":"https:\/\/www.europesays.com\/de\/wp-json\/wp\/v2\/media\/900213"}],"wp:attachment":[{"href":"https:\/\/www.europesays.com\/de\/wp-json\/wp\/v2\/media?parent=900212"}],"wp:term":[{"taxonomy":"category","embeddable":true,"href":"https:\/\/www.europesays.com\/de\/wp-json\/wp\/v2\/categories?post=900212"},{"taxonomy":"post_tag","embeddable":true,"href":"https:\/\/www.europesays.com\/de\/wp-json\/wp\/v2\/tags?post=900212"}],"curies":[{"name":"wp","href":"https:\/\/api.w.org\/{rel}","templated":true}]}}