{"id":900285,"date":"2026-03-27T08:02:16","date_gmt":"2026-03-27T08:02:16","guid":{"rendered":"https:\/\/www.europesays.com\/de\/900285\/"},"modified":"2026-03-27T08:02:16","modified_gmt":"2026-03-27T08:02:16","slug":"wirtschaft-fordert-fusion-von-landesagenturen","status":"publish","type":"post","link":"https:\/\/www.europesays.com\/de\/900285\/","title":{"rendered":"Wirtschaft fordert Fusion von Landesagenturen"},"content":{"rendered":"<p><a href=\"https:\/\/www.europesays.com\/de\/wp-content\/uploads\/2025\/09\/Rohleder_IHK-DD_20241210_111959.jpg\"><img loading=\"lazy\" decoding=\"async\" class=\" wp-image-193056\" src=\"https:\/\/www.europesays.com\/de\/wp-content\/uploads\/2025\/09\/Rohleder_IHK-DD_20241210_111959.jpg\" alt=\"Lukas Rohleder. Foto: Heiko Weckbrodt\" width=\"633\" height=\"475\"  \/><\/a>Lukas Rohleder. Foto: Heiko Weckbrodt<\/p>\n<p>IHK Dresden verweist auf steigende Kosten f\u00fcr Beh\u00f6rden jenseits der s\u00e4chsischen Kernverwaltung<\/p>\n<p class=\"western\" align=\"left\"><strong>Dresden<\/strong>, 26. M\u00e4rz 2026. Im Streit um den B\u00fcrokratieapparat in Sachsen hat die Industrie- und Handelskammer (IHK) Dresden ihre Forderungen nach einem deutlichen Personalabbau und weniger Beh\u00f6rden erneuert.<\/p>\n<p>Stellenabbau gefordert<\/p>\n<p class=\"western\" align=\"left\">Erste Schritte seien recht bald notwendig, betont IHK-Hauptgesch\u00e4ftsf\u00fchrer Lukas Rohleder: \u201eDer Landeshaushalt 2026\/27 sollte sich auf Kernaufgaben konzentrieren\u201c, fordert er. N\u00f6tig sei eine Konsolidierung. Konkret fordern die s\u00e4chsischen IHKs einen Stellenabbau in den s\u00e4chsischen Beh\u00f6rden um 11.000 auf rund 80.000 K\u00f6pfe. Ein Weg dahin sei es, mehr Stellen nicht mehr zu besetzen, wenn Beh\u00f6rdenmitarbeiter in den Ruhestand gehen.<\/p>\n<p>Fokus soll auf Investitionen und Bildung liegen<\/p>\n<p class=\"western\" align=\"left\">Der Freistaat solle sich daf\u00fcr st\u00e4rker auf Investitionen, Bildung und \u00e4hnliche Zukunftsaufgaben fokussieren. Als erhaltenswert stufen die Kammern speziell auch die Landesausgaben f\u00fcr Duale Ausbildung, berufliche Weiterbildung, Lehrlings-Wohnheime und Berufsorientierung f\u00fcr Sch\u00fcler ein.<\/p>\n<p>Sparkurs: Wirtschaft will Agentur-Wildwuchs im Freistaat stoppen<\/p>\n<p class=\"western\" align=\"left\">Ein anderer Pfad f\u00fchre \u00fcber Fusionen: Wenn es nach der IHK geht, sollten Wirtschaftsf\u00f6rderung Sachsen, das \u201eZentrum f\u00fcr Fachkr\u00e4ftesicherung und Gute Arbeit Sachsen\u201c (Zefis), die Digitalagentur, die Energieagentur, Futuresax sowie die \u201eS\u00e4chsische Agentur f\u00fcr Regionale Lebensmittel\u201c (Agil) zu einer Zukunftsagentur verschmelzen, um Kosten zu sparen. Denn diese zus\u00e4tzlichen Agenturen, Beratungsstellen und Beh\u00f6rden jenseits der Kernverwaltung verursachen nach Kammereinsch\u00e4tzung stark wachsende Kosten f\u00fcr den Steuerzahler: Seit 2017 seien speziell diese Ausgaben um 80 Prozent auf 383 Millionen Euro gestiegen.<\/p>\n<p class=\"western\" align=\"left\">Autor: Heiko Weckbrodt<\/p>\n<p class=\"western\" align=\"left\">Quelle: IHK DD<\/p>\n<p><img loading=\"lazy\" decoding=\"async\" width=\"285\" height=\"284\" src=\"https:\/\/www.europesays.com\/de\/wp-content\/uploads\/2025\/04\/Oiger-001.jpg\" alt=\"Repro: Oiger, Original: Madeleine Arndt\" class=\"wp-image-80160\" style=\"width:130px;height:auto\"  \/><\/p>\n<p class=\"has-text-color has-link-color has-medium-font-size wp-elements-e7a7d44989b57757e168b6fff7193e32\" style=\"color:#185c84\"><strong>Ihre Unterst\u00fctzung f\u00fcr Oiger.de!<\/strong><\/p>\n<p class=\"has-text-color has-link-color wp-elements-918b69199ff2c1183b359612d6a15f37\" style=\"color:#154966\"><strong>Ohne hinreichende Finanzierung ist unabh\u00e4ngiger Journalismus nach professionellen Ma\u00dfst\u00e4ben nicht dauerhaft m\u00f6glich. Bitte unterst\u00fctzen Sie daher unsere Arbeit! Wenn Sie helfen wollen, Oiger.de aufrecht zu erhalten, senden Sie Ihren Beitrag mit dem Betreff \u201efreiwilliges Honorar\u201c via Paypal an:<\/strong><\/p>\n<p class=\"has-text-color has-link-color has-medium-font-size wp-elements-1d68a8c795acd498910475590afcb004\" style=\"color:#094d71\"><a href=\"http:\/\/paypal.me\/oigerDD\" rel=\"nofollow noopener\" target=\"_blank\"><strong>paypal.me\/oigerDD<\/strong><\/a><\/p>\n<p class=\"has-text-color has-link-color wp-elements-ff79d8b8ab8d3bdb7eb856fa4ab11715\" style=\"color:#104366\"><strong>Vielen Dank!<\/strong><\/p>\n","protected":false},"excerpt":{"rendered":"Lukas Rohleder. Foto: Heiko Weckbrodt IHK Dresden verweist auf steigende Kosten f\u00fcr Beh\u00f6rden jenseits der s\u00e4chsischen Kernverwaltung Dresden,&hellip;\n","protected":false},"author":2,"featured_media":446941,"comment_status":"","ping_status":"","sticky":false,"template":"","format":"standard","meta":{"footnotes":"","_share_on_mastodon":"0"},"categories":[1835],"tags":[39313,3364,29,2386,30,151222,115257,859,197766,4786,197767],"class_list":["post-900285","post","type-post","status-publish","format-standard","has-post-thumbnail","category-dresden","tag-buerokratieabbau","tag-de","tag-deutschland","tag-dresden","tag-germany","tag-haushaltskonsolidierung","tag-ihk-dresden","tag-sachsen","tag-stellenabbau-sachsen","tag-wirtschaftsfoerderung","tag-zukunftsagentur"],"share_on_mastodon":{"url":"https:\/\/pubeurope.com\/@de\/116300096986208367","error":""},"_links":{"self":[{"href":"https:\/\/www.europesays.com\/de\/wp-json\/wp\/v2\/posts\/900285","targetHints":{"allow":["GET"]}}],"collection":[{"href":"https:\/\/www.europesays.com\/de\/wp-json\/wp\/v2\/posts"}],"about":[{"href":"https:\/\/www.europesays.com\/de\/wp-json\/wp\/v2\/types\/post"}],"author":[{"embeddable":true,"href":"https:\/\/www.europesays.com\/de\/wp-json\/wp\/v2\/users\/2"}],"replies":[{"embeddable":true,"href":"https:\/\/www.europesays.com\/de\/wp-json\/wp\/v2\/comments?post=900285"}],"version-history":[{"count":0,"href":"https:\/\/www.europesays.com\/de\/wp-json\/wp\/v2\/posts\/900285\/revisions"}],"wp:featuredmedia":[{"embeddable":true,"href":"https:\/\/www.europesays.com\/de\/wp-json\/wp\/v2\/media\/446941"}],"wp:attachment":[{"href":"https:\/\/www.europesays.com\/de\/wp-json\/wp\/v2\/media?parent=900285"}],"wp:term":[{"taxonomy":"category","embeddable":true,"href":"https:\/\/www.europesays.com\/de\/wp-json\/wp\/v2\/categories?post=900285"},{"taxonomy":"post_tag","embeddable":true,"href":"https:\/\/www.europesays.com\/de\/wp-json\/wp\/v2\/tags?post=900285"}],"curies":[{"name":"wp","href":"https:\/\/api.w.org\/{rel}","templated":true}]}}