{"id":900413,"date":"2026-03-27T09:14:15","date_gmt":"2026-03-27T09:14:15","guid":{"rendered":"https:\/\/www.europesays.com\/de\/900413\/"},"modified":"2026-03-27T09:14:15","modified_gmt":"2026-03-27T09:14:15","slug":"sterbehilfe-in-spanien-endlich-gehen-aufhoeren-zu-leiden-25-jahre-alte-noelia-castillo-stirbt-durch-injektion","status":"publish","type":"post","link":"https:\/\/www.europesays.com\/de\/900413\/","title":{"rendered":"Sterbehilfe in Spanien: \u201eEndlich gehen, aufh\u00f6ren zu leiden\u201c \u2013 25 Jahre alte Noelia Castillo stirbt durch Injektion"},"content":{"rendered":"<p>Aktive Sterbehilfe ist in Spanien, anders als in Deutschland, bereits seit 2021 erlaubt. Ein neuer, extremer Fall sorgt nun f\u00fcr Diskussionen: Die 25 Jahre alte Noelia Castillo beantragte nach einem gescheiterten Suizidversuch den Freitod \u2013 gegen den Willen ihrer Eltern.<\/p>\n<p class=\"is-first-paragraph\" data-external=\"Article.FirstParagraph\">Der Tod einer jungen Frau durch aktive Sterbehilfe sorgt in Spanien f\u00fcr heftige Debatten. Die 25 Jahre alte Noelia Castillo erhielt am Donnerstagabend in einem Krankenhaus in Barcelona auf eigenen Wunsch und gegen den Willen ihrer Eltern eine t\u00f6dliche Spritze, wie das Gesundheitsministerium der Region Katalonien mitteilte. Sie hatte eine Querschnittl\u00e4hmung, die auf einen Suizidversuch im Jahr 2022 zur\u00fcckgeht.<\/p>\n<p>Castillo wuchs in einer zerr\u00fctteten Familie auf. Nach der Scheidung der Eltern verbrachte sie einen Gro\u00dfteil ihres Lebens unter staatlicher Obhut in Jugendhilfeeinrichtungen. Medienberichte, laut denen eine angebliche \u201eGruppenvergewaltigung\u201c durch Migranten Ausl\u00f6ser f\u00fcr einen sp\u00e4teren, gescheiterten Suizidversuch war, wurden offiziell und auch durch die Betroffene selbst so nicht best\u00e4tigt.<\/p>\n<p>Die spanische Zeitung <a class=\"is-link c-block-items__link is-external c-link--rich-text-renderer\" href=\"https:\/\/elpais.com\/sociedad\/2026-03-26\/los-bulos-sobre-noelia-castillo-de-la-violacion-de-menas-a-la-eutanasia-por-depresion.html?utm_source=chatgpt.com\" target=\"_blank\" title=\"(Link wird in einem neuen Tab ge\u00f6ffnet)\" rel=\"nofollow noopener\" data-internal-tracking-enabled=\"true\" data-internal-tracking=\"{&quot;action&quot;:&quot;click&quot;,&quot;label&quot;:&quot;link&quot;,&quot;name&quot;:&quot;Inline Element&quot;,&quot;data&quot;:{&quot;source&quot;:&quot;&quot;,&quot;target&quot;:&quot;https:\/\/elpais.com\/sociedad\/2026-03-26\/los-bulos-sobre-noelia-castillo-de-la-violacion-de-menas-a-la-eutanasia-por-depresion.html?utm_source=chatgpt.com&quot;,&quot;trackingName&quot;:&quot;&quot;,&quot;trackingLabel&quot;:&quot;&quot;}}\">\u201eEl Pais\u201c<\/a> zitierte aus Interviews der jungen Frau, in denen diese von sexuellem Missbrauch durch einen Ex-Partner und mehreren \u00dcbergriffen durch junge M\u00e4nner in Nachtclubs berichtet. Fest steht, dass Castillo unter Depressionen litt und im Jahr 2022 unter dem Einfluss von Drogen aus dem f\u00fcnften Stock eines Hochhauses sprang. Seitdem sa\u00df sie querschnittsgel\u00e4hmt im Rollstuhl und litt unter heftigen Schmerzen. 2024 beantragte die Spanierin erstmals Sterbehilfe bei den zust\u00e4ndigen Beh\u00f6rden \u2013 und diese stimmten zu.<\/p>\n<p>Castillo ist die j\u00fcngste Person, die in Spanien seit der Legalisierung vor knapp f\u00fcnf Jahren aktive Sterbehilfe in Anspruch nahm. Dies und auch die Tatsache, dass \u2013 anders als bei typischen Sterbehilfe-F\u00e4llen \u2013 ein psychisches Leiden nach schwerem Trauma eine zentrale Rolle spielte, l\u00f6ste viel Kritik unter anderem von konservativen Politikern und der katholischen Kirche aus. Auch ihre Eltern hatten \u2013 vergeblich \u2013 versucht, den Freitod der Tochter noch juristisch zu verhindern. <\/p>\n<p>Unterst\u00fctzt wurden sie dabei von den \u201eChristlichen Anw\u00e4lten\u201c, einer ultrakonservativen Interessengruppe. Ihr Argument: Castillos psychischer Zustand sei so labil, dass sie keine eigenst\u00e4ndige Entscheidung \u00fcber ihr Lebensende treffen k\u00f6nne. Anfang dieses Monats, nach einem fast zweij\u00e4hrigen Rechtsstreit vor regionalen und nationalen spanischen Gerichten, wies der Europ\u00e4ische Gerichtshof f\u00fcr Menschenrechte den Antrag von Noelia Castillo Vater auf Aussetzung der Sterbehilfe aber zur\u00fcck, wie unter anderem <a class=\"is-link c-block-items__link is-external c-link--rich-text-renderer\" href=\"https:\/\/www.theguardian.com\/society\/2026\/mar\/26\/spanish-woman-wins-legal-battle-to-end-her-life-under-euthanasia-law\" target=\"_blank\" title=\"(Link wird in einem neuen Tab ge\u00f6ffnet)\" rel=\"nofollow noopener\" data-internal-tracking-enabled=\"true\" data-internal-tracking=\"{&quot;action&quot;:&quot;click&quot;,&quot;label&quot;:&quot;link&quot;,&quot;name&quot;:&quot;Inline Element&quot;,&quot;data&quot;:{&quot;source&quot;:&quot;&quot;,&quot;target&quot;:&quot;https:\/\/www.theguardian.com\/society\/2026\/mar\/26\/spanish-woman-wins-legal-battle-to-end-her-life-under-euthanasia-law&quot;,&quot;trackingName&quot;:&quot;&quot;,&quot;trackingLabel&quot;:&quot;&quot;}}\">der britische \u201eGuardian\u201c berichtet. <\/a><\/p>\n<p>\u201eIch kann nicht mehr mit all dem, was mich in meinem Kopf qu\u00e4lt, was ich erlebt habe\u201c, hatte Castillo am Mittwoch in einem <a class=\"is-link c-block-items__link is-external c-link--rich-text-renderer\" href=\"https:\/\/www.antena3.com\/programas\/y-ahora-sonsoles\/noelia-castillo-defiende-derecho-recibir-eutanasia-estoy-plenas-facultades-puedo-decidir-misma_2026032669c55bff83aca52e0e3a5643.html\" target=\"_blank\" title=\"(Link wird in einem neuen Tab ge\u00f6ffnet)\" rel=\"nofollow noopener\" data-internal-tracking-enabled=\"true\" data-internal-tracking=\"{&quot;action&quot;:&quot;click&quot;,&quot;label&quot;:&quot;link&quot;,&quot;name&quot;:&quot;Inline Element&quot;,&quot;data&quot;:{&quot;source&quot;:&quot;&quot;,&quot;target&quot;:&quot;https:\/\/www.antena3.com\/programas\/y-ahora-sonsoles\/noelia-castillo-defiende-derecho-recibir-eutanasia-estoy-plenas-facultades-puedo-decidir-misma_2026032669c55bff83aca52e0e3a5643.html&quot;,&quot;trackingName&quot;:&quot;&quot;,&quot;trackingLabel&quot;:&quot;&quot;}}\">Interview des Fernsehsenders \u201eAntena 3\u201c<\/a> gesagt. Sie wolle \u201eendlich gehen, aufh\u00f6ren zu leiden\u201c und sich \u201eendlich ausruhen\u201c, sagte sie mit leiser, aber fester, sicherer Stimme.<\/p>\n<p>\u201eAntena 3\u201c berichtete, vor ihrem Tod habe sich Noelia Castillo im Krankenhaus von ihren Eltern, ihrer Oma m\u00fctterlicherseits, ihren beiden Schwestern, von zwei Freundinnen und einer Nonne, die sie unterst\u00fctzt habe, l\u00e4nger als geplant verabschiedet. Deshalb habe sich der Vollzug verz\u00f6gert, hie\u00df es.<\/p>\n<p>Parteisprecherin \u201etotal ersch\u00fcttert\u201c<\/p>\n<p>Wenige Stunden vor dem Vollzug hatte die Spanische Bischofskonferenz (CEE) bedauert, dass \u201eheute in Spanien der Tod als L\u00f6sung f\u00fcr Leid dargestellt wird\u201c. Die CEE sprach auf der Plattform X von einer \u201eWohlstandsgesellschaft\u201c, die \u201eunf\u00e4hig ist, zu pflegen und zu lieben\u201c. Konferenzpr\u00e4sident Luis Arg\u00fcello sagte: \u201eEin Arzt darf nicht zum ausf\u00fchrenden Arm eines Todesurteils werden, so legal, selbstbestimmt und mitf\u00fchlend es auch erscheinen mag.\u201c<\/p>\n<p>Als \u201eabsolutes Drama\u201c bezeichnete vor Journalisten die Sprecherin der konservativen Volkspartei PP von Oppositionsf\u00fchrer Alberto N\u00fa\u00f1ez Feij\u00f3o, Ester Mu\u00f1oz, den Fall. Sie sei \u201etotal ersch\u00fcttert\u201c. Der Staat habe versagt, f\u00fcgte sie in einem Beitrag auf X an. Der Fall m\u00fcsse die Gesellschaft dazu bringen, viele Dinge zu \u00fcberdenken. Vor dem Vollzug der Sterbehilfe versammelten sich Dutzende Menschen vor dem Krankenhaus zu einer Protestkundgebung. <\/p>\n<p>Aktive Sterbehilfe, also eine T\u00f6tung auf Verlangen, ist in Spanien f\u00fcr Erwachsene mit unheilbarem oder unertr\u00e4glichem Leiden seit 2021 erlaubt. W\u00e4hrend die Gegner der Anwendung in solchen F\u00e4llen vor ethischen Risiken insbesondere bei psychischen Leiden warnen, sehen Bef\u00fcrworter unter anderem in der linksgerichteten Regierung darin eine Best\u00e4tigung des Rechts auf Selbstbestimmung.<\/p>\n<p>Dem Antrag auf Sterbehilfe war von den zust\u00e4ndigen Beh\u00f6rden der Region Katalonien bereits im Sommer 2024 stattgegeben worden. Der Vater hatte mit Unterst\u00fctzung des Verbandes Christlicher Anw\u00e4lte versucht, die Durchf\u00fchrung zu verhindern. Doch alle Instanzen, darunter der Oberste Gerichtshof und das Verfassungsgericht in Spanien sowie zuletzt diese Woche auch der Europ\u00e4ische Gerichtshof f\u00fcr Menschenrechte (EGMR), wiesen seine Beschwerden zur\u00fcck.<\/p>\n<p>Aktive <a class=\"is-link c-block-items__link c-link--rich-text-renderer\" href=\"https:\/\/www.welt.de\/themen\/sterbehilfe\/\" data-internal-tracking-enabled=\"true\" data-internal-tracking=\"{&quot;action&quot;:&quot;click&quot;,&quot;label&quot;:&quot;link&quot;,&quot;name&quot;:&quot;Inline Element&quot;,&quot;data&quot;:{&quot;source&quot;:&quot;&quot;,&quot;target&quot;:&quot;https:\/\/www.welt.de\/themen\/sterbehilfe\/&quot;,&quot;trackingName&quot;:&quot;&quot;,&quot;trackingLabel&quot;:&quot;&quot;}}\" rel=\"nofollow noopener\" target=\"_blank\">Sterbehilfe<\/a> ist in Deutschland strafbar. Erlaubt ist aber der Abbruch lebenserhaltender Ma\u00dfnahmen, wenn das dem Willen des Patienten entspricht. Gleiches gilt f\u00fcr indirekte Sterbehilfe. Davon wird gesprochen, wenn es um die Schmerzlinderung geht und Patienten infolge der Medikamente fr\u00fcher sterben. Auch die Beihilfe zur Selbstt\u00f6tung ist straffrei\u00a0\u2013 sie kann in der Beschaffung oder Bereitstellung eines t\u00f6dlichen Mittels bestehen, das der Patient allerdings selbst einnimmt.<\/p>\n<p><b>Anmerkung der Redaktion: Dieser Artikel wurde nach dem Tod von Noelia Catillo noch einmal \u00fcberarbeitet und aktualisiert. <\/b><\/p>\n<p>Haben Sie suizidale Gedanken, oder haben Sie diese bei einem Angeh\u00f6rigen\/Bekannten festgestellt? Hilfe bietet die Telefonseelsorge: Anonyme Beratung erh\u00e4lt man rund um die Uhr unter den kostenlosen Nummern 0800 \/ 111 0 111 und 0800 \/ 111 0 222.<\/p>\n<p>Auch eine Beratung \u00fcber das Internet ist m\u00f6glich unter <a class=\"is-link c-block-items__link is-external c-link--rich-text-renderer\" href=\"https:\/\/www.telefonseelsorge.de\" target=\"_blank\" title=\"(Link wird in einem neuen Tab ge\u00f6ffnet)\" rel=\"nofollow noopener\" data-internal-tracking-enabled=\"true\" data-internal-tracking=\"{&quot;action&quot;:&quot;click&quot;,&quot;label&quot;:&quot;link&quot;,&quot;name&quot;:&quot;Inline Element&quot;,&quot;data&quot;:{&quot;source&quot;:&quot;&quot;,&quot;target&quot;:&quot;https:\/\/www.telefonseelsorge.de&quot;,&quot;trackingName&quot;:&quot;&quot;,&quot;trackingLabel&quot;:&quot;&quot;}}\">http:\/\/www.telefonseelsorge.de<\/a>. Eine Liste mit bundesweiten Hilfsstellen findet sich auf der Seite der Deutschen Gesellschaft f\u00fcr Suizidpr\u00e4vention.<\/p>\n<p>dpa\/kna\/jra\/saha\/krott<\/p>\n","protected":false},"excerpt":{"rendered":"Aktive Sterbehilfe ist in Spanien, anders als in Deutschland, bereits seit 2021 erlaubt. Ein neuer, extremer Fall sorgt&hellip;\n","protected":false},"author":2,"featured_media":899197,"comment_status":"","ping_status":"","sticky":false,"template":"","format":"standard","meta":{"footnotes":"","_share_on_mastodon":"0"},"categories":[5],"tags":[197566,331,332,3364,29,30,13,197567,14,15,110,12,4026,51704,45],"class_list":["post-900413","post","type-post","status-publish","format-standard","has-post-thumbnail","category-nachrichten","tag-aktive-sterbehilfe-ks","tag-aktuelle-nachrichten","tag-aktuelle-news","tag-de","tag-deutschland","tag-germany","tag-headlines","tag-injektionen-ks","tag-nachrichten","tag-news","tag-newsteam","tag-schlagzeilen","tag-spanien","tag-sterbehilfe","tag-texttospeech"],"share_on_mastodon":{"url":"https:\/\/pubeurope.com\/@de\/116300380140088856","error":""},"_links":{"self":[{"href":"https:\/\/www.europesays.com\/de\/wp-json\/wp\/v2\/posts\/900413","targetHints":{"allow":["GET"]}}],"collection":[{"href":"https:\/\/www.europesays.com\/de\/wp-json\/wp\/v2\/posts"}],"about":[{"href":"https:\/\/www.europesays.com\/de\/wp-json\/wp\/v2\/types\/post"}],"author":[{"embeddable":true,"href":"https:\/\/www.europesays.com\/de\/wp-json\/wp\/v2\/users\/2"}],"replies":[{"embeddable":true,"href":"https:\/\/www.europesays.com\/de\/wp-json\/wp\/v2\/comments?post=900413"}],"version-history":[{"count":0,"href":"https:\/\/www.europesays.com\/de\/wp-json\/wp\/v2\/posts\/900413\/revisions"}],"wp:featuredmedia":[{"embeddable":true,"href":"https:\/\/www.europesays.com\/de\/wp-json\/wp\/v2\/media\/899197"}],"wp:attachment":[{"href":"https:\/\/www.europesays.com\/de\/wp-json\/wp\/v2\/media?parent=900413"}],"wp:term":[{"taxonomy":"category","embeddable":true,"href":"https:\/\/www.europesays.com\/de\/wp-json\/wp\/v2\/categories?post=900413"},{"taxonomy":"post_tag","embeddable":true,"href":"https:\/\/www.europesays.com\/de\/wp-json\/wp\/v2\/tags?post=900413"}],"curies":[{"name":"wp","href":"https:\/\/api.w.org\/{rel}","templated":true}]}}